{"id":25189,"date":"2026-03-13T10:29:40","date_gmt":"2026-03-13T09:29:40","guid":{"rendered":"https:\/\/monde25.info\/index.php\/2026\/03\/13\/lart-de-durer-en-politique-par-lionel-richard-le-monde-diplomatique-mars-2026\/"},"modified":"2026-03-13T10:29:40","modified_gmt":"2026-03-13T09:29:40","slug":"lart-de-durer-en-politique-par-lionel-richard-le-monde-diplomatique-mars-2026","status":"publish","type":"post","link":"https:\/\/monde25.info\/index.php\/2026\/03\/13\/lart-de-durer-en-politique-par-lionel-richard-le-monde-diplomatique-mars-2026\/","title":{"rendered":"L\u2019art de durer en politique, par Lionel Richard (Le Monde diplomatique, mars 2026)"},"content":{"rendered":"<p> <br \/>\n<\/p>\n<div>\n<p class=\"crayon article-surtitre-69333 surtitre\">Paul Marchandeau, de l\u2019antiracisme \u00e0 la collaboration<\/p>\n<div class=\"crayon article-chapo-69333 chapo\">\n<p>Comment un parlementaire \u00ab<small class=\"fine\">\u00a0<\/small>de gauche<small class=\"fine\">\u00a0<\/small>\u00bb, engag\u00e9 dans le combat contre la haine raciste, a-t-il pu rallier Vichy et servir avec z\u00e8le le mar\u00e9chal<small class=\"fine\">\u00a0<\/small>? Moins atypique qu\u2019il n\u2019y para\u00eet, le cas de Paul Marchandeau (1882-1968) \u00e9claire le r\u00f4le des ambitions personnelles, des connivences notabiliaires et des r\u00e9seaux de pouvoir dans les ph\u00e9nom\u00e8nes de d\u00e9rive politique.<\/p>\n<\/div><\/div>\n<div couleurfade=\"e6e6e6\" couleurclaire=\"e6e6e6\" couleurpale=\"cccccc\" couleurmi=\"666666\" couleurfoncee=\"4d4d4d\" couleursombre=\"1a1a1a\" couleurfond=\"4c4c4c\" couleurtexte=\"ffffff\">\n<div class=\"enapercu\">\n<figure class=\"spip_document_41864 spip_documents spip_documents_center justecol\" style=\"width:650px;\">\n<div class=\"limage\">\n<p>\t\t\t<img loading=\"lazy\" decoding=\"async\" src=\"https:\/\/www.monde-diplomatique.fr\/\/local\/cache-vignettes\/L650xH1234\/img023-60-7e12e.jpg?1772119359\" width=\"650\" height=\"1234\" class=\"spip_logos\" alt=\"JPEG - 49.7\u00a0kio\"\/><\/p><\/div><figcaption>\n<\/figcaption><\/figure>\n<p><span class=\"mot-lettrine\"><span class=\"lettrine\">L<\/span>a<\/span> figure de l\u2019arriviste cynique n\u2019offre plus gu\u00e8re de quoi surprendre, et ce depuis longtemps. Au <span class=\"siecle\">XIX<sup class=\"typo_exposants\">e<\/sup><\/span>\u00a0si\u00e8cle, Alexandre Dumas dans <i>Gabriel Lambert,<\/i> \u00c9mile Zola dans <i>La Cur\u00e9e,<\/i> Guy de Maupassant dans <i>Bel-Ami<\/i> en ont d\u00e9fini les traits psychologiques majeurs, \u00e0 travers des personnages types d\u2019ambitieux \u00e0 tous crins.<\/p>\n<p>Pour les ann\u00e9es\u00a01930 et 1940, on en a un exemple singulier avec Paul Marchandeau (1882-1968). Ancien \u00e9l\u00e8ve du lyc\u00e9e Pierre-de-Fermat de Toulouse, il monte \u00e0 Paris et suit des \u00e9tudes de droit jusqu\u2019au doctorat. Il ouvre un cabinet d\u2019avocats, se lance dans la politique sous le chapeau du Parti radical-socialiste, collabore au journal de Reims <i>L\u2019\u00c9claireur de l\u2019Est.<\/i> Rapidement il se hausse \u00e0 sa direction. Le voici implant\u00e9 dans la Marne. Il est maire de Reims de 1925 \u00e0 1942, d\u00e9put\u00e9 \u00e0 partir de 1926, pr\u00e9sident du conseil g\u00e9n\u00e9ral \u00e0 partir de 1937. Et il est charg\u00e9 de hautes fonctions gouvernementales de 1930 \u00e0 1939.<\/p>\n<h3 class=\"spip\">D\u00e9jeuner avec P\u00e9tain<\/h3>\n<p>Qu\u2019ont retenu les historiens de cet itin\u00e9raire<small class=\"fine\">\u00a0<\/small>? Ils mentionnent Marchandeau pour les d\u00e9crets-lois de 1939 qui portent son nom. L\u2019homme occupe le poste de ministre de la justice du 1er\u00a0novembre\u00a01938 au 1er\u00a0septembre\u00a01939. Deux d\u00e9crets-lois sont promulgu\u00e9s sous sa tutelle. Le premier est cens\u00e9 compl\u00e9ter la loi de 1881 sur la libert\u00e9 de la presse (articles\u00a032 et 33, alin\u00e9a\u00a02)<small class=\"fine\">\u00a0<\/small>; le second porte sur la r\u00e9pression de la propagande \u00e9trang\u00e8re. Ces derniers ont \u00e9t\u00e9 adopt\u00e9s le 21\u00a0avril\u00a01939 par le gouvernement d\u2019\u00c9douard Daladier, face \u00e0 l\u2019accroissement du racisme ambiant. Ils pr\u00e9voient jusqu\u2019\u00e0 un an d\u2019emprisonnement \u00e0 l\u2019encontre de ceux qui, par <i>\u00ab<small class=\"fine\">\u00a0<\/small>la diffamation ou l\u2019injure commises envers un groupe de personnes appartenant par leur origine \u00e0 une race ou \u00e0 une religion d\u00e9termin\u00e9e,<\/i> (\u2026) <i>auront pour but d\u2019exciter la haine entre les citoyens ou les habitants<small class=\"fine\">\u00a0<\/small>\u00bb.<\/i> Ce qui vaut \u00e0 Marchandeau d\u2019\u00eatre aussit\u00f4t insult\u00e9 dans la presse d\u2019extr\u00eame droite\u00a0(\u2026)<\/p>\n<\/p><\/div>\n<p>Taille de l\u2019article complet\u00a0:\u00a0<span>1\u00a0318<\/span>\u00a0mots.<\/p>\n<div class=\"promo_dispo_article\">\n<h2 class=\"avantbloc\">\n\tCet article est r\u00e9serv\u00e9 aux\u00a0abonn\u00e9s<\/p>\n<\/h2>\n<div class=\"abo_inst\">\n\t<strong>Lyc\u00e9es, biblioth\u00e8ques, administrations, entreprises,<\/strong><br \/>\n\tacc\u00e9dez \u00e0 la base de donn\u00e9es en ligne de tous les articles du <i>Monde diplomatique<\/i> de 1954 \u00e0 nos\u00a0jours.<br \/>\n\t<a target=\"_blank\" id=\"pw-institutions\" class=\"suivi\" href=\"https:\/\/www.monde-diplomatique.fr\/archives\/institutions\">Retrouvez cette\u00a0offre sp\u00e9cifique<\/a>.\n<\/div>\n<\/div><\/div>\n<p><br \/>\n<br \/><a href=\"https:\/\/www.monde-diplomatique.fr\/2026\/03\/RICHARD\/69333\" target=\"_blank\"\">Source link <\/a><\/p>\n","protected":false},"excerpt":{"rendered":"<p>Paul Marchandeau, de l\u2019antiracisme \u00e0 la collaboration Comment un parlementaire \u00ab\u00a0de gauche\u00a0\u00bb, engag\u00e9 dans le combat contre la haine raciste, a-t-il pu rallier Vichy et servir avec z\u00e8le le mar\u00e9chal\u00a0?&hellip; <\/p>\n","protected":false},"author":1,"featured_media":25190,"comment_status":"open","ping_status":"open","sticky":false,"template":"","format":"standard","meta":{"footnotes":""},"categories":[1],"tags":[],"class_list":["post-25189","post","type-post","status-publish","format-standard","has-post-thumbnail","hentry","category-non-classe"],"_links":{"self":[{"href":"https:\/\/monde25.info\/index.php\/wp-json\/wp\/v2\/posts\/25189","targetHints":{"allow":["GET"]}}],"collection":[{"href":"https:\/\/monde25.info\/index.php\/wp-json\/wp\/v2\/posts"}],"about":[{"href":"https:\/\/monde25.info\/index.php\/wp-json\/wp\/v2\/types\/post"}],"author":[{"embeddable":true,"href":"https:\/\/monde25.info\/index.php\/wp-json\/wp\/v2\/users\/1"}],"replies":[{"embeddable":true,"href":"https:\/\/monde25.info\/index.php\/wp-json\/wp\/v2\/comments?post=25189"}],"version-history":[{"count":0,"href":"https:\/\/monde25.info\/index.php\/wp-json\/wp\/v2\/posts\/25189\/revisions"}],"wp:featuredmedia":[{"embeddable":true,"href":"https:\/\/monde25.info\/index.php\/wp-json\/wp\/v2\/media\/25190"}],"wp:attachment":[{"href":"https:\/\/monde25.info\/index.php\/wp-json\/wp\/v2\/media?parent=25189"}],"wp:term":[{"taxonomy":"category","embeddable":true,"href":"https:\/\/monde25.info\/index.php\/wp-json\/wp\/v2\/categories?post=25189"},{"taxonomy":"post_tag","embeddable":true,"href":"https:\/\/monde25.info\/index.php\/wp-json\/wp\/v2\/tags?post=25189"}],"curies":[{"name":"wp","href":"https:\/\/api.w.org\/{rel}","templated":true}]}}