{"id":25191,"date":"2026-03-13T11:02:39","date_gmt":"2026-03-13T10:02:39","guid":{"rendered":"https:\/\/monde25.info\/index.php\/2026\/03\/13\/municipales-les-luttes-locales-veulent-peser-dans-le-scrutin\/"},"modified":"2026-03-13T11:02:39","modified_gmt":"2026-03-13T10:02:39","slug":"municipales-les-luttes-locales-veulent-peser-dans-le-scrutin","status":"publish","type":"post","link":"https:\/\/monde25.info\/index.php\/2026\/03\/13\/municipales-les-luttes-locales-veulent-peser-dans-le-scrutin\/","title":{"rendered":"Municipales\u00a0: les luttes locales veulent peser dans le scrutin"},"content":{"rendered":"<p> <br \/>\n<br \/><img loading=\"lazy\" decoding=\"async\" src=\"https:\/\/reporterre.net\/local\/cache-vignettes\/L700xH467\/rid260308-13-f0a70.jpg?1773385200\" class=\"spip_logo\" width=\"700\" height=\"467\" alt=\"\" \/><\/p>\n<p>Municipales \u2014 Pour les collectifs de lutte, les \u00e9lections municipales sont un moment crucial. Les \u00e9lus locaux, pouss\u00e9s \u00e0 se positionner, peuvent jouer un r\u00f4le fondamental pour ou contre les projets \u00e9cocidaires. <br class=\"autobr\" \/><br \/>\nMontpellier (H\u00e9rault), reportage <br class=\"autobr\" \/><br \/>\nSous une pluie battante, cinq militants brandissent leurs pancartes potag\u00e8res. Tomate, poireau, carotte\u2026 S&rsquo;ils ont brav\u00e9 l&rsquo;averse, c&rsquo;est que le moment est crucial pour leur lutte. Dans quelques jours, les Montpelli\u00e9rains vont \u00e9lire une nouvelle\u00a0(\u2026)<\/p>\n<p>                    <a target=\"_blank\" href=\"https:\/\/reporterre.net\/Municipales-les-luttes-locales-veulent-peser-dans-le-scrutin?utm_source=RSS&amp;utm_medium=RSS\">Lire la suite<\/a><\/p>\n<p>                    &#8211;<br \/>\n                        <a target=\"_blank\" href=\"https:\/\/reporterre.net\/Reportage\" rel=\"directory\">Reportage<\/a><\/p>\n<p>                    \/<br \/>\n                        <a target=\"_blank\" href=\"https:\/\/reporterre.net\/Luttes\" rel=\"tag\">Luttes<\/a><br \/>\n                    ,<br \/>\n                        <a target=\"_blank\" href=\"https:\/\/reporterre.net\/Municipales-2026\" rel=\"tag\">Municipales 2026<\/a><br \/>\n<br \/><br \/>\n<br \/><a href=\"https:\/\/reporterre.net\/Municipales-les-luttes-locales-veulent-peser-dans-le-scrutin\" target=\"_blank\"\">Source link <\/a><\/p>\n","protected":false},"excerpt":{"rendered":"<p>Municipales \u2014 Pour les collectifs de lutte, les \u00e9lections municipales sont un moment crucial. Les \u00e9lus locaux, pouss\u00e9s \u00e0 se positionner, peuvent jouer un r\u00f4le fondamental pour ou contre les&hellip; <\/p>\n","protected":false},"author":1,"featured_media":0,"comment_status":"open","ping_status":"open","sticky":false,"template":"","format":"standard","meta":{"footnotes":""},"categories":[1],"tags":[],"class_list":["post-25191","post","type-post","status-publish","format-standard","hentry","category-non-classe"],"_links":{"self":[{"href":"https:\/\/monde25.info\/index.php\/wp-json\/wp\/v2\/posts\/25191","targetHints":{"allow":["GET"]}}],"collection":[{"href":"https:\/\/monde25.info\/index.php\/wp-json\/wp\/v2\/posts"}],"about":[{"href":"https:\/\/monde25.info\/index.php\/wp-json\/wp\/v2\/types\/post"}],"author":[{"embeddable":true,"href":"https:\/\/monde25.info\/index.php\/wp-json\/wp\/v2\/users\/1"}],"replies":[{"embeddable":true,"href":"https:\/\/monde25.info\/index.php\/wp-json\/wp\/v2\/comments?post=25191"}],"version-history":[{"count":0,"href":"https:\/\/monde25.info\/index.php\/wp-json\/wp\/v2\/posts\/25191\/revisions"}],"wp:attachment":[{"href":"https:\/\/monde25.info\/index.php\/wp-json\/wp\/v2\/media?parent=25191"}],"wp:term":[{"taxonomy":"category","embeddable":true,"href":"https:\/\/monde25.info\/index.php\/wp-json\/wp\/v2\/categories?post=25191"},{"taxonomy":"post_tag","embeddable":true,"href":"https:\/\/monde25.info\/index.php\/wp-json\/wp\/v2\/tags?post=25191"}],"curies":[{"name":"wp","href":"https:\/\/api.w.org\/{rel}","templated":true}]}}