{"id":25194,"date":"2026-03-13T12:08:43","date_gmt":"2026-03-13T11:08:43","guid":{"rendered":"https:\/\/monde25.info\/index.php\/2026\/03\/13\/irak-quatre-membres-dequipage-tues-dans-le-crash-de-lavion-ravitailleur-americain\/"},"modified":"2026-03-13T12:08:43","modified_gmt":"2026-03-13T11:08:43","slug":"irak-quatre-membres-dequipage-tues-dans-le-crash-de-lavion-ravitailleur-americain","status":"publish","type":"post","link":"https:\/\/monde25.info\/index.php\/2026\/03\/13\/irak-quatre-membres-dequipage-tues-dans-le-crash-de-lavion-ravitailleur-americain\/","title":{"rendered":"Irak : quatre membres d&rsquo;\u00e9quipage tu\u00e9s dans le crash de l&rsquo;avion ravitailleur am\u00e9ricain"},"content":{"rendered":"<p> <br \/>\n<\/p>\n<div>\n<p>Quatre membres d&rsquo;\u00e9quipage d&rsquo;un avion am\u00e9ricain de ravitaillement en carburant sont morts quand leur appareil s&rsquo;est \u00e9cras\u00e9 jeudi dans l&rsquo;ouest de l&rsquo;Irak, a annonc\u00e9 vendredi le commandement militaire am\u00e9ricain pour le Moyen-Orient.<\/p>\n<p>\u00ab\u00a0Aux environs de 18H00 GMT le 12 mars, un avion ravitailleur am\u00e9ricain KC\u2011135 s\u2019est \u00e9cras\u00e9 dans l\u2019ouest de l\u2019Irak. Quatre des six membres d\u2019\u00e9quipage pr\u00e9sents \u00e0 bord ont \u00e9t\u00e9 confirm\u00e9s morts, tandis que les op\u00e9rations de secours se poursuivent\u00a0\u00bb, a indiqu\u00e9 le Centcom dans un message post\u00e9 sur X.<\/p>\n<p>\u00ab\u00a0La perte de l&rsquo;appareil n\u2019est pas due \u00e0 des tirs ennemis ni \u00e0 des tirs amis\u00a0\u00bb,a tenu a insist\u00e9 le communiqu\u00e9.<\/p>\n<p>\u00ab\u00a0Les circonstances de l&rsquo;incident font l&rsquo;objet d&rsquo;une enqu\u00eate et l&rsquo;identit\u00e9 des militaires d\u00e9c\u00e9d\u00e9s sera gard\u00e9e confidentielle jusqu&rsquo;\u00e0 24 heures apr\u00e8s que leurs familles aient \u00e9t\u00e9 inform\u00e9es\u00a0\u00bb, ont indiqu\u00e9 les autorit\u00e9s.<\/p>\n<p>Dans un communiqu\u00e9 pr\u00e9c\u00e9dent le Centcom avait indiqu\u00e9 que deux appareils KC-135 \u00e9taient impliqu\u00e9s dans l&rsquo;incident. \u00ab\u00a0L&rsquo;un des appareils s&rsquo;est \u00e9cras\u00e9 dans l&rsquo;ouest de l&rsquo;Irak et le second a atterri en toute s\u00e9curit\u00e9\u00a0\u00bb, avait indiqu\u00e9 le Centcom dans ce communiqu\u00e9.<\/p>\n<p>L&rsquo;arm\u00e9e iranienne avait affirm\u00e9 plus t\u00f4t dans un communiqu\u00e9 publi\u00e9 par la t\u00e9l\u00e9vision d&rsquo;\u00c9tat que l&rsquo;avion avait \u00e9t\u00e9 touch\u00e9 par un missile tir\u00e9 par des mouvements arm\u00e9s pro-iraniens dans l&rsquo;ouest de l&rsquo;Irak et que l&rsquo;\u00e9quipage n&rsquo;avait pas surv\u00e9cu au crash.<\/p>\n<p>La R\u00e9sistance islamique en Irak, une alliance informelle de factions irakiennes soutenues par l\u2019Iran, a revendiqu\u00e9 avoir abattu un KC-135. Elle a ensuite d\u00e9clar\u00e9 avoir \u00e9galement pris pour cible un autre appareil, en ajoutant que l\u2019\u00e9quipage avait r\u00e9ussi \u00e0 s&rsquo;en \u00e9chapper.<\/p>\n<p>Depuis le d\u00e9but de la guerre au Moyen-Orient, cette alliance revendique quotidiennement des attaques contre les int\u00e9r\u00eats am\u00e9ricains en Irak et dans toute la r\u00e9gion, mais elle nomme rarement ses cibles.<\/p>\n<p>Il s&rsquo;agit du quatri\u00e8me avion militaire perdu par les Etats-Unis depuis le d\u00e9but de la guerre contre l&rsquo;Iran le 28 f\u00e9vrier, apr\u00e8s que trois avions de combat F-15 ont \u00e9t\u00e9 abattus par des tirs amis accidentels du Kowe\u00eft.<\/p>\n<p>D&rsquo;une longueur de 41,5 m pour une envergure de pr\u00e8s de 40 m, le Boeing KC-135 \u00ab\u00a0Stratotanker\u00a0\u00bb poss\u00e8de quatre r\u00e9acteurs et a une capacit\u00e9 de chargement pouvant aller jusqu&rsquo;\u00e0 plus de 38 tonnes selon sa configuration.<\/p>\n<\/div>\n<p><script>(function(d, s, id) {  var js, fjs = d.getElementsByTagName(s)[0];  if (d.getElementById(id)) return;  js = d.createElement(s); js.id = id;  js.src = \"\/\/connect.facebook.net\/fr_FR\/sdk.js#xfbml=1&version=v2.3\";  fjs.parentNode.insertBefore(js, fjs);}(document, \"script\", \"facebook-jssdk\"));<\/script><br \/>\n<br \/><br \/>\n<br \/><a href=\"https:\/\/www.francesoir.fr\/societe-faits-divers\/irak-quatre-membres-d-equipage-tues-dans-le-crash-de-l-avion-ravitailleur\" target=\"_blank\"\">Source link <\/a><\/p>\n","protected":false},"excerpt":{"rendered":"<p>Quatre membres d&rsquo;\u00e9quipage d&rsquo;un avion am\u00e9ricain de ravitaillement en carburant sont morts quand leur appareil s&rsquo;est \u00e9cras\u00e9 jeudi dans l&rsquo;ouest de l&rsquo;Irak, a annonc\u00e9 vendredi le commandement militaire am\u00e9ricain pour&hellip; <\/p>\n","protected":false},"author":1,"featured_media":25195,"comment_status":"open","ping_status":"open","sticky":false,"template":"","format":"standard","meta":{"footnotes":""},"categories":[1],"tags":[],"class_list":["post-25194","post","type-post","status-publish","format-standard","has-post-thumbnail","hentry","category-non-classe"],"_links":{"self":[{"href":"https:\/\/monde25.info\/index.php\/wp-json\/wp\/v2\/posts\/25194","targetHints":{"allow":["GET"]}}],"collection":[{"href":"https:\/\/monde25.info\/index.php\/wp-json\/wp\/v2\/posts"}],"about":[{"href":"https:\/\/monde25.info\/index.php\/wp-json\/wp\/v2\/types\/post"}],"author":[{"embeddable":true,"href":"https:\/\/monde25.info\/index.php\/wp-json\/wp\/v2\/users\/1"}],"replies":[{"embeddable":true,"href":"https:\/\/monde25.info\/index.php\/wp-json\/wp\/v2\/comments?post=25194"}],"version-history":[{"count":0,"href":"https:\/\/monde25.info\/index.php\/wp-json\/wp\/v2\/posts\/25194\/revisions"}],"wp:featuredmedia":[{"embeddable":true,"href":"https:\/\/monde25.info\/index.php\/wp-json\/wp\/v2\/media\/25195"}],"wp:attachment":[{"href":"https:\/\/monde25.info\/index.php\/wp-json\/wp\/v2\/media?parent=25194"}],"wp:term":[{"taxonomy":"category","embeddable":true,"href":"https:\/\/monde25.info\/index.php\/wp-json\/wp\/v2\/categories?post=25194"},{"taxonomy":"post_tag","embeddable":true,"href":"https:\/\/monde25.info\/index.php\/wp-json\/wp\/v2\/tags?post=25194"}],"curies":[{"name":"wp","href":"https:\/\/api.w.org\/{rel}","templated":true}]}}