{"id":25200,"date":"2026-03-13T15:27:01","date_gmt":"2026-03-13T14:27:01","guid":{"rendered":"https:\/\/monde25.info\/index.php\/2026\/03\/13\/la-sobriete-un-enjeu-vital-et-oublie-face-au-chaos-mondial\/"},"modified":"2026-03-13T15:27:01","modified_gmt":"2026-03-13T14:27:01","slug":"la-sobriete-un-enjeu-vital-et-oublie-face-au-chaos-mondial","status":"publish","type":"post","link":"https:\/\/monde25.info\/index.php\/2026\/03\/13\/la-sobriete-un-enjeu-vital-et-oublie-face-au-chaos-mondial\/","title":{"rendered":"La sobri\u00e9t\u00e9, un enjeu vital et oubli\u00e9 face au chaos mondial"},"content":{"rendered":"<p> <br \/>\n<br \/><img loading=\"lazy\" decoding=\"async\" src=\"https:\/\/reporterre.net\/local\/cache-vignettes\/L700xH467\/26-03-12-61174.jpg?1773410423\" class=\"spip_logo\" width=\"700\" height=\"467\" alt=\"\" \/><\/p>\n<p>Malgr\u00e9 le conflit du Moyen-Orient et la hausse des prix de l&rsquo;\u00e9nergie, le gouvernement rechigne \u00e0 int\u00e9grer la sobri\u00e9t\u00e9 aux leviers de souverainet\u00e9 \u00e9nerg\u00e9tique. Ce mutisme d\u00e9sesp\u00e8re des associations \u00e9cologistes. <br class=\"autobr\" \/> \u00ab<small class=\"fine d-inline\">\u00a0<\/small>Sobri\u00e9t\u00e9<small class=\"fine d-inline\">\u00a0<\/small>\u00bb. Alors que le conflit au Moyen-Orient met brutalement en lumi\u00e8re la vuln\u00e9rabilit\u00e9 de notre syst\u00e8me \u00e9nerg\u00e9tique, et sa d\u00e9pendance \u00e0 des cha\u00eenes de valeur sur lesquelles nous n&rsquo;avons aucune prise, on pourrait s&rsquo;attendre \u00e0 ce que ce mot soit sur toutes les bouches. Voil\u00e0\u00a0(\u2026)<\/p>\n<p>                    <a target=\"_blank\" href=\"https:\/\/reporterre.net\/La-sobriete-un-enjeu-vital-et-oublie-face-au-chaos-mondial?utm_source=RSS&amp;utm_medium=RSS\">Lire la suite<\/a><\/p>\n<p>                    &#8211;<br \/>\n                        <a target=\"_blank\" href=\"https:\/\/reporterre.net\/Autres-infos\" rel=\"directory\">Info<\/a><\/p>\n<p>                    \/<br \/>\n                        <a target=\"_blank\" href=\"https:\/\/reporterre.net\/Energie\" rel=\"tag\">\u00c9nergie<\/a><br \/>\n                    ,<br \/>\n                        <a target=\"_blank\" href=\"https:\/\/reporterre.net\/Idees\" rel=\"tag\">Id\u00e9es<\/a><br \/>\n<br \/><br \/>\n<br \/><a href=\"https:\/\/reporterre.net\/La-sobriete-un-enjeu-vital-et-oublie-face-au-chaos-mondial\" target=\"_blank\"\">Source link <\/a><\/p>\n","protected":false},"excerpt":{"rendered":"<p>Malgr\u00e9 le conflit du Moyen-Orient et la hausse des prix de l&rsquo;\u00e9nergie, le gouvernement rechigne \u00e0 int\u00e9grer la sobri\u00e9t\u00e9 aux leviers de souverainet\u00e9 \u00e9nerg\u00e9tique. Ce mutisme d\u00e9sesp\u00e8re des associations \u00e9cologistes.&hellip; <\/p>\n","protected":false},"author":1,"featured_media":0,"comment_status":"open","ping_status":"open","sticky":false,"template":"","format":"standard","meta":{"footnotes":""},"categories":[1],"tags":[],"class_list":["post-25200","post","type-post","status-publish","format-standard","hentry","category-non-classe"],"_links":{"self":[{"href":"https:\/\/monde25.info\/index.php\/wp-json\/wp\/v2\/posts\/25200","targetHints":{"allow":["GET"]}}],"collection":[{"href":"https:\/\/monde25.info\/index.php\/wp-json\/wp\/v2\/posts"}],"about":[{"href":"https:\/\/monde25.info\/index.php\/wp-json\/wp\/v2\/types\/post"}],"author":[{"embeddable":true,"href":"https:\/\/monde25.info\/index.php\/wp-json\/wp\/v2\/users\/1"}],"replies":[{"embeddable":true,"href":"https:\/\/monde25.info\/index.php\/wp-json\/wp\/v2\/comments?post=25200"}],"version-history":[{"count":0,"href":"https:\/\/monde25.info\/index.php\/wp-json\/wp\/v2\/posts\/25200\/revisions"}],"wp:attachment":[{"href":"https:\/\/monde25.info\/index.php\/wp-json\/wp\/v2\/media?parent=25200"}],"wp:term":[{"taxonomy":"category","embeddable":true,"href":"https:\/\/monde25.info\/index.php\/wp-json\/wp\/v2\/categories?post=25200"},{"taxonomy":"post_tag","embeddable":true,"href":"https:\/\/monde25.info\/index.php\/wp-json\/wp\/v2\/tags?post=25200"}],"curies":[{"name":"wp","href":"https:\/\/api.w.org\/{rel}","templated":true}]}}