{"id":25203,"date":"2026-03-13T16:33:24","date_gmt":"2026-03-13T15:33:24","guid":{"rendered":"https:\/\/monde25.info\/index.php\/2026\/03\/13\/le-patron-de-lactalis-convoque-au-tribunal-par-ses-salaries-pour-des-primes-minorees\/"},"modified":"2026-03-13T16:33:24","modified_gmt":"2026-03-13T15:33:24","slug":"le-patron-de-lactalis-convoque-au-tribunal-par-ses-salaries-pour-des-primes-minorees","status":"publish","type":"post","link":"https:\/\/monde25.info\/index.php\/2026\/03\/13\/le-patron-de-lactalis-convoque-au-tribunal-par-ses-salaries-pour-des-primes-minorees\/","title":{"rendered":"Le patron de Lactalis convoqu\u00e9 au tribunal par ses salari\u00e9s pour des primes minor\u00e9es"},"content":{"rendered":"<p> <br \/>\n<\/p>\n<div>\n<p>Le patron du g\u00e9ant laitier Lactalis, le tr\u00e8s discret et non moins milliardaire Emmanuel Besnier, va \u00eatre convoqu\u00e9 \u00e0 la barre du tribunal correctionnel de Laval. Ses salari\u00e9s l&rsquo;accusent de les avoir spoli\u00e9s en minorant leurs primes de participation \u00e0 la faveur d&rsquo;un montage financier \u00e9pingl\u00e9 par le fisc.<\/p>\n<p>M. Besnier est cit\u00e9 \u00e0 compara\u00eetre en tant que pr\u00e9sident du directoire du groupe Lactalis et de sa holding BSA, pour \u00ab\u00a0pr\u00e9sentation ou publication de comptes infid\u00e8les\u00a0\u00bb, a pr\u00e9cis\u00e9 vendredi M<sup>e<\/sup> Renaud Portejoie, qui repr\u00e9sente plus de 400 salari\u00e9s et ex-salari\u00e9s dans cette proc\u00e9dure.<\/p>\n<p>Deux commissaires aux comptes sont \u00e9galement vis\u00e9s en tant que \u00ab\u00a0complices\u00a0\u00bb de ce d\u00e9lit passible d&rsquo;une peine maximale de cinq ans de prison et de 375 000 euros d&rsquo;amende.<\/p>\n<p>La multinationale, dont le si\u00e8ge est \u00e0 Laval, est surtout connue par ses marques de fromage, lait ou beurre, comme Pr\u00e9sident, Lactel ou Bridel, mais aussi comme \u00e9tant propri\u00e9t\u00e9 d&rsquo;une famille ayant fait fortune sur le dos des producteurs laitiers.<\/p>\n<p>La date de la convocation de M. Besnier n&rsquo;a pas encore \u00e9t\u00e9 fix\u00e9e par le tribunal mais l&rsquo;audience aura lieu \u00ab\u00a0probablement en avril ou mai\u00a0\u00bb 2026, selon M<sup>e<\/sup> Portejoie.<\/p>\n<p>Cette proc\u00e9dure p\u00e9nale de citation directe devant un tribunal est \u00e0 l&rsquo;initiative des plaignants eux-m\u00eames, regroup\u00e9s au sein de l&rsquo;association \u00ab\u00a0Justice pour nos primes\u00a0\u00bb.\u00a0<\/p>\n<p>Lactalis a soulign\u00e9 n&rsquo;avoir \u00ab\u00a0pas connaissance d&rsquo;une quelconque citation directe\u00a0\u00bb \u00e0 son encontre. \u00ab\u00a0L&rsquo;entreprise demeure sereine quant aux initiatives infond\u00e9es men\u00e9es par l&rsquo;association +Justice pour nos primes+\u00a0\u00bb, assure-t-elle, ajoutant qu'\u00a0\u00bbune plainte p\u00e9nale a d&rsquo;ailleurs \u00e9t\u00e9 d\u00e9pos\u00e9e par le groupe \u00e0 ce sujet\u00a0\u00bb.<\/p>\n<p>Lactalis a affirm\u00e9 par le pass\u00e9 que l&rsquo;association \u00ab\u00a0pr\u00e9tend trompeusement exercer une +action de groupe+ et ne dispose d&rsquo;aucun int\u00e9r\u00eat \u00e0 agir, ni d&rsquo;aucun mandat\u00a0\u00bb.<\/p>\n<p>L&rsquo;association a d\u00e9j\u00e0 d\u00e9pos\u00e9 plainte en novembre dernier aupr\u00e8s du Parquet national financier (PNF) pour d\u00e9noncer une fraude fiscale dont ses membres disent \u00eatre victimes de la part de Lactalis.<\/p>\n<p>Les plaignants estiment que leur employeur, qui a r\u00e9gl\u00e9 475 millions d&rsquo;euros en 2024 \u00e0 l&rsquo;administration fiscale pour \u00ab\u00a0clore un diff\u00e9rend\u00a0\u00bb sur un montage financier via la Belgique et le Luxembourg, a minor\u00e9 son b\u00e9n\u00e9fice imposable pendant plusieurs ann\u00e9es via ces artifices comptables. Il aurait ainsi m\u00e9caniquement amput\u00e9 les primes de participation vers\u00e9es \u00e0 ses collaborateurs puisque ces primes sont calcul\u00e9es sur la base des b\u00e9n\u00e9fices.<\/p>\n<p>Selon \u00ab\u00a0une estimation prudente\u00a0\u00bb de M<sup>e<\/sup> Portejoie, qui demande \u00e0 avoir acc\u00e8s \u00e0 l&rsquo;accord fiscal conclu entre Bercy et Lactalis, le manque \u00e0 gagner serait compris entre 15 000 et 35 000 euros pour les salari\u00e9s pr\u00e9sents durant les dix derni\u00e8res ann\u00e9es.<\/p>\n<p>Si le litige purement fiscal est sold\u00e9, le groupe laitier reste vis\u00e9 par une enqu\u00eate du PNF pour fraude fiscale aggrav\u00e9e et blanchiment portant sur ces suspicions de minoration de son b\u00e9n\u00e9fice.<\/p>\n<p>Les si\u00e8ges de plusieurs soci\u00e9t\u00e9s du g\u00e9ant mondial ont \u00e9t\u00e9 perquisitionn\u00e9s d\u00e9but 2024, le si\u00e8ge du groupe \u00e0 Laval ainsi que ses bureaux parisiens et l&rsquo;h\u00f4tel particulier d&rsquo;Emmanuel Besnier \u00e0 Paris.<\/p>\n<p>Devant le tribunal correctionnel de Laval, M<sup>e<\/sup> Portejoie demandera \u00ab\u00a0la condamnation p\u00e9nale\u00a0\u00bb d&rsquo;Emmanuel Besnier et \u00ab\u00a0il peut \u00eatre condamn\u00e9 tr\u00e8s s\u00e9v\u00e8rement parce qu&rsquo;on parle de centaines de millions d&rsquo;euros qui ont \u00e9t\u00e9 spoli\u00e9s\u00a0\u00bb, assure-t-il.<\/p>\n<p>S&rsquo;il est reconnu coupable, le patron de Lactalis devra rectifier les comptes de ses soci\u00e9t\u00e9s et r\u00e9gulariser les primes de participation \u00ab\u00a0pour l&rsquo;ensemble des salari\u00e9s\u00a0\u00bb, ajoute l&rsquo;avocat.<\/p>\n<p>Chacun des 14 000 \u00e0 16 000 salari\u00e9s de droit fran\u00e7ais de Lactalis est potentiellement concern\u00e9, selon lui.<\/p>\n<p>Ancienne fabrique familiale fond\u00e9e en 1933 en Mayenne, Lactalis s&rsquo;est transform\u00e9e au gr\u00e9 d&rsquo;acquisitions successives en empire international des produits laitiers, d\u00e9tenant une kyrielle de marques incontournables des supermarch\u00e9s comme Leerdammer ou Galbani.<\/p>\n<p>Le groupe a d\u00e9pass\u00e9 pour la premi\u00e8re fois en 2024 les 30 milliards d&rsquo;euros de vente.<\/p>\n<\/div>\n<p><script>(function(d, s, id) {  var js, fjs = d.getElementsByTagName(s)[0];  if (d.getElementById(id)) return;  js = d.createElement(s); js.id = id;  js.src = \"\/\/connect.facebook.net\/fr_FR\/sdk.js#xfbml=1&version=v2.3\";  fjs.parentNode.insertBefore(js, fjs);}(document, \"script\", \"facebook-jssdk\"));<\/script><br \/>\n<br \/><br \/>\n<br \/><a href=\"https:\/\/www.francesoir.fr\/societe-justice\/le-patron-de-lactalis-convoque-au-tribunal-par-ses-salaries-pour-des-primes\" target=\"_blank\"\">Source link <\/a><\/p>\n","protected":false},"excerpt":{"rendered":"<p>Le patron du g\u00e9ant laitier Lactalis, le tr\u00e8s discret et non moins milliardaire Emmanuel Besnier, va \u00eatre convoqu\u00e9 \u00e0 la barre du tribunal correctionnel de Laval. Ses salari\u00e9s l&rsquo;accusent de&hellip; <\/p>\n","protected":false},"author":1,"featured_media":25204,"comment_status":"open","ping_status":"open","sticky":false,"template":"","format":"standard","meta":{"footnotes":""},"categories":[1],"tags":[],"class_list":["post-25203","post","type-post","status-publish","format-standard","has-post-thumbnail","hentry","category-non-classe"],"_links":{"self":[{"href":"https:\/\/monde25.info\/index.php\/wp-json\/wp\/v2\/posts\/25203","targetHints":{"allow":["GET"]}}],"collection":[{"href":"https:\/\/monde25.info\/index.php\/wp-json\/wp\/v2\/posts"}],"about":[{"href":"https:\/\/monde25.info\/index.php\/wp-json\/wp\/v2\/types\/post"}],"author":[{"embeddable":true,"href":"https:\/\/monde25.info\/index.php\/wp-json\/wp\/v2\/users\/1"}],"replies":[{"embeddable":true,"href":"https:\/\/monde25.info\/index.php\/wp-json\/wp\/v2\/comments?post=25203"}],"version-history":[{"count":0,"href":"https:\/\/monde25.info\/index.php\/wp-json\/wp\/v2\/posts\/25203\/revisions"}],"wp:featuredmedia":[{"embeddable":true,"href":"https:\/\/monde25.info\/index.php\/wp-json\/wp\/v2\/media\/25204"}],"wp:attachment":[{"href":"https:\/\/monde25.info\/index.php\/wp-json\/wp\/v2\/media?parent=25203"}],"wp:term":[{"taxonomy":"category","embeddable":true,"href":"https:\/\/monde25.info\/index.php\/wp-json\/wp\/v2\/categories?post=25203"},{"taxonomy":"post_tag","embeddable":true,"href":"https:\/\/monde25.info\/index.php\/wp-json\/wp\/v2\/tags?post=25203"}],"curies":[{"name":"wp","href":"https:\/\/api.w.org\/{rel}","templated":true}]}}