{"id":25207,"date":"2026-03-13T19:50:45","date_gmt":"2026-03-13T18:50:45","guid":{"rendered":"https:\/\/monde25.info\/index.php\/2026\/03\/13\/nucleaire-coup-daccelerateur-pour-le-projet-denfouissement-des-dechets-cigeo\/"},"modified":"2026-03-13T19:50:45","modified_gmt":"2026-03-13T18:50:45","slug":"nucleaire-coup-daccelerateur-pour-le-projet-denfouissement-des-dechets-cigeo","status":"publish","type":"post","link":"https:\/\/monde25.info\/index.php\/2026\/03\/13\/nucleaire-coup-daccelerateur-pour-le-projet-denfouissement-des-dechets-cigeo\/","title":{"rendered":"Nucl\u00e9aire\u00a0: coup d&#039;acc\u00e9l\u00e9rateur pour le projet d&#039;enfouissement des d\u00e9chets Cig\u00e9o"},"content":{"rendered":"<p> <br \/>\n<br \/><img loading=\"lazy\" decoding=\"async\" src=\"https:\/\/reporterre.net\/local\/cache-vignettes\/L700xH467\/afp__20240812__36e86eq__v1__highres__franceenergynuclearwaste-e888d.jpg?1773416978\" class=\"spip_logo\" width=\"700\" height=\"467\" alt=\"\" \/><\/p>\n<p>Coup d&rsquo;acc\u00e9l\u00e9rateur pour le projet d&rsquo;enfouissement des d\u00e9chets radioactifs Cig\u00e9o. L&rsquo;enqu\u00eate publique, initialement pr\u00e9vue \u00e0 l&rsquo;\u00e9t\u00e9, se d\u00e9roulera de mi-mai \u00e0 fin juin, a annonc\u00e9 R\u00e9gine Pam, pr\u00e9f\u00e8te de Haute-Marne, lors d&rsquo;une assembl\u00e9e g\u00e9n\u00e9rale \u00e0 Saint-Dizier le 13\u00a0mars. <br class=\"autobr\" \/><br \/>\nSelon le Journal de la Haute-Marne, M<sup class=\"typo_exposants\">me<\/sup>\u00a0Pam a laiss\u00e9 entendre que la demande d&rsquo;autorisation de cr\u00e9ation (<span class=\"caps\">DAC<\/span>) de Cig\u00e9o \u00e9tait termin\u00e9e. La d\u00e9cision gouvernementale finale est d\u00e9sormais attendue \u00e0 partir de septembre 2026. <br class=\"autobr\" \/><br \/>\nLa\u00a0(\u2026)<\/p>\n<p>                    <a target=\"_blank\" href=\"https:\/\/reporterre.net\/Nucleaire-coup-d-accelerateur-pour-le-projet-d-enfouissement-des-dechets-Cigeo?utm_source=RSS&amp;utm_medium=RSS\">Lire la suite<\/a><\/p>\n<p>                    &#8211;<br \/>\n                        <a target=\"_blank\" href=\"https:\/\/reporterre.net\/Breves-20\" rel=\"directory\">En bref<\/a><\/p>\n<p>                    \/<br \/>\n                        <a target=\"_blank\" href=\"https:\/\/reporterre.net\/Dechets-nucleaires\" rel=\"tag\">D\u00e9chets nucl\u00e9aires<\/a><br \/>\n                    ,<br \/>\n                        <a target=\"_blank\" href=\"https:\/\/reporterre.net\/Nucleaire\" rel=\"tag\">Nucl\u00e9aire<\/a><br \/>\n<br \/><br \/>\n<br \/><a href=\"https:\/\/reporterre.net\/Nucleaire-coup-d-accelerateur-pour-le-projet-d-enfouissement-des-dechets-Cigeo\" target=\"_blank\"\">Source link <\/a><\/p>\n","protected":false},"excerpt":{"rendered":"<p>Coup d&rsquo;acc\u00e9l\u00e9rateur pour le projet d&rsquo;enfouissement des d\u00e9chets radioactifs Cig\u00e9o. L&rsquo;enqu\u00eate publique, initialement pr\u00e9vue \u00e0 l&rsquo;\u00e9t\u00e9, se d\u00e9roulera de mi-mai \u00e0 fin juin, a annonc\u00e9 R\u00e9gine Pam, pr\u00e9f\u00e8te de Haute-Marne,&hellip; <\/p>\n","protected":false},"author":1,"featured_media":0,"comment_status":"open","ping_status":"open","sticky":false,"template":"","format":"standard","meta":{"footnotes":""},"categories":[1],"tags":[],"class_list":["post-25207","post","type-post","status-publish","format-standard","hentry","category-non-classe"],"_links":{"self":[{"href":"https:\/\/monde25.info\/index.php\/wp-json\/wp\/v2\/posts\/25207","targetHints":{"allow":["GET"]}}],"collection":[{"href":"https:\/\/monde25.info\/index.php\/wp-json\/wp\/v2\/posts"}],"about":[{"href":"https:\/\/monde25.info\/index.php\/wp-json\/wp\/v2\/types\/post"}],"author":[{"embeddable":true,"href":"https:\/\/monde25.info\/index.php\/wp-json\/wp\/v2\/users\/1"}],"replies":[{"embeddable":true,"href":"https:\/\/monde25.info\/index.php\/wp-json\/wp\/v2\/comments?post=25207"}],"version-history":[{"count":0,"href":"https:\/\/monde25.info\/index.php\/wp-json\/wp\/v2\/posts\/25207\/revisions"}],"wp:attachment":[{"href":"https:\/\/monde25.info\/index.php\/wp-json\/wp\/v2\/media?parent=25207"}],"wp:term":[{"taxonomy":"category","embeddable":true,"href":"https:\/\/monde25.info\/index.php\/wp-json\/wp\/v2\/categories?post=25207"},{"taxonomy":"post_tag","embeddable":true,"href":"https:\/\/monde25.info\/index.php\/wp-json\/wp\/v2\/tags?post=25207"}],"curies":[{"name":"wp","href":"https:\/\/api.w.org\/{rel}","templated":true}]}}