{"id":25217,"date":"2026-03-14T01:20:46","date_gmt":"2026-03-14T00:20:46","guid":{"rendered":"https:\/\/monde25.info\/index.php\/2026\/03\/14\/les-10-actus-de-la-semaine-12\/"},"modified":"2026-03-14T01:20:46","modified_gmt":"2026-03-14T00:20:46","slug":"les-10-actus-de-la-semaine-12","status":"publish","type":"post","link":"https:\/\/monde25.info\/index.php\/2026\/03\/14\/les-10-actus-de-la-semaine-12\/","title":{"rendered":"les 10 actus de la semaine"},"content":{"rendered":"<p> <br \/>\n<\/p>\n<p><h4 data-path-to-node=\"0\"><em><strong>Vous n\u2019avez pas eu le temps de suive l\u2019actu ? Voici 10 infos \u00e0 ne surtout pas manquer cette semaine<\/strong><\/em><\/h4>\n<\/p>\n<div id=\"model-response-message-contentr_bbdb86ce0a1de830\" dir=\"ltr\" aria-live=\"polite\" aria-busy=\"false\">\n<h3 data-path-to-node=\"1\"><strong>1. Alice Cordier et son salut nazi<\/strong><\/h3>\n<p data-path-to-node=\"2\">Une photo d\u2019Alice Cordier, dirigeante du <strong>collectif d\u2019extr\u00eame droite <a target=\"_blank\" href=\"https:\/\/mrmondialisation.org\/fabrique-du-neofascisme-anatomie-dun-conditionnement\/\">N\u00e9m\u00e9sis<\/a>, faisant un geste \u00e9voquant le symbole \u00ab SS \u00bb avec un militant n\u00e9onazi<\/strong>, relance les accusations de liens avec des milieux n\u00e9onazis. \u00a0(<a target=\"_blank\" href=\"https:\/\/contre-attaque.net\/2026\/03\/11\/alice-cordier-cheffe-de-nemesis-neo-nazie-chouchoutee-par-les-medias\/\"><b data-path-to-node=\"2\" data-index-in-node=\"328\">Contre-attaque<\/b><\/a>)<\/p>\n<h3 data-path-to-node=\"3\"><strong>2. Offensive en Iran : Les infrastructures civiles cibl\u00e9es pour provoquer l\u2019asphyxie du pays<\/strong><\/h3>\n<p data-path-to-node=\"4\">La strat\u00e9gie militaire actuelle privil\u00e9gie la destruction des centres n\u00e9vralgiques de l\u2019Iran : <strong>les infrastructures de transport et les sites industriels et p\u00e9troliers,<\/strong> touchant aussi massivement des civils. (<a target=\"_blank\" href=\"https:\/\/www.lemonde.fr\/international\/article\/2026\/03\/11\/iran-le-bombardement-des-infrastructures-civiles-vise-a-mettre-le-pays-a-genoux_6670481_3210.html\"><b data-path-to-node=\"4\" data-index-in-node=\"297\">Le Monde<\/b><\/a>)<\/p>\n<h3 data-path-to-node=\"5\"><strong>3. Une crise \u00e9nerg\u00e9tique mondiale \u00e0 venir ?<\/strong><\/h3>\n<p data-path-to-node=\"6\">Onze jours apr\u00e8s le d\u00e9but du conflit entre Israel, l\u2019Iran et les Etats-Unis,<strong> la fermeture du d\u00e9troit d\u2019Ormuz fait flamber le p\u00e9trole et le gaz, suscitant la crainte d\u2019une crise \u00e9nerg\u00e9tique<\/strong> mondiale. (<a target=\"_blank\" href=\"https:\/\/www.humanite.fr\/environnement\/capitalisme\/guerre-en-iran-se-dirige-t-on-vers-une-crise-energetique-monstre\"><b data-path-to-node=\"6\" data-index-in-node=\"275\">L\u2019Humanit\u00e9<\/b><\/a>)<\/p>\n<h3 data-path-to-node=\"7\"><strong>4. Choc \u00e9nerg\u00e9tique : L\u2019AIE ordonne le d\u00e9blocage massif des r\u00e9serves strat\u00e9giques de brut<\/strong><\/h3>\n<p data-path-to-node=\"8\"><strong>400 millions de barils de p\u00e9trole seront lib\u00e9r\u00e9s sur le march\u00e9 pour compenser la baisse d\u2019approvisionnement caus\u00e9e par la fermeture du d\u00e9troit d\u2019Ormuz,<\/strong> apr\u00e8s que trois navires ont \u00e9t\u00e9 frapp\u00e9s mercredi matin par des \u00ab\u202f<em>projectiles inconnus\u202f<\/em>\u00bb. (<a target=\"_blank\" href=\"https:\/\/www.mediapart.fr\/journal\/international\/110326\/les-pays-de-l-aie-decident-de-debloquer-massivement-leurs-reserves-strategiques-de-petrole\"><b data-path-to-node=\"8\" data-index-in-node=\"315\">Mediapart<\/b><\/a>)<\/p>\n<h3 data-path-to-node=\"9\"><strong>5. Nucl\u00e9aire fran\u00e7ais : Une facture record estim\u00e9e \u00e0 650 milliards d\u2019euros<\/strong><\/h3>\n<p data-path-to-node=\"10\">Le plan de relance de l\u2019atome en France est sous le feu des critiques budg\u00e9taires apr\u00e8s une facture records de <strong>650 milliards. Entre la construction des nouveaux EPR et le prolongement des centrales vieillissantes, le co\u00fbt total du chantier repr\u00e9senterait un investissement colossal,<\/strong> mena\u00e7ant l\u2019\u00e9quilibre financier \u00e0 long terme de la politique \u00e9nerg\u00e9tique nationale. (<a target=\"_blank\" href=\"https:\/\/reporterre.net\/Jusqu-a-650-milliards-d-euros-la-relance-du-nucleaire-est-une-bombe-budgetaire\"><b data-path-to-node=\"10\" data-index-in-node=\"324\">Reporterre<\/b><\/a>)<\/p>\n<h3 data-path-to-node=\"11\"><strong>6. Sant\u00e9 publique : L\u2019AVC, un fl\u00e9au qui frappe une femme toutes les 7 minutes en France<\/strong><\/h3>\n<p data-path-to-node=\"12\"><strong>Moins bien diagnostiqu\u00e9es en raison de sympt\u00f4mes parfois atypiques, les patientes arrivent souvent trop tard aux urgences.<\/strong> Un d\u00e9pistage pr\u00e9coce pour r\u00e9duire la mortalit\u00e9 est plus que n\u00e9cessaire. (<a target=\"_blank\" href=\"https:\/\/www.radiofrance.fr\/francebleu\/podcasts\/bienvenue-chez-vous-ici-azur\/l-accident-vasculaire-cerebral-une-femme-en-meurt-toutes-les-7-minutes-en-france-depistez-vous-4062034\"><b data-path-to-node=\"12\" data-index-in-node=\"328\">Radio France<\/b><\/a>)<\/p>\n<h3 data-path-to-node=\"13\"><strong>7. Crise climatique : Un facteur aggravant des violences sexistes et de genre<\/strong><\/h3>\n<p data-path-to-node=\"14\">Le d\u00e9r\u00e8glement du climat n\u2019est pas qu\u2019\u00e9cologique, il est aussi social. <strong>En exacerbant la pauvret\u00e9 et les d\u00e9placements forc\u00e9s, les catastrophes environnementales cr\u00e9ent des terrains favorables \u00e0 l\u2019augmentation des mariages pr\u00e9coces et des violences domestiques, touchant prioritairement les femmes.<\/strong> (<a target=\"_blank\" href=\"https:\/\/reporterre.net\/Comment-le-changement-climatique-exacerbe-les-violences-contre-les-femmes-Les-violences\"><b data-path-to-node=\"14\" data-index-in-node=\"298\">Reporterre<\/b><\/a>)<\/p>\n<h3 data-path-to-node=\"15\"><strong>8. Foncier agricole : Le plafond de verre persiste pour les agricultrices de la Dr\u00f4me<\/strong><\/h3>\n<p data-path-to-node=\"16\">Malgr\u00e9 la f\u00e9minisation croissante du secteur, <strong>70 % des surfaces agricoles dr\u00f4moises demeurent la propri\u00e9t\u00e9 d\u2019hommes.<\/strong> <strong>L\u2019enqu\u00eate pointe du doigt des barri\u00e8res structurelles et des r\u00e9seaux de transmission masculins qui freinent l\u2019acc\u00e8s des femmes<\/strong> \u00e0 la propri\u00e9t\u00e9 terrienne et \u00e0 l\u2019ind\u00e9pendance \u00e9conomique. (<a target=\"_blank\" href=\"https:\/\/vert.eco\/articles\/70-des-terres-agricoles-appartiennent-a-des-hommes-dans-la-drome-le-difficile-combat-des-agricultrices-pour-trouver-une-exploitation\"><b data-path-to-node=\"16\" data-index-in-node=\"302\">Vert.eco<\/b><\/a>)<\/p>\n<h3 data-path-to-node=\"17\"><strong>9. \u00c9pid\u00e9miologie : Une cartographie in\u00e9dite r\u00e9v\u00e8le la diversit\u00e9 des bact\u00e9ries de Lyme<\/strong><\/h3>\n<p data-path-to-node=\"18\">Des chercheurs ont dress\u00e9 le premier <strong>inventaire pr\u00e9cis des souches de <i data-path-to-node=\"18\" data-index-in-node=\"70\">Borrelia<\/i> pr\u00e9sentes dans les populations de tiques en France.<\/strong> Cette avanc\u00e9e scientifique permet de mieux comprendre la disparit\u00e9 des sympt\u00f4mes selon les r\u00e9gions et d\u2019affiner les protocoles de soins pour les malades. (<a target=\"_blank\" href=\"https:\/\/www.lemonde.fr\/planete\/article\/2026\/03\/09\/piqures-de-tiques-une-etude-cartographie-pour-la-premiere-fois-les-bacteries-responsables-de-la-maladie-de-lyme_6670130_3244.html\"><b data-path-to-node=\"18\" data-index-in-node=\"286\">Le Monde<\/b><\/a>)<\/p>\n<h3 data-path-to-node=\"19\"><strong>10. \u00c9lections municipales 2026 : Le compte \u00e0 rebours est lanc\u00e9 pour les 15 et 22 mars<\/strong><\/h3>\n<p data-path-to-node=\"20\">Le minist\u00e8re de l\u2019Int\u00e9rieur confirme le calendrier du prochain scrutin local. <strong>Les bureaux de vote fermeront leurs portes \u00e0 18h dans la majorit\u00e9 des communes fran\u00e7aises, avec une d\u00e9rogation jusqu\u2019\u00e0 20h pour les grandes m\u00e9tropoles.<\/strong> (<b data-path-to-node=\"20\" data-index-in-node=\"305\"><a target=\"_blank\" href=\"https:\/\/www.touteleurope.eu\/vie-politique-des-etats-membres\/elections-municipales-2026-a-quelle-heure-fermeront-les-bureaux-de-vote\/\">Toute l\u2019Europe<\/a>)<\/b><\/p>\n<p>* Photo de couverture : <a target=\"_blank\" href=\"https:\/\/unsplash.com\/fr\/photos\/une-personne-vote-dans-une-boite-T9CXBZLUvic\">Unplash<\/a><\/p>\n<div class=\"td-a-rec td-a-rec-id-content_inline  tdi_1 td_block_template_1\">\n<center><a target=\"_blank\" href=\"https:\/\/fr.tipeee.com\/mr-mondialisation\" class=\"tipeee-project-small\">Je m&rsquo;abonne \u00e0 Mr Mondialisation<\/a>&#13;<br \/>\n<\/center>&amp;nbsp<\/div>\n<\/div>\n<p><br \/>\n<br \/><a href=\"https:\/\/mrmondialisation.org\/iran-nucleaire-et-elections-les-10-actus-de-la-semaine\/\" target=\"_blank\"\">Source link <\/a><\/p>\n","protected":false},"excerpt":{"rendered":"<p>Vous n\u2019avez pas eu le temps de suive l\u2019actu ? Voici 10 infos \u00e0 ne surtout pas manquer cette semaine 1. Alice Cordier et son salut nazi Une photo d\u2019Alice&hellip; <\/p>\n","protected":false},"author":1,"featured_media":25218,"comment_status":"open","ping_status":"open","sticky":false,"template":"","format":"standard","meta":{"footnotes":""},"categories":[1],"tags":[],"class_list":["post-25217","post","type-post","status-publish","format-standard","has-post-thumbnail","hentry","category-non-classe"],"_links":{"self":[{"href":"https:\/\/monde25.info\/index.php\/wp-json\/wp\/v2\/posts\/25217","targetHints":{"allow":["GET"]}}],"collection":[{"href":"https:\/\/monde25.info\/index.php\/wp-json\/wp\/v2\/posts"}],"about":[{"href":"https:\/\/monde25.info\/index.php\/wp-json\/wp\/v2\/types\/post"}],"author":[{"embeddable":true,"href":"https:\/\/monde25.info\/index.php\/wp-json\/wp\/v2\/users\/1"}],"replies":[{"embeddable":true,"href":"https:\/\/monde25.info\/index.php\/wp-json\/wp\/v2\/comments?post=25217"}],"version-history":[{"count":0,"href":"https:\/\/monde25.info\/index.php\/wp-json\/wp\/v2\/posts\/25217\/revisions"}],"wp:featuredmedia":[{"embeddable":true,"href":"https:\/\/monde25.info\/index.php\/wp-json\/wp\/v2\/media\/25218"}],"wp:attachment":[{"href":"https:\/\/monde25.info\/index.php\/wp-json\/wp\/v2\/media?parent=25217"}],"wp:term":[{"taxonomy":"category","embeddable":true,"href":"https:\/\/monde25.info\/index.php\/wp-json\/wp\/v2\/categories?post=25217"},{"taxonomy":"post_tag","embeddable":true,"href":"https:\/\/monde25.info\/index.php\/wp-json\/wp\/v2\/tags?post=25217"}],"curies":[{"name":"wp","href":"https:\/\/api.w.org\/{rel}","templated":true}]}}