{"id":2522,"date":"2025-02-13T09:07:09","date_gmt":"2025-02-13T08:07:09","guid":{"rendered":"https:\/\/monde25.info\/index.php\/2025\/02\/13\/en-rdc-les-eglises-catholique-et-protestante-tentent-une-mediation\/"},"modified":"2025-02-13T09:07:09","modified_gmt":"2025-02-13T08:07:09","slug":"en-rdc-les-eglises-catholique-et-protestante-tentent-une-mediation","status":"publish","type":"post","link":"https:\/\/monde25.info\/index.php\/2025\/02\/13\/en-rdc-les-eglises-catholique-et-protestante-tentent-une-mediation\/","title":{"rendered":"En RDC, les \u00c9glises catholique et protestante tentent une m\u00e9diation"},"content":{"rendered":"<p> <br \/>\n<\/p>\n<div itemscope=\"\" itemtype=\"https:\/\/schema.org\/Article\">\n<p>https:\/\/fr.sputniknews.africa\/20250213\/en-rdc-les-eglises-catholique-et-protestante-tentent-une-mediation-a-goma-1070624354.html<\/p>\n<p><a target=\"_blank\" itemprop=\"url\" href=\"https:\/\/fr.sputniknews.africa\/20250213\/en-rdc-les-eglises-catholique-et-protestante-tentent-une-mediation-a-goma-1070624354.html\" title=\"En RDC, les \u00c9glises catholique et protestante tentent une m\u00e9diation\"\/><\/p>\n<p>En RDC, les \u00c9glises catholique et protestante tentent une m\u00e9diation<\/p>\n<p>En RDC, les \u00c9glises catholique et protestante tentent une m\u00e9diation<\/p>\n<p>Sputnik Afrique<\/p>\n<p>Une d\u00e9l\u00e9gation des \u00c9glises catholique et protestante a \u00e9t\u00e9 re\u00e7ue le 12 f\u00e9vrier \u00e0 Goma par le coordinateur du mouvement AFC, dont fait partie le groupe arm\u00e9&#8230; 13.02.2025, Sputnik Afrique<\/p>\n<p>2025-02-13T09:05+0100<\/p>\n<p>2025-02-13T09:05+0100<\/p>\n<p>2025-02-13T09:05+0100<\/p>\n<p>afrique subsaharienne<\/p>\n<p>r\u00e9publique d\u00e9mocratique du congo (rdc)<\/p>\n<p>m23<\/p>\n<p>crise humanitaire<\/p>\n<p>conflit arm\u00e9<\/p>\n<p>https:\/\/cdn1.img.sputniknews.africa\/img\/07e9\/02\/01\/1070449421_0:0:3071:1728_1920x0_80_0_0_f64162d931743b3dcccc8a80f75f8a61.jpg<\/p>\n<p>L&rsquo;UDPS\/TSHISEKEDI, le parti congolais au pouvoir, s&rsquo;est cat\u00e9goriquement exprim\u00e9 contre la perspective de \u00ab\u00a0discussions directes entre le gouvernement congolais et le groupe arm\u00e9 M23\u00a0\u00bb.\u00c0 cause de \u00ab\u00a0l&rsquo;ins\u00e9curit\u00e9 li\u00e9e au conflit arm\u00e9\u00a0\u00bb, la RDC a ferm\u00e9 le 11 f\u00e9vrier son espace a\u00e9rien aux avions immatricul\u00e9s ou bas\u00e9s au Rwanda.Ces derni\u00e8res semaines, plus de 100.000 habitants du Nord-Kivu ont fui les combats dans la province du Sud-Kivu, selon l&rsquo;Onu.<\/p>\n<p>afrique subsaharienne<\/p>\n<p>r\u00e9publique d\u00e9mocratique du congo (rdc)<\/p>\n<div itemprop=\"copyrightHolder\" itemscope=\"\" itemtype=\"http:\/\/schema.org\/Organization\">\n<p>Sputnik Afrique<\/p>\n<p><a target=\"_blank\" itemprop=\"url\" href=\"https:\/\/fr.sputniknews.africa\" title=\"Sputnik Afrique\"> <\/a><\/p>\n<p>feedback.fr@sputniknews.com<\/p>\n<p>+74956456601<\/p>\n<p>MIA \u201eRossiya Segodnya\u201c<\/p>\n<p><a target=\"_blank\" itemprop=\"sameAs\" href=\"https:\/\/t.me\/sputnik_afrique\"> <\/a><a target=\"_blank\" itemprop=\"sameAs\" href=\"https:\/\/t.me\/sputnik_africa\"> <\/a><a target=\"_blank\" itemprop=\"sameAs\" href=\"https:\/\/t.me\/sputnik_ethiopia\"> <\/a><a target=\"_blank\" itemprop=\"sameAs\" href=\"https:\/\/x.com\/sputnik_afrique\"> <\/a><a target=\"_blank\" itemprop=\"sameAs\" href=\"https:\/\/x.com\/sputnik_africa\"> <\/a><\/div>\n<p>2025<\/p>\n<div itemprop=\"creator\" itemscope=\"\" itemtype=\"http:\/\/schema.org\/Organization\">\n<p>Sputnik Afrique<\/p>\n<p><a target=\"_blank\" itemprop=\"url\" href=\"https:\/\/fr.sputniknews.africa\" title=\"Sputnik Afrique\"> <\/a><\/p>\n<p>feedback.fr@sputniknews.com<\/p>\n<p>+74956456601<\/p>\n<p>MIA \u201eRossiya Segodnya\u201c<\/p>\n<p><a target=\"_blank\" itemprop=\"sameAs\" href=\"https:\/\/t.me\/sputnik_afrique\"> <\/a><a target=\"_blank\" itemprop=\"sameAs\" href=\"https:\/\/t.me\/sputnik_africa\"> <\/a><a target=\"_blank\" itemprop=\"sameAs\" href=\"https:\/\/t.me\/sputnik_ethiopia\"> <\/a><a target=\"_blank\" itemprop=\"sameAs\" href=\"https:\/\/x.com\/sputnik_afrique\"> <\/a><a target=\"_blank\" itemprop=\"sameAs\" href=\"https:\/\/x.com\/sputnik_africa\"> <\/a><\/div>\n<p>Actus<\/p>\n<p>fr_FR<\/p>\n<div itemprop=\"sourceOrganization\" itemscope=\"\" itemtype=\"http:\/\/schema.org\/Organization\">\n<p>Sputnik Afrique<\/p>\n<p><a target=\"_blank\" itemprop=\"url\" href=\"https:\/\/fr.sputniknews.africa\" title=\"Sputnik Afrique\"> <\/a><\/p>\n<p>feedback.fr@sputniknews.com<\/p>\n<p>+74956456601<\/p>\n<p>MIA \u201eRossiya Segodnya\u201c<\/p>\n<p><a target=\"_blank\" itemprop=\"sameAs\" href=\"https:\/\/t.me\/sputnik_afrique\"> <\/a><a target=\"_blank\" itemprop=\"sameAs\" href=\"https:\/\/t.me\/sputnik_africa\"> <\/a><a target=\"_blank\" itemprop=\"sameAs\" href=\"https:\/\/t.me\/sputnik_ethiopia\"> <\/a><a target=\"_blank\" itemprop=\"sameAs\" href=\"https:\/\/x.com\/sputnik_afrique\"> <\/a><a target=\"_blank\" itemprop=\"sameAs\" href=\"https:\/\/x.com\/sputnik_africa\"> <\/a><\/div>\n<p><a target=\"_blank\" itemprop=\"thumbnailUrl\" href=\"https:\/\/cdn1.img.sputniknews.africa\/img\/07e9\/02\/01\/1070449421_0:0:3071:1728_1920x0_80_0_0_f64162d931743b3dcccc8a80f75f8a61.jpg\"\/><a target=\"_blank\" itemprop=\"thumbnailUrl\" href=\"https:\/\/cdn1.img.sputniknews.africa\/img\/07e9\/02\/01\/1070449421_0:0:2729:2047_1920x0_80_0_0_cb34ad7fbeff97bdff27f63931cd7840.jpg\">https:\/\/cdn1.img.sputniknews.africa\/img\/07e9\/02\/01\/1070449421_0:0:2729:2047_1920x0_80_0_0_cb34ad7fbeff97bdff27f63931cd7840.jpg<\/a><a target=\"_blank\" itemprop=\"thumbnailUrl\" href=\"https:\/\/cdn1.img.sputniknews.africa\/img\/07e9\/02\/01\/1070449421_148:0:2195:2047_1920x0_80_0_0_84d871bc3ef64f9cbdd472bff4a9116b.jpg\" title=\"Des rebelles du M23 \u00e0 Goma, en RDC, le 29 janvier 2025. \"\/><\/p>\n<div itemprop=\"publisher\" itemscope=\"\" itemtype=\"http:\/\/schema.org\/Organization\">\n<p>Sputnik Afrique<\/p>\n<p><a target=\"_blank\" itemprop=\"url\" href=\"https:\/\/fr.sputniknews.africa\" title=\"Sputnik Afrique\"> <\/a><\/p>\n<p>feedback.fr@sputniknews.com<\/p>\n<p>+74956456601<\/p>\n<p>MIA \u201eRossiya Segodnya\u201c<\/p>\n<p><a target=\"_blank\" itemprop=\"sameAs\" href=\"https:\/\/t.me\/sputnik_afrique\"> <\/a><a target=\"_blank\" itemprop=\"sameAs\" href=\"https:\/\/t.me\/sputnik_africa\"> <\/a><a target=\"_blank\" itemprop=\"sameAs\" href=\"https:\/\/t.me\/sputnik_ethiopia\"> <\/a><a target=\"_blank\" itemprop=\"sameAs\" href=\"https:\/\/x.com\/sputnik_afrique\"> <\/a><a target=\"_blank\" itemprop=\"sameAs\" href=\"https:\/\/x.com\/sputnik_africa\"> <\/a><\/div>\n<p>afrique subsaharienne, r\u00e9publique d\u00e9mocratique du congo (rdc), m23, crise humanitaire, conflit arm\u00e9<\/p>\n<div itemprop=\"about\" itemscope=\"\" itemtype=\"https:\/\/schema.org\/Thing\">\n<p>afrique subsaharienne, r\u00e9publique d\u00e9mocratique du congo (rdc), m23, crise humanitaire, conflit arm\u00e9<\/p>\n<\/div>\n<\/div>\n<div>\n<p>Une d\u00e9l\u00e9gation des \u00c9glises catholique et protestante a \u00e9t\u00e9 re\u00e7ue le 12 f\u00e9vrier \u00e0 Goma par le coordinateur du mouvement AFC, dont fait partie le groupe arm\u00e9 M23.<\/p>\n<\/div>\n<div>\n<div class=\"article__block\" data-type=\"text\">\n<p>L&rsquo;UDPS\/TSHISEKEDI, le parti congolais au pouvoir, s&rsquo;est cat\u00e9goriquement exprim\u00e9 contre la perspective de \u00ab\u00a0discussions directes entre le gouvernement congolais et le groupe arm\u00e9 M23\u00a0\u00bb.<\/p>\n<\/div>\n<div class=\"article__block\" data-type=\"text\">\n<p>\u00c0 cause de \u00ab\u00a0l&rsquo;ins\u00e9curit\u00e9 li\u00e9e au conflit arm\u00e9\u00a0\u00bb, la RDC a ferm\u00e9 le 11 f\u00e9vrier son espace a\u00e9rien aux avions immatricul\u00e9s ou bas\u00e9s au Rwanda.<\/p>\n<\/div>\n<div class=\"article__block\" data-type=\"text\">\n<p>Ces derni\u00e8res semaines, plus de 100.000 habitants du Nord-Kivu ont fui les combats dans la province du Sud-Kivu, selon l&rsquo;Onu.<\/p>\n<\/div>\n<\/div>\n<p><script async=\"async\" type=\"text\/plain\" class=\"_iub_cs_activate\" data-iub-purposes=\"3\" data-suppressedsrc=\"https:\/\/connect.facebook.net\/en_US\/sdk.js#xfbml=1&amp;version=v3.2\"><\/script><br \/>\n<br \/><br \/>\n<br \/><a href=\"https:\/\/fr.sputniknews.africa\/20250213\/en-rdc-les-eglises-catholique-et-protestante-tentent-une-mediation-a-goma-1070624354.html\" target=\"_blank\"\">Source link <\/a><\/p>\n","protected":false},"excerpt":{"rendered":"<p>https:\/\/fr.sputniknews.africa\/20250213\/en-rdc-les-eglises-catholique-et-protestante-tentent-une-mediation-a-goma-1070624354.html En RDC, les \u00c9glises catholique et protestante tentent une m\u00e9diation En RDC, les \u00c9glises catholique et protestante tentent une m\u00e9diation Sputnik Afrique Une d\u00e9l\u00e9gation des \u00c9glises catholique et protestante&hellip; <\/p>\n","protected":false},"author":1,"featured_media":2523,"comment_status":"open","ping_status":"open","sticky":false,"template":"","format":"standard","meta":{"footnotes":""},"categories":[1],"tags":[],"class_list":["post-2522","post","type-post","status-publish","format-standard","has-post-thumbnail","hentry","category-non-classe"],"_links":{"self":[{"href":"https:\/\/monde25.info\/index.php\/wp-json\/wp\/v2\/posts\/2522","targetHints":{"allow":["GET"]}}],"collection":[{"href":"https:\/\/monde25.info\/index.php\/wp-json\/wp\/v2\/posts"}],"about":[{"href":"https:\/\/monde25.info\/index.php\/wp-json\/wp\/v2\/types\/post"}],"author":[{"embeddable":true,"href":"https:\/\/monde25.info\/index.php\/wp-json\/wp\/v2\/users\/1"}],"replies":[{"embeddable":true,"href":"https:\/\/monde25.info\/index.php\/wp-json\/wp\/v2\/comments?post=2522"}],"version-history":[{"count":0,"href":"https:\/\/monde25.info\/index.php\/wp-json\/wp\/v2\/posts\/2522\/revisions"}],"wp:featuredmedia":[{"embeddable":true,"href":"https:\/\/monde25.info\/index.php\/wp-json\/wp\/v2\/media\/2523"}],"wp:attachment":[{"href":"https:\/\/monde25.info\/index.php\/wp-json\/wp\/v2\/media?parent=2522"}],"wp:term":[{"taxonomy":"category","embeddable":true,"href":"https:\/\/monde25.info\/index.php\/wp-json\/wp\/v2\/categories?post=2522"},{"taxonomy":"post_tag","embeddable":true,"href":"https:\/\/monde25.info\/index.php\/wp-json\/wp\/v2\/tags?post=2522"}],"curies":[{"name":"wp","href":"https:\/\/api.w.org\/{rel}","templated":true}]}}