{"id":25223,"date":"2026-03-14T02:59:51","date_gmt":"2026-03-14T01:59:51","guid":{"rendered":"https:\/\/monde25.info\/index.php\/2026\/03\/14\/leurope-demande-a-lukraine-de-combattre-encore-un-an-et-demi-a-deux-ans-selon-les-medias-rt-en-francais\/"},"modified":"2026-03-14T02:59:51","modified_gmt":"2026-03-14T01:59:51","slug":"leurope-demande-a-lukraine-de-combattre-encore-un-an-et-demi-a-deux-ans-selon-les-medias-rt-en-francais","status":"publish","type":"post","link":"https:\/\/monde25.info\/index.php\/2026\/03\/14\/leurope-demande-a-lukraine-de-combattre-encore-un-an-et-demi-a-deux-ans-selon-les-medias-rt-en-francais\/","title":{"rendered":"L&rsquo;Europe demande \u00e0 l&rsquo;Ukraine de \u00abcombattre encore un an et demi \u00e0 deux ans\u00bb, selon les m\u00e9dias \u2014 RT en fran\u00e7ais"},"content":{"rendered":"<p> <br \/>\n<br \/><img decoding=\"async\" src=\"https:\/\/mf.b37mrtl.ru\/french\/images\/2026.03\/thumbnail\/69b415bd87f3ec2b135e8b47.jpg\" \/><\/p>\n<div>\n<p class=\"text__summary\">\n                                        Selon Ukrainska Pravda, l&rsquo;UE propose \u00e0 Kiev de poursuivre les combats pendant encore un an et demi \u00e0 deux ans. Parall\u00e8lement, Volodymyr Zelensky envisagerait un sc\u00e9nario sans \u00e9lections pour plusieurs ann\u00e9es, alors que la Rada traverse une crise majeure, paralys\u00e9e par des enqu\u00eates anticorruption et une perte de majorit\u00e9.\n                                    <\/p>\n<p data-start=\"4239\" data-end=\"4463\">Les Europ\u00e9ens\u00a0ont propos\u00e9 \u00e0 l\u2019Ukraine de poursuivre ses op\u00e9rations militaires pendant encore un an et demi \u00e0 deux ans, en assurant le financement n\u00e9cessaire, rapporte Ukrainska Pravda en citant des sources.\u00a0Selon un interlocuteur du journal, le message adress\u00e9 \u00e0 Kiev\u00a0est clair : \u00ab Combattez encore un an et demi \u00e0 deux ans. Nous vous financerons. \u00bb<\/p>\n<p data-start=\"4239\" data-end=\"4463\">Dans ce contexte, Volodymyr Zelensky a demand\u00e9 \u00e0 son gouvernement d\u2019\u00e9laborer un sc\u00e9nario pr\u00e9voyant l\u2019absence d\u2019\u00e9lections pendant plusieurs ann\u00e9es et d\u2019analyser le fonctionnement de la Verkhovna Rada (le Parlement ukrainien) dans une telle situation.<\/p>\n<p data-start=\"4239\" data-end=\"4463\">Le Parlement ukrainien traverse une crise interne, rappelle le m\u00e9dia. Apr\u00e8s un conflit entre la pr\u00e9sidence et les agences anticorruption en 2025, ainsi que des soup\u00e7ons du Bureau national anticorruption (NABU) concernant des paiements occultes \u00e0 des d\u00e9put\u00e9s, la majorit\u00e9 parlementaire s\u2019est fortement r\u00e9duite.\u00a0Selon Ukrainska Pravda, le camp pr\u00e9sidentiel ne disposerait plus que de 110 \u00e0 120 voix, loin des 226 n\u00e9cessaires pour adopter des lois.\u00a0Les d\u00e9put\u00e9s ont perdu leur motivation et, selon des sources, craignent de voter de peur d&rsquo;attirer l&rsquo;attention des agences anticorruption.<\/p>\n<p data-start=\"4239\" data-end=\"4463\">La veille encore, la Rada n\u2019a pas r\u00e9ussi \u00e0 adopter plusieurs projets de loi gouvernementaux, certains textes n\u2019obtenant que 120 \u00e0 130 voix. Dans ce contexte politique incertain, l\u2019organisation d\u2019\u00e9lections dans un avenir proche appara\u00eet improbable, notamment en raison de la poursuite des op\u00e9rations militaires et de la position des partenaires occidentaux.<\/p>\n<p data-start=\"4239\" data-end=\"4463\">Sur le plan financier, l\u2019Union europ\u00e9enne a approuv\u00e9 en f\u00e9vrier un pr\u00eat de 90 milliards d\u2019euros destin\u00e9 \u00e0 l\u2019Ukraine pour 2026 et 2027. Soixante milliards doivent financer\u00a0les capacit\u00e9s de d\u00e9fense et l\u2019achat d\u2019armements, tandis que 30 milliards sont destin\u00e9s au soutien macrofinancier et budg\u00e9taire.<\/p>\n<p data-start=\"4239\" data-end=\"4463\">Ce programme reste toutefois bloqu\u00e9 par la Hongrie. Budapest s\u2019oppose notamment \u00e0 Kiev dans un diff\u00e9rend \u00e9nerg\u00e9tique li\u00e9 \u00e0 l\u2019arr\u00eat du transit de p\u00e9trole via l\u2019ol\u00e9oduc Droujba. Kiev a interrompu les livraisons \u00e0 la Hongrie, invoquant une soi-disant panne, tandis que Budapest <a target=\"_blank\" href=\"https:\/\/francais.rt.com\/news\/130646-viktor-orban-accuse-ukraine-ingerence-electorale-et-chantage-energetique-avant-elections-en-hongrie\">d\u00e9nonce<\/a> un \u00ab\u00a0chantage politique\u00a0\u00bb.<\/p>\n<\/div>\n<p><br \/>\n<br \/><a href=\"https:\/\/francais.rt.com\/international\/131691-europe-demande-ukraine-combattre-encore-an-demi-deux-ans-medias\" target=\"_blank\"\">Source link <\/a><\/p>\n","protected":false},"excerpt":{"rendered":"<p>Selon Ukrainska Pravda, l&rsquo;UE propose \u00e0 Kiev de poursuivre les combats pendant encore un an et demi \u00e0 deux ans. Parall\u00e8lement, Volodymyr Zelensky envisagerait un sc\u00e9nario sans \u00e9lections pour plusieurs&hellip; <\/p>\n","protected":false},"author":1,"featured_media":25224,"comment_status":"open","ping_status":"open","sticky":false,"template":"","format":"standard","meta":{"footnotes":""},"categories":[1],"tags":[],"class_list":["post-25223","post","type-post","status-publish","format-standard","has-post-thumbnail","hentry","category-non-classe"],"_links":{"self":[{"href":"https:\/\/monde25.info\/index.php\/wp-json\/wp\/v2\/posts\/25223","targetHints":{"allow":["GET"]}}],"collection":[{"href":"https:\/\/monde25.info\/index.php\/wp-json\/wp\/v2\/posts"}],"about":[{"href":"https:\/\/monde25.info\/index.php\/wp-json\/wp\/v2\/types\/post"}],"author":[{"embeddable":true,"href":"https:\/\/monde25.info\/index.php\/wp-json\/wp\/v2\/users\/1"}],"replies":[{"embeddable":true,"href":"https:\/\/monde25.info\/index.php\/wp-json\/wp\/v2\/comments?post=25223"}],"version-history":[{"count":0,"href":"https:\/\/monde25.info\/index.php\/wp-json\/wp\/v2\/posts\/25223\/revisions"}],"wp:featuredmedia":[{"embeddable":true,"href":"https:\/\/monde25.info\/index.php\/wp-json\/wp\/v2\/media\/25224"}],"wp:attachment":[{"href":"https:\/\/monde25.info\/index.php\/wp-json\/wp\/v2\/media?parent=25223"}],"wp:term":[{"taxonomy":"category","embeddable":true,"href":"https:\/\/monde25.info\/index.php\/wp-json\/wp\/v2\/categories?post=25223"},{"taxonomy":"post_tag","embeddable":true,"href":"https:\/\/monde25.info\/index.php\/wp-json\/wp\/v2\/tags?post=25223"}],"curies":[{"name":"wp","href":"https:\/\/api.w.org\/{rel}","templated":true}]}}