{"id":25228,"date":"2026-03-14T07:23:39","date_gmt":"2026-03-14T06:23:39","guid":{"rendered":"https:\/\/monde25.info\/index.php\/2026\/03\/14\/un-elu-ecologiste-souhaite-detruire-le-sacre-coeur\/"},"modified":"2026-03-14T07:23:39","modified_gmt":"2026-03-14T06:23:39","slug":"un-elu-ecologiste-souhaite-detruire-le-sacre-coeur","status":"publish","type":"post","link":"https:\/\/monde25.info\/index.php\/2026\/03\/14\/un-elu-ecologiste-souhaite-detruire-le-sacre-coeur\/","title":{"rendered":"Un \u00e9lu \u00e9cologiste souhaite \u00ab\u00a0d\u00e9truire\u00a0\u00bb le Sacr\u00e9-C\u0153ur"},"content":{"rendered":"<p> <br \/>\n<\/p>\n<div>\n<p><strong>Lors d\u2019une promenade film\u00e9e avec la candidate LFI aux municipales Sophia Chikirou, l\u2019\u00e9lu \u00e9cologiste \u00c9mile Meunier sugg\u00e8re de \u00ab d\u00e9truire \u00bb le Sacr\u00e9-C\u0153ur. La s\u00e9quence, capt\u00e9e pr\u00e8s de Pigalle et partag\u00e9e sur les r\u00e9seaux, provoque une vague de r\u00e9actions indign\u00e9es. L\u2019\u00e9pisode ravive un d\u00e9bat ancien sur la signification historique de la basilique de Montmartre et sur la m\u00e9moire encore conflictuelle de la Commune de Paris.<\/strong><\/p>\n<p>\u00ab On peut le d\u00e9truire \u00bb, l\u00e2che \u00c9mile Meunier dans la vid\u00e9o, \u00e9voquant le Sacr\u00e9-C\u0153ur apr\u00e8s une remarque sur le surtourisme. L\u2019\u00e9lu assure m\u00eame avoir d\u00e9j\u00e0 \u00ab d\u00e9pos\u00e9 un v\u0153u \u00bb pour \u00ab d\u00e9construire \u00bb la basilique, sans rencontrer le \u00ab succ\u00e8s escompt\u00e9 \u00bb. Sophia Chikirou r\u00e9agit en riant et lui lance : \u00ab Tu n\u2019as pas os\u00e9 faire \u00e7a ? \u00bb. La sc\u00e8ne circule rapidement en ligne et suscite une avalanche de critiques. Plusieurs internautes d\u00e9noncent une \u00ab vision conflictuelle \u00bb du patrimoine et accusent la gauche radicale de vouloir s\u2019attaquer \u00e0 un symbole national.<\/p>\n<p>Comme le rappelle <em>Le Figaro<\/em>, le contentieux entre \u00c9mile Meunier et le monument remonte \u00e0 plusieurs ann\u00e9es. En 2021, l\u2019\u00e9lu s\u2019\u00e9tait oppos\u00e9 \u00e0 son classement comme monument historique. Il invoquait alors la m\u00e9moire de la Commune de Paris. \u00ab Nous exigeons au moins un report de cette d\u00e9cision au nom des valeurs que nous d\u00e9fendons \u00bb, avait-il d\u00e9clar\u00e9. Selon lui, la basilique aurait \u00e9t\u00e9 \u00ab construite avec le sang des communards \u00bb.<\/p>\n<p>Depuis longtemps, le Sacr\u00e9-C\u0153ur divise historiens et responsables politiques. Certains rappellent que l\u2019\u00e9difice est aussi li\u00e9 au traumatisme national de la d\u00e9faite de 1870, tandis que d\u2019autres y voient une construction symbolique destin\u00e9e \u00e0 expier la Commune. En 2020 d\u00e9j\u00e0, son classement patrimonial avait provoqu\u00e9 une lev\u00e9e de boucliers chez plusieurs associations la\u00efques.<\/p>\n<\/div>\n<p><script>(function(d, s, id) {  var js, fjs = d.getElementsByTagName(s)[0];  if (d.getElementById(id)) return;  js = d.createElement(s); js.id = id;  js.src = \"\/\/connect.facebook.net\/fr_FR\/sdk.js#xfbml=1&version=v2.3\";  fjs.parentNode.insertBefore(js, fjs);}(document, \"script\", \"facebook-jssdk\"));<\/script><br \/>\n<br \/><br \/>\n<br \/><a href=\"https:\/\/www.francesoir.fr\/societe-faits-divers\/un-elu-ecologiste-souhaite-detruire-le-sacre-coeur\" target=\"_blank\"\">Source link <\/a><\/p>\n","protected":false},"excerpt":{"rendered":"<p>Lors d\u2019une promenade film\u00e9e avec la candidate LFI aux municipales Sophia Chikirou, l\u2019\u00e9lu \u00e9cologiste \u00c9mile Meunier sugg\u00e8re de \u00ab d\u00e9truire \u00bb le Sacr\u00e9-C\u0153ur. La s\u00e9quence, capt\u00e9e pr\u00e8s de Pigalle et&hellip; <\/p>\n","protected":false},"author":1,"featured_media":25229,"comment_status":"open","ping_status":"open","sticky":false,"template":"","format":"standard","meta":{"footnotes":""},"categories":[1],"tags":[],"class_list":["post-25228","post","type-post","status-publish","format-standard","has-post-thumbnail","hentry","category-non-classe"],"_links":{"self":[{"href":"https:\/\/monde25.info\/index.php\/wp-json\/wp\/v2\/posts\/25228","targetHints":{"allow":["GET"]}}],"collection":[{"href":"https:\/\/monde25.info\/index.php\/wp-json\/wp\/v2\/posts"}],"about":[{"href":"https:\/\/monde25.info\/index.php\/wp-json\/wp\/v2\/types\/post"}],"author":[{"embeddable":true,"href":"https:\/\/monde25.info\/index.php\/wp-json\/wp\/v2\/users\/1"}],"replies":[{"embeddable":true,"href":"https:\/\/monde25.info\/index.php\/wp-json\/wp\/v2\/comments?post=25228"}],"version-history":[{"count":0,"href":"https:\/\/monde25.info\/index.php\/wp-json\/wp\/v2\/posts\/25228\/revisions"}],"wp:featuredmedia":[{"embeddable":true,"href":"https:\/\/monde25.info\/index.php\/wp-json\/wp\/v2\/media\/25229"}],"wp:attachment":[{"href":"https:\/\/monde25.info\/index.php\/wp-json\/wp\/v2\/media?parent=25228"}],"wp:term":[{"taxonomy":"category","embeddable":true,"href":"https:\/\/monde25.info\/index.php\/wp-json\/wp\/v2\/categories?post=25228"},{"taxonomy":"post_tag","embeddable":true,"href":"https:\/\/monde25.info\/index.php\/wp-json\/wp\/v2\/tags?post=25228"}],"curies":[{"name":"wp","href":"https:\/\/api.w.org\/{rel}","templated":true}]}}