{"id":25241,"date":"2026-03-14T16:11:40","date_gmt":"2026-03-14T15:11:40","guid":{"rendered":"https:\/\/monde25.info\/index.php\/2026\/03\/14\/3-428-milliardaires-saccagent-la-planete-et-nous-avec\/"},"modified":"2026-03-14T16:11:40","modified_gmt":"2026-03-14T15:11:40","slug":"3-428-milliardaires-saccagent-la-planete-et-nous-avec","status":"publish","type":"post","link":"https:\/\/monde25.info\/index.php\/2026\/03\/14\/3-428-milliardaires-saccagent-la-planete-et-nous-avec\/","title":{"rendered":"\u00ab\u00a03 428 milliardaires saccagent la plan\u00e8te, et nous avec\u00a0\u00bb"},"content":{"rendered":"<p> <br \/>\n<br \/><img loading=\"lazy\" decoding=\"async\" src=\"https:\/\/reporterre.net\/local\/cache-vignettes\/L700xH467\/afp__20250928__hl_pbatard_2899889__v1__highres__franceclimatedemoprotesttoulouse_1_-329a1.jpg?1773472467\" class=\"spip_logo\" width=\"700\" height=\"467\" alt=\"\" \/><\/p>\n<p>Des milliardaires plus nombreux et encore plus riches. Ces 3 428 ultrariches qui dominent la soci\u00e9t\u00e9 ont fait le choix d&rsquo;une alliance mortif\u00e8re avec l&rsquo;extr\u00eame droite, qu&rsquo;il est n\u00e9cessaire de contrer, \u00e9crit Herv\u00e9 Kempf dans cette chronique. <br class=\"autobr\" \/> Autour de 4\u00a0ou 5\u00a0ans, les enfants apprennent \u00e0 compter. Jusqu&rsquo;\u00e0 10, jusqu&rsquo;\u00e0 20, jusqu&rsquo;\u00e0 30&#8230; Jusqu&rsquo;\u00e0 100. Et il faut bien reconna\u00eetre qu&rsquo;ensuite, les adultes n&rsquo;ont gu\u00e8re l&rsquo;occasion de compter beaucoup, m\u00eame si les chiffres envahissent notre vie. Les\u00a0(\u2026)<\/p>\n<p>                    <a target=\"_blank\" href=\"https:\/\/reporterre.net\/3-428-milliardaires-saccagent-la-planete-et-nous-avec?utm_source=RSS&amp;utm_medium=RSS\">Lire la suite<\/a><\/p>\n<p>                    &#8211;<br \/>\n                        <a target=\"_blank\" href=\"https:\/\/reporterre.net\/CHRONIQUES-22\" rel=\"directory\">Chronique<\/a><\/p>\n<p>                    \/<br \/>\n                        <a target=\"_blank\" href=\"https:\/\/reporterre.net\/Politique\" rel=\"tag\">Politique<\/a><br \/>\n                    ,<br \/>\n                        <a target=\"_blank\" href=\"https:\/\/reporterre.net\/Municipales-2026\" rel=\"tag\">Municipales 2026<\/a><br \/>\n<br \/><br \/>\n<br \/><a href=\"https:\/\/reporterre.net\/3-428-milliardaires-saccagent-la-planete-et-nous-avec\" target=\"_blank\"\">Source link <\/a><\/p>\n","protected":false},"excerpt":{"rendered":"<p>Des milliardaires plus nombreux et encore plus riches. Ces 3 428 ultrariches qui dominent la soci\u00e9t\u00e9 ont fait le choix d&rsquo;une alliance mortif\u00e8re avec l&rsquo;extr\u00eame droite, qu&rsquo;il est n\u00e9cessaire de&hellip; <\/p>\n","protected":false},"author":1,"featured_media":0,"comment_status":"open","ping_status":"open","sticky":false,"template":"","format":"standard","meta":{"footnotes":""},"categories":[1],"tags":[],"class_list":["post-25241","post","type-post","status-publish","format-standard","hentry","category-non-classe"],"_links":{"self":[{"href":"https:\/\/monde25.info\/index.php\/wp-json\/wp\/v2\/posts\/25241","targetHints":{"allow":["GET"]}}],"collection":[{"href":"https:\/\/monde25.info\/index.php\/wp-json\/wp\/v2\/posts"}],"about":[{"href":"https:\/\/monde25.info\/index.php\/wp-json\/wp\/v2\/types\/post"}],"author":[{"embeddable":true,"href":"https:\/\/monde25.info\/index.php\/wp-json\/wp\/v2\/users\/1"}],"replies":[{"embeddable":true,"href":"https:\/\/monde25.info\/index.php\/wp-json\/wp\/v2\/comments?post=25241"}],"version-history":[{"count":0,"href":"https:\/\/monde25.info\/index.php\/wp-json\/wp\/v2\/posts\/25241\/revisions"}],"wp:attachment":[{"href":"https:\/\/monde25.info\/index.php\/wp-json\/wp\/v2\/media?parent=25241"}],"wp:term":[{"taxonomy":"category","embeddable":true,"href":"https:\/\/monde25.info\/index.php\/wp-json\/wp\/v2\/categories?post=25241"},{"taxonomy":"post_tag","embeddable":true,"href":"https:\/\/monde25.info\/index.php\/wp-json\/wp\/v2\/tags?post=25241"}],"curies":[{"name":"wp","href":"https:\/\/api.w.org\/{rel}","templated":true}]}}