{"id":25242,"date":"2026-03-14T17:17:41","date_gmt":"2026-03-14T16:17:41","guid":{"rendered":"https:\/\/monde25.info\/index.php\/2026\/03\/14\/lespagne-refuse-de-transposer-deux-directives-fiscales-la-commission-europeenne-saisit-la-cjue-et-demande-des-sanctions-contre-madrid\/"},"modified":"2026-03-14T17:17:41","modified_gmt":"2026-03-14T16:17:41","slug":"lespagne-refuse-de-transposer-deux-directives-fiscales-la-commission-europeenne-saisit-la-cjue-et-demande-des-sanctions-contre-madrid","status":"publish","type":"post","link":"https:\/\/monde25.info\/index.php\/2026\/03\/14\/lespagne-refuse-de-transposer-deux-directives-fiscales-la-commission-europeenne-saisit-la-cjue-et-demande-des-sanctions-contre-madrid\/","title":{"rendered":"L\u2019Espagne refuse de transposer deux directives fiscales, la Commission europ\u00e9enne saisit la CJUE et demande des sanctions contre Madrid"},"content":{"rendered":"<p> <br \/>\n<\/p>\n<div>\n<p>Les tensions entre Madrid et Bruxelles s\u2019accumulent. La Commission europ\u00e9enne a saisi mercredi la Cour de Justice de l\u2019Union europ\u00e9enne (CJUE) d\u2019un recours contre l\u2019Espagne, reprochant \u00e0 cet \u00c9tat membre de l\u2019UE de ne pas avoir transpos\u00e9 deux directives fiscales, relatives \u00e0 la TVA. Le gouvernement de Pedro Sanchez maintient son intention de ne pas appliquer ces textes, \u201cfacultatifs\u201d.<span class=\"Apple-converted-space\">\u00a0<\/span><\/p>\n<p>La premi\u00e8re directive concern\u00e9e, la <a target=\"_blank\" href=\"https:\/\/eur-lex.europa.eu\/legal-content\/FR\/TXT\/HTML\/?uri=CELEX:32022L0542\">(UE) 2022\/542<\/a>, entr\u00e9e en vigueur en mai 2022; assouplit les r\u00e8gles sur les taux r\u00e9duits de TVA en permettant \u00e0 chaque pays d&rsquo;appliquer deux taux sup\u00e9rieurs \u00e0 5% pour jusqu&rsquo;\u00e0 24 cat\u00e9gories de biens ou services courants, comme l&rsquo;alimentation, les livres ou l&rsquo;\u00e9nergie, et un taux tr\u00e8s bas (inf\u00e9rieur \u00e0 5% ou z\u00e9ro) pour sept besoins essentiels tels que l&rsquo;eau potable ou les m\u00e9dicaments.<span class=\"Apple-converted-space\">\u00a0<\/span><\/p>\n<p><strong>Directives facultatives ou pas, la CE veut sanctionner l\u2019Espagne<\/strong><\/p>\n<p>La seconde directive, la (UE) 2020\/285, qui remonte \u00e0 f\u00e9vrier 2020, introduit une exemption optionnelle de TVA pour les petites entreprises (PME) qui r\u00e9alisent des ventes transfrontali\u00e8res au sein de l&rsquo;UE. Elle s&rsquo;adresse aux PME dont le chiffre d&rsquo;affaires total dans l&rsquo;UE ne d\u00e9passe pas 100 000 \u20ac par an, \u00e0 condition que leur CA local reste sous les seuils fix\u00e9s par chaque pays. Pr\u00e9par\u00e9e par un r\u00e8glement de 2021, elle est entr\u00e9e en vigueur le 1er janvier 2025 pour encourager le commerce entre petits commer\u00e7ants europ\u00e9ens sans alourdir leur fiscalit\u00e9.\u00a0<span class=\"Apple-converted-space\">\u00a0<\/span><\/p>\n<p>Madrid, malgr\u00e9 un d\u00e9lai de plusieurs ann\u00e9es, c\u2019est-\u00e0-dire de 2020, pour la directive UE 2020\/285, jusqu\u2019au 31 d\u00e9cembre 2024, est le seul pays de l\u2019UE \u00e0 ne pas avoir transpos\u00e9 ces directives dans son droit national et ce, malgr\u00e9 les appels de l\u2019ex\u00e9cutif.<span class=\"Apple-converted-space\">\u00a0<\/span><\/p>\n<p>Mercredi, la CE a annonc\u00e9 dans un communiqu\u00e9 avoir d\u00e9pos\u00e9 un recours aupr\u00e8s de la CJUE pour que des sanctions financi\u00e8res soient appliqu\u00e9es \u00e0 l\u2019Espagne. \u201cL&rsquo;Espagne a indiqu\u00e9 qu&rsquo;elle n&rsquo;avait pas l&rsquo;intention d&rsquo;appliquer l&rsquo;exon\u00e9ration de TVA pour les PME telle qu&rsquo;elle figure dans la directive, puisque l&rsquo;application de celle-ci est facultative pour les \u00c9tats membres\u201d, admet l\u2019ex\u00e9cutif dirig\u00e9 par Ursula von der Leyen.<span class=\"Apple-converted-space\">\u00a0<\/span><\/p>\n<p>\u201cBien que cette possibilit\u00e9 existe, l&rsquo;Espagne devrait n\u00e9anmoins transposer les dispositions qui permettent aux PME \u00e9tablies sur son territoire d&rsquo;appliquer le r\u00e9gime d&rsquo;exon\u00e9ration dans d&rsquo;autres \u00c9tats membres. Cela est n\u00e9cessaire car, pour pouvoir b\u00e9n\u00e9ficier de l&rsquo;exon\u00e9ration ailleurs dans l&rsquo;UE, une PME \u00e9tablie en Espagne doit d&rsquo;abord s&rsquo;enregistrer aupr\u00e8s des autorit\u00e9s espagnoles\u201d, plaide encore la CE.<span class=\"Apple-converted-space\">\u00a0<\/span><\/p>\n<p>Selon la F\u00e9d\u00e9ration nationale des associations d\u2019entrepreneurs et de travailleurs ind\u00e9pendants (ATA), plus de 770 000 travailleurs pourraient b\u00e9n\u00e9ficier de ces directives. Le gouvernement espagnol est critiqu\u00e9 pour ses d\u00e9cisions. \u201cCe non-respect a un impact \u00e9norme sur les activit\u00e9s commerciales et nous rend moins comp\u00e9titifs\u201d, avait d\u00e9j\u00e0 d\u00e9plor\u00e9 Lorenzo Amor, pr\u00e9sident de l\u2019ATA, qui avait d\u00e9pos\u00e9 en d\u00e9cembre une plainte aupr\u00e8s de la CE concernant la non transposition des deux directives.<\/p>\n<p><strong>Les relations entre Madrid et Bruxelles ne s&rsquo;arrangent pas<\/strong><\/p>\n<p>Pour la Commission, \u201cl&rsquo;absence de transposition par l&rsquo;Espagne des dispositions relatives au lieu de prestation entra\u00eene un risque de double imposition ou de non-imposition, \u00e9tant donn\u00e9 que les 26 autres \u00c9tats membres ont transpos\u00e9 la directive et appliqueront des r\u00e8gles diff\u00e9rentes\u201d.<\/p>\n<p>\u201cEn cons\u00e9quence, la Commission saisit la Cour de justice de l&rsquo;Union europ\u00e9enne d&rsquo;un recours contre l&rsquo;Espagne et demande l&rsquo;imposition de sanctions financi\u00e8res\u201d, conclut le <a target=\"_blank\" href=\"https:\/\/ec.europa.eu\/commission\/presscorner\/detail\/fr\/ip_26_442\">communiqu\u00e9<\/a>.<\/p>\n<p>Cette saisine de la CJUE s&rsquo;inscrit dans un climat de tensions croissantes entre Madrid et Bruxelles. La proc\u00e9dure s&rsquo;ajoute \u00e0 un avertissement r\u00e9cent de la Commission europ\u00e9enne concernant le non-respect des r\u00e8gles budg\u00e9taires de l\u2019UE. l&rsquo;Espagne, class\u00e9e en \u00ab\u00a0situation critique\u00a0\u00bb avec plus de 25% de sa population \u00e0 risque de pauvret\u00e9, n&rsquo;a pas soumis son plan budg\u00e9taire 2026 \u00e0 temps et risque un d\u00e9ficit sup\u00e9rieur \u00e0 3% du PIB malgr\u00e9 des exigences de r\u00e9duction des d\u00e9penses publiques.<span class=\"Apple-converted-space\">\u00a0<\/span><\/p>\n<p>Par ailleurs, plusieurs proc\u00e9dures d&rsquo;infraction sont en cours, comme celle pour non-communication des mesures transposant la directive 2024\/886 sur la protection des donn\u00e9es, portant le total des dossiers ouverts \u00e0 une dizaine dans des domaines vari\u00e9s comme l\u2019environnement et le social. Ces manquements cumul\u00e9s, combin\u00e9s \u00e0 des divergences sur la migration et les d\u00e9penses militaires li\u00e9es au retard de Madrid de consacrer 5% de son PIB \u00e0 la d\u00e9fense d&rsquo;ici 2035, accentuent les frictions.<\/p>\n<\/div>\n<p><script>(function(d, s, id) {  var js, fjs = d.getElementsByTagName(s)[0];  if (d.getElementById(id)) return;  js = d.createElement(s); js.id = id;  js.src = \"\/\/connect.facebook.net\/fr_FR\/sdk.js#xfbml=1&version=v2.3\";  fjs.parentNode.insertBefore(js, fjs);}(document, \"script\", \"facebook-jssdk\"));<\/script><br \/>\n<br \/><br \/>\n<br \/><a href=\"https:\/\/www.francesoir.fr\/politique-monde\/l-espagne-refuse-de-transposer-deux-directives-fiscales-la-commission-europeenne\" target=\"_blank\"\">Source link <\/a><\/p>\n","protected":false},"excerpt":{"rendered":"<p>Les tensions entre Madrid et Bruxelles s\u2019accumulent. La Commission europ\u00e9enne a saisi mercredi la Cour de Justice de l\u2019Union europ\u00e9enne (CJUE) d\u2019un recours contre l\u2019Espagne, reprochant \u00e0 cet \u00c9tat membre&hellip; <\/p>\n","protected":false},"author":1,"featured_media":25243,"comment_status":"open","ping_status":"open","sticky":false,"template":"","format":"standard","meta":{"footnotes":""},"categories":[1],"tags":[],"class_list":["post-25242","post","type-post","status-publish","format-standard","has-post-thumbnail","hentry","category-non-classe"],"_links":{"self":[{"href":"https:\/\/monde25.info\/index.php\/wp-json\/wp\/v2\/posts\/25242","targetHints":{"allow":["GET"]}}],"collection":[{"href":"https:\/\/monde25.info\/index.php\/wp-json\/wp\/v2\/posts"}],"about":[{"href":"https:\/\/monde25.info\/index.php\/wp-json\/wp\/v2\/types\/post"}],"author":[{"embeddable":true,"href":"https:\/\/monde25.info\/index.php\/wp-json\/wp\/v2\/users\/1"}],"replies":[{"embeddable":true,"href":"https:\/\/monde25.info\/index.php\/wp-json\/wp\/v2\/comments?post=25242"}],"version-history":[{"count":0,"href":"https:\/\/monde25.info\/index.php\/wp-json\/wp\/v2\/posts\/25242\/revisions"}],"wp:featuredmedia":[{"embeddable":true,"href":"https:\/\/monde25.info\/index.php\/wp-json\/wp\/v2\/media\/25243"}],"wp:attachment":[{"href":"https:\/\/monde25.info\/index.php\/wp-json\/wp\/v2\/media?parent=25242"}],"wp:term":[{"taxonomy":"category","embeddable":true,"href":"https:\/\/monde25.info\/index.php\/wp-json\/wp\/v2\/categories?post=25242"},{"taxonomy":"post_tag","embeddable":true,"href":"https:\/\/monde25.info\/index.php\/wp-json\/wp\/v2\/tags?post=25242"}],"curies":[{"name":"wp","href":"https:\/\/api.w.org\/{rel}","templated":true}]}}