{"id":25246,"date":"2026-03-14T18:23:46","date_gmt":"2026-03-14T17:23:46","guid":{"rendered":"https:\/\/monde25.info\/index.php\/2026\/03\/14\/viols-denfants-dans-le-periscolaire-parisien-gregoire-aux-affaires-depuis-6-ans-senerve-contre-les-parents\/"},"modified":"2026-03-14T18:23:46","modified_gmt":"2026-03-14T17:23:46","slug":"viols-denfants-dans-le-periscolaire-parisien-gregoire-aux-affaires-depuis-6-ans-senerve-contre-les-parents","status":"publish","type":"post","link":"https:\/\/monde25.info\/index.php\/2026\/03\/14\/viols-denfants-dans-le-periscolaire-parisien-gregoire-aux-affaires-depuis-6-ans-senerve-contre-les-parents\/","title":{"rendered":"Viols d&rsquo;enfants dans le p\u00e9riscolaire parisien : Gr\u00e9goire, aux affaires depuis 6 ans, s&rsquo;\u00e9nerve contre les parents"},"content":{"rendered":"<p> <br \/>\n<\/p>\n<div>\n<p class=\"font-claude-response-body break-words whitespace-normal leading-[1.7]\"><span class=\"dropcap \" style=\"background-color: #ffffff; color: #000000; border-color: #ffffff;\"><strong>L<\/strong><\/span>e scandale est brutal. Des viols d\u2019enfants ont \u00e9t\u00e9 commis dans des structures p\u00e9riscolaires \u00e0 Paris. Emmanuel Gr\u00e9goire \u00e9tait premier adjoint d\u2019Anne Hidalgo de 2018 \u00e0 2024, directement en charge de ce secteur. Six ans. Il n\u2019a rien fait, il a m\u00eame engueul\u00e9 des parents m\u00e9contents re\u00e7us dans son bureau !<\/p>\n<hr\/>\n<p><a target=\"_blank\" href=\"https:\/\/i0.wp.com\/www.lelibrepenseur.org\/wp-content\/uploads\/2026\/03\/Capture-decran-2026-03-14-144045.png?ssl=1\"><img loading=\"lazy\" data-recalc-dims=\"1\" decoding=\"async\" data-attachment-id=\"6063633\" data-permalink=\"https:\/\/www.lelibrepenseur.org\/gregoire-periscolaire-viols-paris-responsable-inaction\/capture-decran-2026-03-14-144045\/\" data-orig-file=\"https:\/\/i0.wp.com\/www.lelibrepenseur.org\/wp-content\/uploads\/2026\/03\/Capture-decran-2026-03-14-144045.png?fit=735%2C812&amp;ssl=1\" data-orig-size=\"735,812\" data-comments-opened=\"1\" data-image-meta=\"{&quot;aperture&quot;:&quot;0&quot;,&quot;credit&quot;:&quot;&quot;,&quot;camera&quot;:&quot;&quot;,&quot;caption&quot;:&quot;&quot;,&quot;created_timestamp&quot;:&quot;0&quot;,&quot;copyright&quot;:&quot;&quot;,&quot;focal_length&quot;:&quot;0&quot;,&quot;iso&quot;:&quot;0&quot;,&quot;shutter_speed&quot;:&quot;0&quot;,&quot;title&quot;:&quot;&quot;,&quot;orientation&quot;:&quot;0&quot;}\" data-image-title=\"Capture d&amp;rsquo;\u00e9cran 2026-03-14 144045\" data-image-description=\"\" data-image-caption=\"\" data-medium-file=\"https:\/\/i0.wp.com\/www.lelibrepenseur.org\/wp-content\/uploads\/2026\/03\/Capture-decran-2026-03-14-144045.png?fit=272%2C300&amp;ssl=1\" data-large-file=\"https:\/\/i0.wp.com\/www.lelibrepenseur.org\/wp-content\/uploads\/2026\/03\/Capture-decran-2026-03-14-144045.png?fit=735%2C812&amp;ssl=1\" class=\"wp-image-6063633 aligncenter\" src=\"https:\/\/i0.wp.com\/www.lelibrepenseur.org\/wp-content\/uploads\/2026\/03\/Capture-decran-2026-03-14-144045.png?resize=424%2C468&amp;ssl=1\" alt=\"\" width=\"424\" height=\"468\" srcset=\"https:\/\/i0.wp.com\/www.lelibrepenseur.org\/wp-content\/uploads\/2026\/03\/Capture-decran-2026-03-14-144045.png?w=735&amp;ssl=1 735w, https:\/\/i0.wp.com\/www.lelibrepenseur.org\/wp-content\/uploads\/2026\/03\/Capture-decran-2026-03-14-144045.png?resize=272%2C300&amp;ssl=1 272w, https:\/\/i0.wp.com\/www.lelibrepenseur.org\/wp-content\/uploads\/2026\/03\/Capture-decran-2026-03-14-144045.png?resize=22%2C24&amp;ssl=1 22w, https:\/\/i0.wp.com\/www.lelibrepenseur.org\/wp-content\/uploads\/2026\/03\/Capture-decran-2026-03-14-144045.png?resize=33%2C36&amp;ssl=1 33w, https:\/\/i0.wp.com\/www.lelibrepenseur.org\/wp-content\/uploads\/2026\/03\/Capture-decran-2026-03-14-144045.png?resize=43%2C48&amp;ssl=1 43w, https:\/\/i0.wp.com\/www.lelibrepenseur.org\/wp-content\/uploads\/2026\/03\/Capture-decran-2026-03-14-144045.png?resize=600%2C663&amp;ssl=1 600w\" sizes=\"auto, (max-width: 424px) 100vw, 424px\"\/><\/a><\/p>\n<hr\/>\n<p class=\"font-claude-response-body break-words whitespace-normal leading-[1.7]\">Face \u00e0 une dizaine de parents venus lui demander des comptes, sa r\u00e9ponse a \u00e9t\u00e9 sid\u00e9rante. Selon un t\u00e9moin pr\u00e9sent, il a brandi l\u2019argument classique du \u00ab\u00a0responsable mais pas coupable\u00a0\u00bb \u2014 cette formule \u00e9cul\u00e9e qui permet aux \u00e9lus de reconna\u00eetre les faits sans en assumer les cons\u00e9quences. Il a surtout martel\u00e9 que voter pour lui changerait tout. Comme si sa candidature effa\u00e7ait six ans d\u2019inaction.<\/p>\n<p class=\"font-claude-response-body break-words whitespace-normal leading-[1.7]\">Le comble : il s\u2019est \u00e9nerv\u00e9 contre un parent qui l\u2019interrogeait. Des enfants ont \u00e9t\u00e9 viol\u00e9s sous sa responsabilit\u00e9 institutionnelle. Et c\u2019est lui qui s\u2019\u00e9nerve ! Ces d\u00e9g\u00e9n\u00e9r\u00e9s n\u2019ont aucune limite. D4autant que ce n\u2019est pas le premier scandale de p\u00e9docriminalit\u00e9 qui touche des proches d\u2019Hidalgo et de la mairie PS parisienne !<\/p>\n<p class=\"font-claude-response-body break-words whitespace-normal leading-[1.7]\">Ce comportement r\u00e9v\u00e8le une pathologie politique bien fran\u00e7aise. L\u2019\u00e9lu mis en cause transforme sa responsabilit\u00e9 pass\u00e9e en argument \u00e9lectoral futur. Les victimes deviennent un tremplin. Les parents qui osent poser des questions deviennent des adversaires \u00e0 recadrer.<\/p>\n<p class=\"font-claude-response-body break-words whitespace-normal leading-[1.7]\">Gr\u00e9goire brigue aujourd\u2019hui la mairie de Paris. Avant de pr\u00e9tendre diriger la capitale, il lui faudrait d\u2019abord r\u00e9pondre d\u2019une question simple : pourquoi rien n\u2019a \u00e9t\u00e9 fait pendant six ans ?<\/p>\n<\/div>\n<p><br \/>\n<br \/><a href=\"https:\/\/www.lelibrepenseur.org\/gregoire-periscolaire-viols-paris-responsable-inaction\/\" target=\"_blank\"\">Source link <\/a><\/p>\n","protected":false},"excerpt":{"rendered":"<p>Le scandale est brutal. Des viols d\u2019enfants ont \u00e9t\u00e9 commis dans des structures p\u00e9riscolaires \u00e0 Paris. Emmanuel Gr\u00e9goire \u00e9tait premier adjoint d\u2019Anne Hidalgo de 2018 \u00e0 2024, directement en charge&hellip; <\/p>\n","protected":false},"author":1,"featured_media":25247,"comment_status":"open","ping_status":"open","sticky":false,"template":"","format":"standard","meta":{"footnotes":""},"categories":[1],"tags":[],"class_list":["post-25246","post","type-post","status-publish","format-standard","has-post-thumbnail","hentry","category-non-classe"],"_links":{"self":[{"href":"https:\/\/monde25.info\/index.php\/wp-json\/wp\/v2\/posts\/25246","targetHints":{"allow":["GET"]}}],"collection":[{"href":"https:\/\/monde25.info\/index.php\/wp-json\/wp\/v2\/posts"}],"about":[{"href":"https:\/\/monde25.info\/index.php\/wp-json\/wp\/v2\/types\/post"}],"author":[{"embeddable":true,"href":"https:\/\/monde25.info\/index.php\/wp-json\/wp\/v2\/users\/1"}],"replies":[{"embeddable":true,"href":"https:\/\/monde25.info\/index.php\/wp-json\/wp\/v2\/comments?post=25246"}],"version-history":[{"count":0,"href":"https:\/\/monde25.info\/index.php\/wp-json\/wp\/v2\/posts\/25246\/revisions"}],"wp:featuredmedia":[{"embeddable":true,"href":"https:\/\/monde25.info\/index.php\/wp-json\/wp\/v2\/media\/25247"}],"wp:attachment":[{"href":"https:\/\/monde25.info\/index.php\/wp-json\/wp\/v2\/media?parent=25246"}],"wp:term":[{"taxonomy":"category","embeddable":true,"href":"https:\/\/monde25.info\/index.php\/wp-json\/wp\/v2\/categories?post=25246"},{"taxonomy":"post_tag","embeddable":true,"href":"https:\/\/monde25.info\/index.php\/wp-json\/wp\/v2\/tags?post=25246"}],"curies":[{"name":"wp","href":"https:\/\/api.w.org\/{rel}","templated":true}]}}