{"id":25271,"date":"2026-03-15T05:56:37","date_gmt":"2026-03-15T04:56:37","guid":{"rendered":"https:\/\/monde25.info\/index.php\/2026\/03\/15\/la-facture-cachee-du-logement-par-benoit-breville-le-monde-diplomatique-mars-2026\/"},"modified":"2026-03-15T05:56:37","modified_gmt":"2026-03-15T04:56:37","slug":"la-facture-cachee-du-logement-par-benoit-breville-le-monde-diplomatique-mars-2026","status":"publish","type":"post","link":"https:\/\/monde25.info\/index.php\/2026\/03\/15\/la-facture-cachee-du-logement-par-benoit-breville-le-monde-diplomatique-mars-2026\/","title":{"rendered":"La facture cach\u00e9e du logement, par Beno\u00eet Br\u00e9ville (Le Monde diplomatique, mars 2026)"},"content":{"rendered":"<p> <br \/>\n<\/p>\n<div>\n<figure class=\"spip_document_41830 spip_documents spip_documents_center xl\" style=\"width:890px;\">\n<div class=\"limage\">\n<p>\t\t\t<img loading=\"lazy\" decoding=\"async\" src=\"https:\/\/www.monde-diplomatique.fr\/\/local\/cache-vignettes\/L890xH705\/img013-64-0e8df.jpg?1772119347\" width=\"890\" height=\"705\" class=\"spip_logos\" alt=\"JPEG - 54.3\u00a0kio\"\/><\/p><\/div><figcaption>\n<p>Darwin Estacio Martinez. \u2013 \u00ab<small class=\"fine\">\u00a0<\/small>The Meeting<small class=\"fine\">\u00a0<\/small>\u00bb (La r\u00e9union), 2023<\/p>\n<\/figcaption><\/figure>\n<p><span class=\"mot-lettrine\"><span class=\"lettrine\">\u00c0<\/span><\/span> chaque ville, sa crise du logement \u2014 et, en p\u00e9riode d\u2019\u00e9lections municipales, sa promesse de rem\u00e8des. \u00c0 L\u2019Isle-sur-la-Sorgue (Vaucluse), les candidats s\u2019engagent \u00e0 mieux r\u00e9guler les locations de meubl\u00e9s touristiques qui ont vid\u00e9 le centre-ville de ses r\u00e9sidents et fait grimper les prix. Dans le Morbihan, \u00e0 Carnac, les critiques se concentrent sur les r\u00e9sidences secondaires\u00a0: ces maisons aux volets clos dix mois sur douze occupent 40<small class=\"fine\">\u00a0<\/small>% du parc, et jusqu\u2019\u00e0 70<small class=\"fine\">\u00a0<\/small>% dans certains quartiers. Dans les grandes villes, la p\u00e9nurie locative a relanc\u00e9 le d\u00e9bat sur l\u2019encadrement de loyer. Ailleurs, \u00e0 Nevers ou Ch\u00e2tellerault, la vacance s\u2019\u00e9tend et les centres se d\u00e9vitalisent. Les causes divergent mais les effets convergent\u00a0: se loger, l\u2019un des besoins fondamentaux de l\u2019humanit\u00e9, devient une gageure dans l\u2019un des pays les plus d\u00e9velopp\u00e9s du monde.<\/p>\n<p>Les chiffres en donnent la mesure. La France compte aujourd\u2019hui 350\u00a0000\u00a0sans-domicile-fixe (deux fois plus qu\u2019en 2012), 4\u00a0millions de \u00ab<small class=\"fine\">\u00a0<\/small>mal-log\u00e9s<small class=\"fine\">\u00a0<\/small>\u00bb (habitat insalubre, absence de confort sanitaire, surpeuplement s\u00e9v\u00e8re\u2026) et 12\u00a0millions de personnes en situation de \u00ab<small class=\"fine\">\u00a0<\/small>fragilit\u00e9 r\u00e9sidentielle<small class=\"fine\">\u00a0<\/small>\u00bb (pr\u00e9carit\u00e9 \u00e9nerg\u00e9tique, impay\u00e9s, suroccupation mod\u00e9r\u00e9e\u2026). Pr\u00e8s de 3\u00a0millions de personnes attendent un logement social, contre 1,8\u00a0million il y a dix ans, avec des d\u00e9lais d\u2019obtention variant de deux \u00e0 quarante-sept mois selon les r\u00e9gions. Au-del\u00e0 de ces cas extr\u00eames, le probl\u00e8me touche presque tout le monde. Le logement repr\u00e9sente, de loin, le premier poste de d\u00e9penses des m\u00e9nages, absorbant en moyenne 27<small class=\"fine\">\u00a0<\/small>% de leurs revenus, et m\u00eame 50<small class=\"fine\">\u00a0<\/small>% pour certains locataires du parc priv\u00e9.<\/p>\n<p>Ce poids n\u2019a pas toujours pes\u00e9 de fa\u00e7on aussi \u00e9crasante. Entre les ann\u00e9es\u00a01950 et la d\u00e9cennie\u00a02000, la part du revenu consacr\u00e9e au logement oscillait entre 10 et 15<small class=\"fine\">\u00a0<\/small>%. \u00c0 l\u2019\u00e9poque, l\u2019\u00c9tat s\u2019impliquait massivement dans la construction et l\u2019am\u00e9nagement du territoire, et les prix de l\u2019immobilier suivaient la mont\u00e9e des salaires. Depuis le d\u00e9but des\u00a0(\u2026)<\/p>\n<\/p><\/div>\n<p>Taille de l\u2019article complet\u00a0:\u00a0<span>1\u00a0770<\/span>\u00a0mots.<\/p>\n<p><br \/>\n<br \/><a href=\"https:\/\/www.monde-diplomatique.fr\/2026\/03\/BREVILLE\/69313\" target=\"_blank\"\">Source link <\/a><\/p>\n","protected":false},"excerpt":{"rendered":"<p>Darwin Estacio Martinez. \u2013 \u00ab\u00a0The Meeting\u00a0\u00bb (La r\u00e9union), 2023 \u00c0 chaque ville, sa crise du logement \u2014 et, en p\u00e9riode d\u2019\u00e9lections municipales, sa promesse de rem\u00e8des. \u00c0 L\u2019Isle-sur-la-Sorgue (Vaucluse), les&hellip; <\/p>\n","protected":false},"author":1,"featured_media":25272,"comment_status":"open","ping_status":"open","sticky":false,"template":"","format":"standard","meta":{"footnotes":""},"categories":[1],"tags":[],"class_list":["post-25271","post","type-post","status-publish","format-standard","has-post-thumbnail","hentry","category-non-classe"],"_links":{"self":[{"href":"https:\/\/monde25.info\/index.php\/wp-json\/wp\/v2\/posts\/25271","targetHints":{"allow":["GET"]}}],"collection":[{"href":"https:\/\/monde25.info\/index.php\/wp-json\/wp\/v2\/posts"}],"about":[{"href":"https:\/\/monde25.info\/index.php\/wp-json\/wp\/v2\/types\/post"}],"author":[{"embeddable":true,"href":"https:\/\/monde25.info\/index.php\/wp-json\/wp\/v2\/users\/1"}],"replies":[{"embeddable":true,"href":"https:\/\/monde25.info\/index.php\/wp-json\/wp\/v2\/comments?post=25271"}],"version-history":[{"count":0,"href":"https:\/\/monde25.info\/index.php\/wp-json\/wp\/v2\/posts\/25271\/revisions"}],"wp:featuredmedia":[{"embeddable":true,"href":"https:\/\/monde25.info\/index.php\/wp-json\/wp\/v2\/media\/25272"}],"wp:attachment":[{"href":"https:\/\/monde25.info\/index.php\/wp-json\/wp\/v2\/media?parent=25271"}],"wp:term":[{"taxonomy":"category","embeddable":true,"href":"https:\/\/monde25.info\/index.php\/wp-json\/wp\/v2\/categories?post=25271"},{"taxonomy":"post_tag","embeddable":true,"href":"https:\/\/monde25.info\/index.php\/wp-json\/wp\/v2\/tags?post=25271"}],"curies":[{"name":"wp","href":"https:\/\/api.w.org\/{rel}","templated":true}]}}