{"id":2528,"date":"2025-02-13T11:22:37","date_gmt":"2025-02-13T10:22:37","guid":{"rendered":"https:\/\/monde25.info\/index.php\/2025\/02\/13\/la-baffe-du-vice-president-vance-a-leurope-et-a-macron-sur-la-liberte-dopinion-ledito-de-charles-sannat-les-moutons-enrages\/"},"modified":"2025-02-13T11:22:37","modified_gmt":"2025-02-13T10:22:37","slug":"la-baffe-du-vice-president-vance-a-leurope-et-a-macron-sur-la-liberte-dopinion-ledito-de-charles-sannat-les-moutons-enrages","status":"publish","type":"post","link":"https:\/\/monde25.info\/index.php\/2025\/02\/13\/la-baffe-du-vice-president-vance-a-leurope-et-a-macron-sur-la-liberte-dopinion-ledito-de-charles-sannat-les-moutons-enrages\/","title":{"rendered":"\u00ab La baffe du Vice-Pr\u00e9sident Vance \u00e0 l\u2019Europe et \u00e0 Macron sur la libert\u00e9 d\u2019opinion \u00bb. L\u2019\u00e9dito de Charles SANNAT \u2013 Les moutons enrag\u00e9s"},"content":{"rendered":"<p> <br \/>\n<\/p>\n<div>\n<p>Source <a target=\"_blank\" href=\"https:\/\/insolentiae.com\/la-baffe-du-vice-president-vance-a-leurope-et-a-macron-sur-la-liberte-dopinion-ledito-de-charles-sannat\/\" data-type=\"link\" data-id=\"https:\/\/insolentiae.com\/la-baffe-du-vice-president-vance-a-leurope-et-a-macron-sur-la-liberte-dopinion-ledito-de-charles-sannat\/\">INSOLENTIAE<\/a><\/p>\n<div class=\"wp-block-image\">\n<figure class=\"aligncenter size-full\"><img fetchpriority=\"high\" decoding=\"async\" width=\"362\" height=\"226\" src=\"https:\/\/lesmoutonsenrages.fr\/wp-content\/uploads\/2025\/02\/image-47.png\" alt=\"\" class=\"wp-image-165453\" srcset=\"https:\/\/lesmoutonsenrages.fr\/wp-content\/uploads\/2025\/02\/image-47.png 362w, https:\/\/lesmoutonsenrages.fr\/wp-content\/uploads\/2025\/02\/image-47-250x156.png 250w, https:\/\/lesmoutonsenrages.fr\/wp-content\/uploads\/2025\/02\/image-47-150x94.png 150w\" sizes=\"(max-width: 362px) 100vw, 362px\"\/><\/figure>\n<\/div>\n<p>Mes ch\u00e8res impertinentes, chers impertinents,<\/p>\n<p>Hier, JD Vance le Vice Pr\u00e9sident am\u00e9ricain \u00e9tait \u00e0 Paris au sommet de l\u2019IA.<\/p>\n<p>Il a d\u00e9livr\u00e9 le message officiel des Etats-Unis.<\/p>\n<p>Un message d\u2019une grande clart\u00e9 notamment sur la libert\u00e9 d\u2019opinion et sur le fait qu\u2019ils allaient tout faire pour imposer \u00e0 l\u2019Europe aussi cette libert\u00e9 d\u2019opinion avec beaucoup moins d\u2019entraves.<\/p>\n<p><span id=\"more-165452\"\/><\/p>\n<p>Nous ne pouvons que nous r\u00e9jouir \u00e0 l\u2019id\u00e9e de pouvoir exprimer plus facilement des opinions, surtout celles qui ne plaisent pas \u00e0 ceux qui nous dirigent sans nous \u00e9couter et font l\u2019inverse de ce que nous leur demandons de faire.<\/p>\n<p>\u201cCertains gouvernements \u00e9trangers envisagent de serrer la vis pour certaines entreprises am\u00e9ricaines de la tech. L\u2019Am\u00e9rique ne l\u2019acceptera pas et nous pensons que ce serait une grave erreur non seulement pour les \u00c9tats-Unis mais aussi pour vos propres pays d\u2019agir ainsi\u201d. Il s\u2019est \u00e9galement plaint que de nombreuses entreprises am\u00e9ricaines de la tech doivent faire face \u00e0 la loi europ\u00e9enne sur les services num\u00e9riques (DSA) et \u201cles \u00e9normes r\u00e8glementations qui suppriment des contenus consid\u00e9r\u00e9s comme de la d\u00e9sinformation. Bien s\u00fbr, nous voulons nous assurer qu\u2019internet est un endroit s\u00fbr, mais <strong>ce n\u2019est pas la m\u00eame chose d\u2019emp\u00eacher un pr\u00e9dateur de s\u2019attaquer \u00e0 un enfant sur internet, et d\u201demp\u00eacher un adulte de s\u2019informer sur internet parce que le gouvernement estime que c\u2019est de la d\u00e9sinformation<\/strong>\u201c.<\/p>\n<figure class=\"wp-block-embed is-type-rich is-provider-twitter wp-block-embed-twitter\">\n<div class=\"wp-block-embed__wrapper\">\n<blockquote class=\"twitter-tweet\" data-width=\"550\" data-dnt=\"true\">\n<p lang=\"fr\" dir=\"ltr\">\u00ab\u00a0C&rsquo;est une chose de prot\u00e9ger les enfants d&rsquo;un pr\u00e9dateur et d&#8217;emp\u00eacher les adultes d&rsquo;exprimer une opinion\u2026\u00a0\u00bb<\/p>\n<p>Le Vice Pr\u00e9sident Vance vient de donner ses consignes aux dirigeants Europ\u00e9ens et c&rsquo;est ambigu\u00eft\u00e9. <\/p>\n<p>Analyse compl\u00e8te dans un article demain. <\/p>\n<p>Charles SANNAT <a target=\"_blank\" href=\"https:\/\/t.co\/njH6wiNZKe\">pic.twitter.com\/njH6wiNZKe<\/a><\/p>\n<p>\u2014 insolentiae (@Insolentiae) <a target=\"_blank\" href=\"https:\/\/twitter.com\/Insolentiae\/status\/1889387992789176830?ref_src=twsrc%5Etfw\">February 11, 2025<\/a><\/p><\/blockquote>\n<\/div>\n<\/figure>\n<p>Vance a \u00e9galement, sans la nommer d\u00e9sign\u00e9 la Chine comme \u00e9tant l\u2019ennemi \u00e0 abattre et dont il est n\u00e9cessaire d\u2019endiguer la puissance.<\/p>\n<p>Pour cela ils (les Am\u00e9ricains) comptent sur leurs alli\u00e9s Europ\u00e9ens et la menace a \u00e9t\u00e9 tr\u00e8s claire sur le fait de ne pas embrayer derri\u00e8re les USA contre la Chine.<\/p>\n<p>Nous connaissons le tarif. Si nous commer\u00e7ons sur ce qui est interdit avec la Chine par les USA, alors nos bons amis Am\u00e9ricains nous mettront \u00e0 l\u2019amende, et elles seront sal\u00e9es, se comptant en milliards de dollars.<\/p>\n<figure class=\"wp-block-embed is-type-rich is-provider-twitter wp-block-embed-twitter\">\n<div class=\"wp-block-embed__wrapper\">\n<blockquote class=\"twitter-tweet\" data-width=\"550\" data-dnt=\"true\">\n<p lang=\"en\" dir=\"ltr\">\ud83c\uddfa\ud83c\uddf8<a target=\"_blank\" href=\"https:\/\/twitter.com\/VP?ref_src=twsrc%5Etfw\">@VP<\/a> JD Vance speaks at the AI Summit in Paris:<\/p>\n<p>\u00ab\u00a0Hostile foreign adversaries have weaponized AI software to rewrite history, surveil users, and censor speech\u2026 I want to be clear \u2013 this Administration will block such efforts, full stop.\u00a0\u00bb <a target=\"_blank\" href=\"https:\/\/t.co\/WvEzxQxQT8\">pic.twitter.com\/WvEzxQxQT8<\/a><\/p>\n<p>\u2014 The White House (@WhiteHouse) <a target=\"_blank\" href=\"https:\/\/twitter.com\/WhiteHouse\/status\/1889328530380472443?ref_src=twsrc%5Etfw\">February 11, 2025<\/a><\/p><\/blockquote>\n<\/div>\n<\/figure>\n<p>Vance a \u00e9galement vertement tanc\u00e9 les r\u00e9gulations europ\u00e9ennes totalement outranci\u00e8res et excessives qui frappent notamment et particuli\u00e8rement les grandes soci\u00e9t\u00e9s am\u00e9ricaines de la tech.<\/p>\n<p>Pour ceux qui savent lire entre les lignes, il est venu dire \u201cne touchez pas aux entreprises US de la tech\u201d, \u201cacceptez notre m\u00e9thode de r\u00e9gulation\u201d\u2026 et accessoirement assumez-en les cons\u00e9quences politiques, car le retour (pour le moment \u00e9ventuel) de la libert\u00e9 d\u2019expression, de parole et d\u2019opinion (qui pourra \u00e0 nouveau devenir viral alors que depuis quelques ann\u00e9es c\u2019est des v\u00e9ritables processus de censure qui sont mis en \u0153uvre pour r\u00e9duire le succ\u00e8s de nombreuses personnes) aura de r\u00e9elles cons\u00e9quences politiques et de votes.<\/p>\n<div class=\"wp-block-image\">\n<figure class=\"alignleft size-full is-resized\"><img loading=\"lazy\" decoding=\"async\" width=\"400\" height=\"324\" src=\"https:\/\/lesmoutonsenrages.fr\/wp-content\/uploads\/2025\/02\/image-48.png\" alt=\"\" class=\"wp-image-165455\" style=\"width:331px;height:auto\" srcset=\"https:\/\/lesmoutonsenrages.fr\/wp-content\/uploads\/2025\/02\/image-48.png 400w, https:\/\/lesmoutonsenrages.fr\/wp-content\/uploads\/2025\/02\/image-48-250x203.png 250w, https:\/\/lesmoutonsenrages.fr\/wp-content\/uploads\/2025\/02\/image-48-150x122.png 150w\" sizes=\"auto, (max-width: 400px) 100vw, 400px\"\/><\/figure>\n<\/div>\n<p><strong>Les USA et l\u2019Angleterre refusent de signer la d\u00e9claration sur l\u2019IA !<\/strong><\/p>\n<p>\u201cLes \u00c9tats-Unis et le Royaume-Uni ne figurent pas parmi les 61 premiers pays signataires de la d\u00e9claration pour une intelligence artificielle (IA) \u00abouverte\u00bb, \u00abinclusive\u00bb et \u00ab\u00e9thique\u00bb publi\u00e9e mardi \u00e0 l\u2019issue du Sommet pour l\u2019action sur l\u2019IA \u00e0 Paris. Les signataires, qui incluent la Chine, la France et l\u2019Inde, se sont aussi prononc\u00e9s pour une coordination renforc\u00e9e de la gouvernance de l\u2019IA n\u00e9cessitant un \u00abdialogue mondial\u00bb et ont appel\u00e9 \u00e0 \u00e9viter \u00abune concentration du march\u00e9\u00bb afin que cette technologie soit plus accessible.\u201d<\/p>\n<p>Le probl\u00e8me vous l\u2019avez compris, c\u2019est le terme \u201cinclusive\u201d et \u201c\u00e9thique\u201d. Cela veut dire en g\u00e9n\u00e9ral qu\u2019avec ce genre de principe il faut croire que l\u2019eau est s\u00e8che et que le feu est froid. Il ne faut pas juste le tol\u00e9rer. Non, il faut le croire. H\u00e9las, dans la vraie vie le feu br\u00fble et l\u2019eau mouille, mais d\u00e8s que quelque chose devient \u201cinclusif\u201d cela veut dire brouiller la perception de la r\u00e9alit\u00e9.<\/p>\n<p>Alors les Am\u00e9ricains n\u2019en veulent pas et leur logique se comprend (\u00e0 d\u00e9faut de la partager).<\/p>\n<p>Plus surprenant, le refus anglais devrait interroger.<\/p>\n<p>Pourquoi les anglais du tr\u00e8s \u201cinclusif\u201d et \u201cprogressiste\u201d Keir Starmer refuse la signature de cette d\u00e9claration sur l\u2019IA ? Sans doute un d\u00e9but de r\u00e9alignement de Londres sur Washington \u00e0 suivre de pr\u00e8s.<\/p>\n<p>Enfin, le joueur de pipo du (grand) Palais, veut une IA verte, durable et blablablabla\u2026<\/p>\n<p>\u00ab Rendre l\u2019intelligence artificielle durable pour les populations et la plan\u00e8te\u00bb est aussi cit\u00e9 comme l\u2019une de leurs priorit\u00e9s. \u00c0 cette fin, la cr\u00e9ation d\u2019un observatoire de l\u2019impact \u00e9nerg\u00e9tique de l\u2019intelligence artificielle pilot\u00e9 par l\u2019Agence internationale de l\u2019\u00e9nergie a \u00e9t\u00e9 officialis\u00e9e lors du sommet, comme une coalition pour une IA durable qui entend r\u00e9unir les entreprises leaders dans le secteur.<\/p>\n<p>\u00ab Nous posons l\u00e0 les bases, \u00e0 c\u00f4t\u00e9 de l\u2019innovation et de l\u2019acc\u00e9l\u00e9ration, de ce qui va permettre \u00e0 l\u2019IA d\u2019advenir et de tenir, c\u2019est-\u00e0-dire les cl\u00e9s de la confiance\u00bb, a comment\u00e9 le pr\u00e9sident fran\u00e7ais Emmanuel Macron, en conclusion du sommet qui se tenait au Grand Palais.<\/p>\n<p>Vance n\u2019est pas venu consensuel.<\/p>\n<p>Vance a donn\u00e9 la vision am\u00e9ricaine.<\/p>\n<p>Vance a donn\u00e9 ses instructions.<\/p>\n<p>L\u2019Europe pour le moment n\u2019a pas censur\u00e9 ni X, ni YouTube, ni Facebook.<\/p>\n<p>La bataille pour la lib\u00e9ration de l\u2019Europe vient juste de commencer et Vance est venu annoncer le d\u00e9barquement !<\/p>\n<p>Il est d\u00e9j\u00e0 trop tard, mais tout n\u2019est pas perdu.<\/p>\n<p>Pr\u00e9parez-vous !<\/p>\n<p>Charles SANNAT<\/p>\n<p>Tous les articles, la tribune libre et commentaires sont sous la responsabilit\u00e9 de leurs auteurs. Les Moutons Enrag\u00e9s ne sauraient \u00eatre tenus responsables de leur contenu ou orientation.<\/p>\n<\/p><\/div>\n<p><script async src=\"\/\/platform.twitter.com\/widgets.js\" charset=\"utf-8\"><\/script><br \/>\n<br \/><br \/>\n<br \/><a href=\"https:\/\/lesmoutonsenrages.fr\/2025\/02\/13\/la-baffe-du-vice-president-vance-a-leurope-et-a-macron-sur-la-liberte-dopinion-ledito-de-charles-sannat\/\" target=\"_blank\"\">Source link <\/a><\/p>\n","protected":false},"excerpt":{"rendered":"<p>Source INSOLENTIAE Mes ch\u00e8res impertinentes, chers impertinents, Hier, JD Vance le Vice Pr\u00e9sident am\u00e9ricain \u00e9tait \u00e0 Paris au sommet de l\u2019IA. Il a d\u00e9livr\u00e9 le message officiel des Etats-Unis. Un&hellip; <\/p>\n","protected":false},"author":1,"featured_media":2529,"comment_status":"open","ping_status":"open","sticky":false,"template":"","format":"standard","meta":{"footnotes":""},"categories":[1],"tags":[],"class_list":["post-2528","post","type-post","status-publish","format-standard","has-post-thumbnail","hentry","category-non-classe"],"_links":{"self":[{"href":"https:\/\/monde25.info\/index.php\/wp-json\/wp\/v2\/posts\/2528","targetHints":{"allow":["GET"]}}],"collection":[{"href":"https:\/\/monde25.info\/index.php\/wp-json\/wp\/v2\/posts"}],"about":[{"href":"https:\/\/monde25.info\/index.php\/wp-json\/wp\/v2\/types\/post"}],"author":[{"embeddable":true,"href":"https:\/\/monde25.info\/index.php\/wp-json\/wp\/v2\/users\/1"}],"replies":[{"embeddable":true,"href":"https:\/\/monde25.info\/index.php\/wp-json\/wp\/v2\/comments?post=2528"}],"version-history":[{"count":0,"href":"https:\/\/monde25.info\/index.php\/wp-json\/wp\/v2\/posts\/2528\/revisions"}],"wp:featuredmedia":[{"embeddable":true,"href":"https:\/\/monde25.info\/index.php\/wp-json\/wp\/v2\/media\/2529"}],"wp:attachment":[{"href":"https:\/\/monde25.info\/index.php\/wp-json\/wp\/v2\/media?parent=2528"}],"wp:term":[{"taxonomy":"category","embeddable":true,"href":"https:\/\/monde25.info\/index.php\/wp-json\/wp\/v2\/categories?post=2528"},{"taxonomy":"post_tag","embeddable":true,"href":"https:\/\/monde25.info\/index.php\/wp-json\/wp\/v2\/tags?post=2528"}],"curies":[{"name":"wp","href":"https:\/\/api.w.org\/{rel}","templated":true}]}}