{"id":25288,"date":"2026-03-15T13:38:38","date_gmt":"2026-03-15T12:38:38","guid":{"rendered":"https:\/\/monde25.info\/index.php\/2026\/03\/15\/israel-denonce-une-vague-de-desinformation-rt-en-francais\/"},"modified":"2026-03-15T13:38:38","modified_gmt":"2026-03-15T12:38:38","slug":"israel-denonce-une-vague-de-desinformation-rt-en-francais","status":"publish","type":"post","link":"https:\/\/monde25.info\/index.php\/2026\/03\/15\/israel-denonce-une-vague-de-desinformation-rt-en-francais\/","title":{"rendered":"Isra\u00ebl d\u00e9nonce une vague de d\u00e9sinformation \u2014 RT en fran\u00e7ais"},"content":{"rendered":"<p> <br \/>\n<br \/><img decoding=\"async\" src=\"https:\/\/mf.b37mrtl.ru\/french\/images\/2026.03\/thumbnail\/69b6706187f3ec379d22f04b.jpg\" \/><\/p>\n<div>\n<p class=\"text__summary\">\n                                        Isra\u00ebl a d\u00e9menti les rumeurs affirmant que Netanyahou aurait \u00e9t\u00e9 assassin\u00e9 lors d\u2019une frappe iranienne. Ces sp\u00e9culations ont \u00e9t\u00e9 aliment\u00e9es par des vid\u00e9os controvers\u00e9es et par l\u2019absence du Premier ministre \u00e0 une r\u00e9union strat\u00e9gique. Dans un contexte de guerre et de contr\u00f4le de l\u2019information, la d\u00e9sinformation circule sur les r\u00e9seaux sociaux.\n                                    <\/p>\n<p data-start=\"84\" data-end=\"501\">Le bureau du Premier ministre isra\u00e9lien Benjamin Netanyahou a d\u00e9menti cat\u00e9goriquement les rumeurs circulant sur les r\u00e9seaux sociaux affirmant qu\u2019il aurait \u00e9t\u00e9 assassin\u00e9 lors d\u2019une frappe iranienne en repr\u00e9sailles aux bombardements am\u00e9ricains et isra\u00e9liens. \u00ab Ce sont de fausses informations, le Premier ministre va bien \u00bb, a indiqu\u00e9 son cabinet, alors que ces sp\u00e9culations se multipliaient en ligne.<\/p>\n<p data-start=\"503\" data-end=\"1187\">La rumeur a pris de l\u2019ampleur apr\u00e8s l\u2019absence de Netanyahou \u00e0 une r\u00e9union du conseil de guerre consacr\u00e9e au conflit en cours avec l\u2019Iran. Plusieurs comptes ont alors affirm\u00e9, sans preuve, que la r\u00e9sidence du dirigeant isra\u00e9lien aurait \u00e9t\u00e9 vis\u00e9e par une attaque iranienne.<\/p>\n<h2 data-start=\"503\" data-end=\"1187\">Les six doigts de Netanyahou<\/h2>\n<p data-start=\"503\" data-end=\"1187\">L\u2019agence iranienne Tasnim a notamment relay\u00e9 des messages non v\u00e9rifi\u00e9s \u00e9voquant une frappe qui aurait tu\u00e9 le fr\u00e8re du Premier ministre et bless\u00e9 le ministre de la S\u00e9curit\u00e9 nationale Itamar Ben-Gvir. Ces affirmations ont \u00e9galement \u00e9t\u00e9 reprises par certaines figures m\u00e9diatiques, dont l\u2019ancien inspecteur onusien Scott Ritter, contribuant \u00e0 amplifier la confusion.<\/p>\n<p data-start=\"1189\" data-end=\"1633\">D\u2019autres \u00e9l\u00e9ments ont nourri la pol\u00e9mique, notamment l\u2019analyse d\u2019une vid\u00e9o r\u00e9cente du chef du gouvernement isra\u00e9lien. Certains internautes ont affirm\u00e9 qu\u2019elle pr\u00e9sentait des anomalies visuelles, allant jusqu\u2019\u00e0 \u00e9voquer l\u2019usage de l\u2019intelligence artificielle dans le but de\u00a0dissimuler sa mort. Des commentaires ont m\u00eame affirm\u00e9 que Netanyahou semblait avoir \u00ab six doigts \u00bb sur l\u2019image, un d\u00e9tail rapidement exploit\u00e9 pour alimenter diff\u00e9rentes th\u00e9ories.<\/p>\n<p data-start=\"1635\" data-end=\"2121\">Cette vague de d\u00e9sinformation s\u2019inscrit dans un contexte r\u00e9gional extr\u00eamement tendu. Depuis les frappes men\u00e9es par Isra\u00ebl et les \u00c9tats-Unis contre l\u2019Iran fin f\u00e9vrier, qui ont notamment entra\u00een\u00e9 la mort du guide supr\u00eame Ali Khamenei, la confrontation militaire entre les deux camps s\u2019est intensifi\u00e9e. T\u00e9h\u00e9ran a ripost\u00e9 par des tirs de drones et de missiles visant Isra\u00ebl et plusieurs pays de la r\u00e9gion, accus\u00e9s d\u2019abriter des installations militaires am\u00e9ricaines.<\/p>\n<p data-start=\"2123\" data-end=\"2517\">Dans ce climat de guerre ouverte, la bataille de l\u2019information occupe une place centrale. Les autorit\u00e9s isra\u00e9liennes contr\u00f4lent \u00e9troitement les communications li\u00e9es aux d\u00e9g\u00e2ts caus\u00e9s par les frappes iraniennes, ce qui limite la diffusion d\u2019images et de donn\u00e9es ind\u00e9pendantes. Ce manque de transparence contribue indirectement \u00e0 alimenter les rumeurs et les sp\u00e9culations sur les r\u00e9seaux sociaux.<\/p>\n<\/div>\n<p><br \/>\n<br \/><a href=\"https:\/\/francais.rt.com\/international\/131741-rumeurs-sur-mort-netanyahou-israel\" target=\"_blank\"\">Source link <\/a><\/p>\n","protected":false},"excerpt":{"rendered":"<p>Isra\u00ebl a d\u00e9menti les rumeurs affirmant que Netanyahou aurait \u00e9t\u00e9 assassin\u00e9 lors d\u2019une frappe iranienne. Ces sp\u00e9culations ont \u00e9t\u00e9 aliment\u00e9es par des vid\u00e9os controvers\u00e9es et par l\u2019absence du Premier ministre&hellip; <\/p>\n","protected":false},"author":1,"featured_media":25289,"comment_status":"open","ping_status":"open","sticky":false,"template":"","format":"standard","meta":{"footnotes":""},"categories":[1],"tags":[],"class_list":["post-25288","post","type-post","status-publish","format-standard","has-post-thumbnail","hentry","category-non-classe"],"_links":{"self":[{"href":"https:\/\/monde25.info\/index.php\/wp-json\/wp\/v2\/posts\/25288","targetHints":{"allow":["GET"]}}],"collection":[{"href":"https:\/\/monde25.info\/index.php\/wp-json\/wp\/v2\/posts"}],"about":[{"href":"https:\/\/monde25.info\/index.php\/wp-json\/wp\/v2\/types\/post"}],"author":[{"embeddable":true,"href":"https:\/\/monde25.info\/index.php\/wp-json\/wp\/v2\/users\/1"}],"replies":[{"embeddable":true,"href":"https:\/\/monde25.info\/index.php\/wp-json\/wp\/v2\/comments?post=25288"}],"version-history":[{"count":0,"href":"https:\/\/monde25.info\/index.php\/wp-json\/wp\/v2\/posts\/25288\/revisions"}],"wp:featuredmedia":[{"embeddable":true,"href":"https:\/\/monde25.info\/index.php\/wp-json\/wp\/v2\/media\/25289"}],"wp:attachment":[{"href":"https:\/\/monde25.info\/index.php\/wp-json\/wp\/v2\/media?parent=25288"}],"wp:term":[{"taxonomy":"category","embeddable":true,"href":"https:\/\/monde25.info\/index.php\/wp-json\/wp\/v2\/categories?post=25288"},{"taxonomy":"post_tag","embeddable":true,"href":"https:\/\/monde25.info\/index.php\/wp-json\/wp\/v2\/tags?post=25288"}],"curies":[{"name":"wp","href":"https:\/\/api.w.org\/{rel}","templated":true}]}}