{"id":25291,"date":"2026-03-15T14:44:43","date_gmt":"2026-03-15T13:44:43","guid":{"rendered":"https:\/\/monde25.info\/index.php\/2026\/03\/15\/israel-et-ses-soutiens-provoquent-des-attaques-contre-des-institutions-juives\/"},"modified":"2026-03-15T14:44:43","modified_gmt":"2026-03-15T13:44:43","slug":"israel-et-ses-soutiens-provoquent-des-attaques-contre-des-institutions-juives","status":"publish","type":"post","link":"https:\/\/monde25.info\/index.php\/2026\/03\/15\/israel-et-ses-soutiens-provoquent-des-attaques-contre-des-institutions-juives\/","title":{"rendered":"Isra\u00ebl et ses soutiens provoquent des attaques contre des institutions juives."},"content":{"rendered":"<p> <br \/>\n<\/p>\n<div id=\"\">\n<p>Jonathan Greenblatt, PDG de l\u2019Anti-Defamation League, a fait une apparition surprenante sur CNN en r\u00e9action \u00e0 la tentative d\u2019attentat \u00e0 la voiture pi\u00e9g\u00e9e contre une synagogue du Michigan, perp\u00e9tr\u00e9e par un homme dont des membres de la famille libanaise avaient \u00e9t\u00e9 tu\u00e9s par les forces isra\u00e9liennes.<\/p>\n<p>\u00ab\u00a0On voit le peuple juif, l\u2019\u00c9tat juif, accus\u00e9s d\u2019\u00eatre responsables de la guerre au Moyen-Orient\u00a0\u00bb, a d\u00e9clar\u00e9 Greenblatt. \u00ab\u00a0C\u2019est injuste. C\u2019est injuste de faire des Juifs des boucs \u00e9missaires, c\u2019est injuste de les tenir pour responsables de quelque chose qui nous d\u00e9pla\u00eet \u00e0 l\u2019autre bout du monde. Et nous avons vraiment besoin que les dirigeants de tous bords politiques, les candidats aux \u00e9lections, les podcasteurs, cessent avec les th\u00e9ories du complot, cessent avec les accusations, et qu\u2019ils nous disent ensuite\u00a0: \u00ab\u00a0Mais nous nous opposons \u00e0 l\u2019antis\u00e9mitisme\u00a0\u00bb. On ne peut pas pr\u00e9tendre s\u2019opposer \u00e0 la haine si l\u2019on colporte des th\u00e9ories du complot haineuses.\u00a0\u00bb<\/p>\n<p>\u00c0 premi\u00e8re vue, on pourrait croire que Greenblatt adopte une position tout \u00e0 fait raisonnable, \u00e0 savoir qu\u2019il est injuste de bl\u00e2mer les Juifs am\u00e9ricains pour les actions du gouvernement isra\u00e9lien.<\/p>\n<p>Mais examinons de plus pr\u00e8s son utilisation de l\u2019expression \u00ab\u00a0l\u2019\u00c9tat juif\u00a0\u00bb.<\/p>\n<p>En r\u00e9alit\u00e9, Greenblatt pr\u00e9tend qu\u2019il s\u2019agit d\u2019une th\u00e9orie du complot antis\u00e9mite visant \u00e0 imputer les crimes de guerre \u00e0 l\u2019\u00c9tat d\u2019Isra\u00ebl, tout en assimilant l\u2019ensemble du peuple juif aux agissements de cet \u00c9tat. C\u2019est ce qu\u2019il fait lorsqu\u2019il associe \u00ab\u00a0le peuple juif et l\u2019\u00c9tat juif\u00a0\u00bb dans la m\u00eame phrase, tout en \u00e9voquant les actes de violence militaire de masse perp\u00e9tr\u00e9s par Isra\u00ebl.<\/p>\n<p>Il est r\u00e9voltant de voir comment des apologistes du g\u00e9nocide comme Greenblatt gagnent leur vie en affirmant que les Juifs et le juda\u00efsme sont indissociables des agissements du gouvernement isra\u00e9lien, alors que d\u00e8s qu\u2019un attentat extr\u00e9miste est perp\u00e9tr\u00e9 par quelqu\u2019un qui confond Juifs occidentaux et \u00c9tat d\u2019Isra\u00ebl, on en accuse la gauche pro-palestinienne.<\/p>\n<p>Les militants pro-palestiniens se livrent \u00e0 d\u2019innombrables contorsions verbales pour \u00e9viter d\u2019assimiler le peuple juif \u00e0 l\u2019\u00c9tat d\u2019Isra\u00ebl, tandis qu\u2019Isra\u00ebl et ses partisans les confondent constamment. Pourtant, c\u2019est toujours nous qui sommes bl\u00e2m\u00e9s lorsqu\u2019un attentat terroriste vise une institution juive, perp\u00e9tr\u00e9 par une personne exasp\u00e9r\u00e9e par les actions d\u2019Isra\u00ebl.<\/p>\n<p>Ce sont les sionistes qui font tout leur possible pour que l\u2019\u00c9tat d\u2019Isra\u00ebl soit per\u00e7u comme synonyme de Juifs et de juda\u00efsme. C\u2019est ce qu\u2019ils font syst\u00e9matiquement lorsqu\u2019ils qualifient de discours de haine antis\u00e9mite toute critique des actions d\u2019Isra\u00ebl. Ils pr\u00e9tendent que la nation et son gouvernement ne font qu\u2019un avec l\u2019ensemble de la foi juive et ses fid\u00e8les.<\/p>\n<p>Les militants pro-palestiniens font exactement le contraire. Nous prenons grand soin de formuler nos arguments avec pr\u00e9cision afin d\u2019\u00e9viter toute interpr\u00e9tation comme une attaque contre la foi juive, en indiquant clairement que notre grief vise l\u2019\u00c9tat d\u2019Isra\u00ebl et l\u2019id\u00e9ologie politique du sionisme qui cautionne ses exactions. Or, les d\u00e9fenseurs d\u2019Isra\u00ebl s\u2019en prennent \u00e0 ces arguments m\u00e9ticuleusement \u00e9labor\u00e9s et les pr\u00e9sentent comme une attaque haineuse contre tous les Juifs.<\/p>\n<p>Les sionistes sont donc responsables du sentiment croissant que nos voisins et compatriotes juifs sont coupables des exactions du gouvernement isra\u00e9lien. Lorsque de nouvelles attaques contre des institutions juives se produiront (et elles se produiront), c\u2019est Isra\u00ebl et ses soutiens qui en porteront la responsabilit\u00e9, et non la gauche pro-palestinienne.<\/p>\n<p>Je ne dis pas que les attaques contre les institutions juives sont souhaitables. Je ne dis pas que ce sera une bonne chose. Je dis simplement que cela se produira, et que ce sera terrible. Et ce sera la faute d\u2019Isra\u00ebl et de ses soutiens.<\/p>\n<p>Nous nous sommes d\u00e9men\u00e9s comme des fous pour emp\u00eacher cela, nous nous sommes efforc\u00e9s de contrecarrer les efforts sionistes visant \u00e0 amalgamer Juifs et Isra\u00ebl, mais nos voix ne portent pas assez. Ce ne sont pas nous qui sommes amplifi\u00e9s par tous les m\u00e9dias, ce sont eux. Ce ne sont pas des gens comme moi qui sont invit\u00e9s sur CNN pour parler \u00e0 Wolf Blitzer, mais des gens comme Jonathan Greenblatt.<\/p>\n<p>Alors, lorsque nous perdrons la guerre de l\u2019information sur ce front et que la prochaine attaque extr\u00e9miste aura lieu, ce ne sera pas de notre faute. Ce sera la leur. Ce sera la faute d\u2019Isra\u00ebl et de ses apologistes. Nous les avons combattus de toutes nos forces pour emp\u00eacher cela, mais ils ont gagn\u00e9. Et les cons\u00e9quences de cette situation reposeront donc enti\u00e8rement sur leurs \u00e9paules.<\/p>\n<p><strong>Caitlin JOHNSTONE<\/strong><\/p>\n<\/div>\n<p><br \/>\n<br \/><a href=\"https:\/\/www.legrandsoir.info\/israel-et-ses-soutiens-provoquent-des-attaques-contre-des-institutions-juives.html\" target=\"_blank\"\">Source link <\/a><\/p>\n","protected":false},"excerpt":{"rendered":"<p>Jonathan Greenblatt, PDG de l\u2019Anti-Defamation League, a fait une apparition surprenante sur CNN en r\u00e9action \u00e0 la tentative d\u2019attentat \u00e0 la voiture pi\u00e9g\u00e9e contre une synagogue du Michigan, perp\u00e9tr\u00e9e par&hellip; <\/p>\n","protected":false},"author":1,"featured_media":25292,"comment_status":"open","ping_status":"open","sticky":false,"template":"","format":"standard","meta":{"footnotes":""},"categories":[1],"tags":[],"class_list":["post-25291","post","type-post","status-publish","format-standard","has-post-thumbnail","hentry","category-non-classe"],"_links":{"self":[{"href":"https:\/\/monde25.info\/index.php\/wp-json\/wp\/v2\/posts\/25291","targetHints":{"allow":["GET"]}}],"collection":[{"href":"https:\/\/monde25.info\/index.php\/wp-json\/wp\/v2\/posts"}],"about":[{"href":"https:\/\/monde25.info\/index.php\/wp-json\/wp\/v2\/types\/post"}],"author":[{"embeddable":true,"href":"https:\/\/monde25.info\/index.php\/wp-json\/wp\/v2\/users\/1"}],"replies":[{"embeddable":true,"href":"https:\/\/monde25.info\/index.php\/wp-json\/wp\/v2\/comments?post=25291"}],"version-history":[{"count":0,"href":"https:\/\/monde25.info\/index.php\/wp-json\/wp\/v2\/posts\/25291\/revisions"}],"wp:featuredmedia":[{"embeddable":true,"href":"https:\/\/monde25.info\/index.php\/wp-json\/wp\/v2\/media\/25292"}],"wp:attachment":[{"href":"https:\/\/monde25.info\/index.php\/wp-json\/wp\/v2\/media?parent=25291"}],"wp:term":[{"taxonomy":"category","embeddable":true,"href":"https:\/\/monde25.info\/index.php\/wp-json\/wp\/v2\/categories?post=25291"},{"taxonomy":"post_tag","embeddable":true,"href":"https:\/\/monde25.info\/index.php\/wp-json\/wp\/v2\/tags?post=25291"}],"curies":[{"name":"wp","href":"https:\/\/api.w.org\/{rel}","templated":true}]}}