{"id":25294,"date":"2026-03-15T16:56:36","date_gmt":"2026-03-15T15:56:36","guid":{"rendered":"https:\/\/monde25.info\/index.php\/2026\/03\/15\/allo-macron-bobo-francesoir\/"},"modified":"2026-03-15T16:56:36","modified_gmt":"2026-03-15T15:56:36","slug":"allo-macron-bobo-francesoir","status":"publish","type":"post","link":"https:\/\/monde25.info\/index.php\/2026\/03\/15\/allo-macron-bobo-francesoir\/","title":{"rendered":"All\u00f4 Macron bobo ! | FranceSoir"},"content":{"rendered":"<p> <br \/>\n<\/p>\n<div>\n<p>(Ou comment transformer une ado inqui\u00e8te en outil de com\u2019 pr\u00e9sidentiel)<\/p>\n<blockquote>\n<p>\u00ab <em>Les cons, \u00e7a ose tout, c\u2019est m\u00eame \u00e0 \u00e7a qu\u2019on les reconna\u00eet !<\/em> \u00bb \u2013 Michel Audiard, Les Tontons Flingueurs (1961)<\/p>\n<\/blockquote>\n<p>65 ans plus tard, la r\u00e9plique n\u2019a pas pris une ride. Au contraire : sous l\u2019\u00e8re Macron, elle atteint des sommets. La communication \u00e9lys\u00e9enne en est le th\u00e9\u00e2tre privil\u00e9gi\u00e9, surtout quand il s\u2019agit de vendre du vent g\u00e9opolitique avec un sourire p\u00e9dagogique.<\/p>\n<p>Dernier \u00e9pisode en date : l<a target=\"_blank\" href=\"https:\/\/www.dailymotion.com\/video\/xa1daxi?utm_source=chatgpt.com\">e message vocal post\u00e9 sur le compte Instagram officiel d\u2019Emmanuel Macron<\/a>. R\u00e9ponse \u00e0 une suppos\u00e9e adolescente de 14 ans, \u00ab Fatima \u00bb, qui lui demande gentiment d\u2019\u00ab <em>enlever la guerre<\/em> \u00bb parce qu\u2019elle \u00ab <em>n\u2019a pas fini de vivre<\/em> \u00bb et qu\u2019il a \u00ab <em>trop ouvert [sa] bouche<\/em> \u00bb.<\/p>\n<p>Sur le papier, touchant. Dans les faits, cela sent le sc\u00e9nario \u00e9crit en r\u00e9union de com\u2019.<\/p>\n<h5>\u00a0<\/h5>\n<h5><strong>Les signaux d\u2019alerte que personne n\u2019est cens\u00e9 remarquer<\/strong><\/h5>\n<p>Tout d\u2019abord, un compte Instagram anonyme, z\u00e9ro publication, 96 followers fant\u00f4mes\u2026 et pourtant capable d\u2019envoyer un vocal directement au Pr\u00e9sident ? L\u2019\u00c9lys\u00e9e ne donne aucune info sur ce compte, les m\u00e9dias se contentent de r\u00e9p\u00e9ter \u00ab <em>une jeune Fran\u00e7aise pr\u00e9nomm\u00e9e Fatima<\/em> \u00bb. Pratique.<\/p>\n<p>Dans un second temps, le pr\u00e9nom \u00ab Fatima \u00bb ? <strong>R\u00e9v\u00e9l\u00e9 par Macron<\/strong> lui-m\u00eame dans sa r\u00e9ponse. Ni dans le message audio original, ni dans le profil. C\u2019est lui qui l\u2019attribue publiquement. Comme par hasard, un pr\u00e9nom qui coche toutes les cases : jeune, fran\u00e7aise \u00ab <em>de diversit\u00e9<\/em> \u00bb, innocente et inqui\u00e8te. Parfait pour humaniser le narratif et d\u00e9tourner l\u2019attention.<\/p>\n<p>Enfin la voix et le style du message ? <strong>Syntaxe enfantine<\/strong>, ton na\u00eff, formulation presque caricaturale (\u00ab <em>enlever la guerre s\u2019il vous pla\u00eet<\/em> \u00bb). \u00c7a colle trop bien \u00e0 l\u2019image d\u2019une ado d\u00e9pass\u00e9e par les \u00e9v\u00e9nements\u2026 ou \u00e0 une synth\u00e8se vocale calibr\u00e9e pour \u00e9mouvoir sans faire r\u00e9fl\u00e9chir.<\/p>\n<p>Et cerise sur le g\u00e2teau : cette petite sayn\u00e8te tombe pile quand l\u2019actualit\u00e9 fran\u00e7aise craintive (Epstein Files et leurs ramifications hexagonales, o\u00f9 Macron est souvent pr\u00e9sent\u00e9 comme figure centrale par les observateurs ind\u00e9pendants) risque d\u2019\u00e9clipser le \u00ab <em>grand r\u00e9cit<\/em> \u00bb international. Co\u00efncidence ?<\/p>\n<h5>\u00a0<\/h5>\n<h5><strong>La r\u00e9ponse \u00ab p\u00e9dagogique \u00bb qui infantilise tout un pays<\/strong><\/h5>\n<p>Macron ne r\u00e9pond pas seulement \u00e0 Fatima. Il poste sa r\u00e9ponse publique pour tous les Fran\u00e7ais. Et l\u00e0, le ton habituel revient : celui du prof qui explique la vie \u00e0 des CM2 un peu lents.<\/p>\n<p>Extrait du vocal pr\u00e9sidentiel (transcrit fid\u00e8lement) :<\/p>\n<blockquote>\n<p>\u00ab <em>Bonjour Fatima. Je voulais vous r\u00e9pondre. C\u2019est Emmanuel Macron. [\u2026] Vous n\u2019allez pas faire la guerre du tout. Et vous allez continuer de vivre, de peut-\u00eatre passer votre brevet ou votre baccalaur\u00e9at, d\u2019apprendre, de sortir, de vivre librement, de construire votre avenir. [\u2026] Les \u00c9tats-Unis et Isra\u00ebl ont lanc\u00e9 des op\u00e9rations militaires en Iran, parce que l\u2019Iran avait pris des d\u00e9cisions tr\u00e8s dangereuses pour tout le monde. Elle d\u00e9veloppait des armes nucl\u00e9aires. Elle avait des armes balistiques. Elle d\u00e9stabilisait la r\u00e9gion et elle avait massacr\u00e9 son peuple. [\u2026] La France, elle ne fait pas partie de cette guerre. Nous, on n\u2019est pas au combat et on ne va pas s\u2019engager dans cette guerre. [\u2026] On prot\u00e8ge les n\u00f4tres. [\u2026] On aide nos amis, les \u00c9mirats, le Qatar, le Kowe\u00eft, la Jordanie [\u2026] Et puis cette guerre bloque le commerce mondial, le p\u00e9trole, le gaz\u2026<\/em> \u00bb<\/p>\n<\/blockquote>\n<p>En clair : \u00ab <em>Ne t\u2019inqui\u00e8te pas, ma petite, les gentils (USA + Isra\u00ebl) bombardent les m\u00e9chants (Iran) pour sauver le monde. Nous, on regarde gentiment en aidant nos potes du Golfe et en faisant circuler les tankers. Tout va bien, va r\u00e9viser ton brevet.<\/em> \u00bb<\/p>\n<p><strong>Oubli\u00e9es les nuances g\u00e9opolitiques<\/strong>, les responsabilit\u00e9s partag\u00e9es, les cons\u00e9quences humanitaires, les int\u00e9r\u00eats fran\u00e7ais r\u00e9els. Place \u00e0 la fable binaire : axe du bien vs. axe du mal. Version 2026.<\/p>\n<h5>\u00a0<\/h5>\n<h5><strong>La guerre au Moyen-Orient expliqu\u00e9e\u2026 pour les Nuls (version Macron)<\/strong><\/h5>\n<p>Pour ceux qui pr\u00e9f\u00e8rent la version ultra-simplifi\u00e9e, voici la retranscription honn\u00eate de ce qu\u2019on nous sert : il s\u2019agit <strong>d\u2019une guerre pr\u00e9ventive<\/strong> men\u00e9e par les gentils \u2013 les \u00c9tats-Unis et Isra\u00ebl, pacifiques et d\u00e9mocratiques \u2013 contre les m\u00e9chants \u2013 l\u2019Iran, barbus antis\u00e9mites et cannibales. Les <strong>gentils bombardent<\/strong> pour lib\u00e9rer les Iraniens opprim\u00e9s, leur apporter la d\u00e9mocratie, les droits de l\u2019homme et la joie de vivre. Les m\u00e9chants, eux, respectent (trop) les r\u00e8gles internationales et privent leur peuple de tout, ce qui constitue la preuve irr\u00e9futable de leur m\u00e9chancet\u00e9 absolue.<\/p>\n<p>Quant \u00e0 la France ? Elle n\u2019est pas en guerre, jamais. On se contente d\u2019aider \u00e0 intercepter des missiles, de prot\u00e9ger nos alli\u00e9s, de s\u00e9curiser le p\u00e9trole et de ramener nos compatriotes, le tout pacifiquement, bien s\u00fbr. Et en bonus, on stabilise le Liban en m\u00eame temps, parce qu\u2019on est multit\u00e2ches.<\/p>\n<p>Et \u00e0 la question incontournable qu\u2019aurait pu poser n\u2019importe quel citoyen un minimum adulte : \u00ab <em>Avez-vous au moins sollicit\u00e9 l\u2019avis des Fran\u00e7ais, ou ne serait-ce que celui des repr\u00e9sentants du peuple, avant de nous embarquer dans ce r\u00f4le de pompiers multit\u00e2ches du Golfe ?<\/em> \u00bb, la r\u00e9ponse reste la m\u00eame : silence radio. Pas de d\u00e9bat parlementaire, pas de r\u00e9f\u00e9rendum, pas m\u00eame un sondage bidon. Juste un vocal mielleux sur Instagram pour expliquer \u00e0 une ado (ou \u00e0 nous tous) que tout va bien et qu\u2019il faut retourner r\u00e9viser le brevet.<\/p>\n<p>R\u00e9sultat : plus c\u2019est gros, plus \u00e7a passe. Et plus on nous prend pour des enfants.<\/p>\n<h5>\u00a0<\/h5>\n<h5><strong>Arr\u00eatons d\u2019\u00eatre les figurants de leur com\u2019<\/strong><\/h5>\n<p>Cette op\u00e9ration \u00ab Fatima \u00bb n\u2019est pas une maladresse. C\u2019est une strat\u00e9gie assum\u00e9e : infantiliser le d\u00e9bat, d\u00e9tourner l\u2019attention des scandales domestiques, et maintenir le contr\u00f4le du narratif \u00e0 grand renfort de voix douce et de mensonges par omission.<\/p>\n<p>Fatima (r\u00e9elle ou fabriqu\u00e9e) m\u00e9rite mieux qu\u2019un r\u00f4le de figurante dans un spot pr\u00e9sidentiel. Et nous aussi.<\/p>\n<p>Ne soyons pas les \u00ab Nuls \u00bb qu\u2019on nous imagine \u00eatre. Exigeons des r\u00e9ponses adultes sur les vrais sujets : les alliances cach\u00e9es, les Epstein Files version fran\u00e7aise, l\u2019impact r\u00e9el de cette escalade sur nos vies, nos libert\u00e9s et notre avenir.<\/p>\n<p>Et surtout, aujourd\u2019hui m\u00eame \u2013 dimanche 15 mars 2026, premier tour des \u00e9lections municipales \u2013 faisons usage de notre vote. C\u2019est l\u2019occasion de sanctionner ou de soutenir ceux qui nous traitent en adultes responsables, pas en enfants \u00e0 qui on explique la g\u00e9opolitique comme \u00e0 des CM2. Posez les questions qui f\u00e2chent aux pr\u00e9tendants au suffrage : comment comptez-vous restaurer la transparence ? Refuserez-vous les instrumentalisations th\u00e9\u00e2trales venues d\u2019en haut ? Ceux qui nous prennent pour des \u00ab Fatima \u00bb \u00e0 rassurer avec des fables simplistes m\u00e9ritent-ils d\u2019\u00eatre suivis, ou ne vaut-il pas mieux s\u2019en \u00e9loigner au profit de ceux qui respectent notre intelligence collective ?<\/p>\n<p>Parce que la guerre, on ne l\u2019\u00ab <em>enl\u00e8ve<\/em> \u00bb pas avec un vocal mielleux. On la questionne. On la d\u00e9construit. Et on refuse qu\u2019on nous la vende comme un dessin anim\u00e9.<\/p>\n<p>All\u00f4 Emmanuel? On n\u2019est plus en CM2. Et aujourd\u2019hui, on vote.<\/p>\n<p>Fin de transmission.<\/p>\n<p>\u00a0<\/p>\n<\/div>\n<p><script>(function(d, s, id) {  var js, fjs = d.getElementsByTagName(s)[0];  if (d.getElementById(id)) return;  js = d.createElement(s); js.id = id;  js.src = \"\/\/connect.facebook.net\/fr_FR\/sdk.js#xfbml=1&version=v2.3\";  fjs.parentNode.insertBefore(js, fjs);}(document, \"script\", \"facebook-jssdk\"));<\/script><br \/>\n<br \/><br \/>\n<br \/><a href=\"https:\/\/www.francesoir.fr\/opinions-editos\/allo-macron-bobo\" target=\"_blank\"\">Source link <\/a><\/p>\n","protected":false},"excerpt":{"rendered":"<p>(Ou comment transformer une ado inqui\u00e8te en outil de com\u2019 pr\u00e9sidentiel) \u00ab Les cons, \u00e7a ose tout, c\u2019est m\u00eame \u00e0 \u00e7a qu\u2019on les reconna\u00eet ! \u00bb \u2013 Michel Audiard, Les&hellip; <\/p>\n","protected":false},"author":1,"featured_media":25295,"comment_status":"open","ping_status":"open","sticky":false,"template":"","format":"standard","meta":{"footnotes":""},"categories":[1],"tags":[],"class_list":["post-25294","post","type-post","status-publish","format-standard","has-post-thumbnail","hentry","category-non-classe"],"_links":{"self":[{"href":"https:\/\/monde25.info\/index.php\/wp-json\/wp\/v2\/posts\/25294","targetHints":{"allow":["GET"]}}],"collection":[{"href":"https:\/\/monde25.info\/index.php\/wp-json\/wp\/v2\/posts"}],"about":[{"href":"https:\/\/monde25.info\/index.php\/wp-json\/wp\/v2\/types\/post"}],"author":[{"embeddable":true,"href":"https:\/\/monde25.info\/index.php\/wp-json\/wp\/v2\/users\/1"}],"replies":[{"embeddable":true,"href":"https:\/\/monde25.info\/index.php\/wp-json\/wp\/v2\/comments?post=25294"}],"version-history":[{"count":0,"href":"https:\/\/monde25.info\/index.php\/wp-json\/wp\/v2\/posts\/25294\/revisions"}],"wp:featuredmedia":[{"embeddable":true,"href":"https:\/\/monde25.info\/index.php\/wp-json\/wp\/v2\/media\/25295"}],"wp:attachment":[{"href":"https:\/\/monde25.info\/index.php\/wp-json\/wp\/v2\/media?parent=25294"}],"wp:term":[{"taxonomy":"category","embeddable":true,"href":"https:\/\/monde25.info\/index.php\/wp-json\/wp\/v2\/categories?post=25294"},{"taxonomy":"post_tag","embeddable":true,"href":"https:\/\/monde25.info\/index.php\/wp-json\/wp\/v2\/tags?post=25294"}],"curies":[{"name":"wp","href":"https:\/\/api.w.org\/{rel}","templated":true}]}}