{"id":253,"date":"2024-11-16T12:47:46","date_gmt":"2024-11-16T11:47:46","guid":{"rendered":"https:\/\/monde25.info\/index.php\/2024\/11\/16\/le-genocide-israelien-a-gaza-a-t-il-aussi-massacre-ce-qui-subsistait-de-lonu-enfant-de-la-societe-sott-net\/"},"modified":"2024-11-16T12:47:46","modified_gmt":"2024-11-16T11:47:46","slug":"le-genocide-israelien-a-gaza-a-t-il-aussi-massacre-ce-qui-subsistait-de-lonu-enfant-de-la-societe-sott-net","status":"publish","type":"post","link":"https:\/\/monde25.info\/index.php\/2024\/11\/16\/le-genocide-israelien-a-gaza-a-t-il-aussi-massacre-ce-qui-subsistait-de-lonu-enfant-de-la-societe-sott-net\/","title":{"rendered":"Le g\u00e9nocide isra\u00e9lien \u00e0 Gaza a-t-il aussi massacr\u00e9 ce qui subsistait de l&rsquo;ONU ? \u2014 Enfant de la Soci\u00e9t\u00e9 \u2014 Sott.net"},"content":{"rendered":"<p> <br \/>\n<\/p>\n<div>\n<div class=\"article-image-super to-center\"><a target=\"_blank\" href=\"https:\/\/fr.sott.net\/image\/s35\/718305\/full\/00_16_678x455.jpg\" target=\"_blank\" title=\"\u00a9 Wahaj Bani Moufleh \/ Activestills\"><img decoding=\"async\" src=\"https:\/\/fr.sott.net\/image\/s35\/718305\/super\/00_16_678x455.jpg\" alt=\"g\u00e9nocide \u00e2lestinien\" title=\"Cliquer pour agrandir\"\/><\/a><\/p>\n<p><span class=\"tiny\">\u00a9 Wahaj Bani Moufleh \/ Activestills<\/span><span class=\"caption\">4 novembre 2024 &#8211; En solidarit\u00e9 avec la cause palestinienne, des militants organisent une manifestation comm\u00e9morative au Media Park, le principal centre m\u00e9diatique des Pays-Bas, \u00e0 Hilversum. Les participants ont d\u00e9pos\u00e9 des fleurs sur les portraits des 192 journalistes tu\u00e9s par les forces coloniales isra\u00e9liennes pendant la guerre g\u00e9nocidaire contre Gaza. Des milliers de chaussures ont \u00e9t\u00e9 dispos\u00e9es pour symboliser le grand nombre d&rsquo;enfants tu\u00e9s, qui s&rsquo;\u00e9l\u00e8ve \u00e0 plus de 17 000. Cette manifestation percutante au c\u0153ur du centre m\u00e9diatique n\u00e9erlandais visait \u00e0 attirer l&rsquo;attention du monde entier sur les souffrances du peuple palestinien, en amplifiant sa voix et son combat.<\/span><\/p>\n<\/div>\n<p> Francesca Albanese n&rsquo;a pas m\u00e2ch\u00e9 ses mots. Dans un discours tr\u00e8s ferme prononc\u00e9 le 29 octobre devant la troisi\u00e8me commission de l&rsquo;Assembl\u00e9e g\u00e9n\u00e9rale des Nations unies, la rapporteuse sp\u00e9ciale des Nations unies s&rsquo;est \u00e9cart\u00e9e de la ligne habituelle des autres fonctionnaires de l&rsquo;ONU. Elle a adress\u00e9 les d\u00e9clarations qui suivent aux personnes pr\u00e9sentes.<\/p>\n<p>\u00ab Est-il possible qu&rsquo;apr\u00e8s la mort de <a target=\"_blank\" href=\"https:\/\/www.chroniquepalestine.com\/compter-les-morts-a-gaza-difficile-mais-essentiel\/\">42 000 personnes<\/a>, vous ne puissiez pas \u00e9prouver de l&#8217;empathie pour les Palestiniens ? \u00bb Dans sa d\u00e9claration, Mme Albanese a soulign\u00e9 la n\u00e9cessit\u00e9 de \u00ab reconna\u00eetre (la guerre d&rsquo;Isra\u00ebl contre Gaza) comme un <a target=\"_blank\" href=\"https:\/\/www.chroniquepalestine.com\/temoignages-sauvagerie-cruaute-et-sadisme-israeliens-gaza-sans-limites\/\">g\u00e9nocide<\/a> \u00bb.<\/p>\n<p>\u00ab Ceux d&rsquo;entre vous qui n&rsquo;ont pas dit un mot sur ce qui se passe \u00e0 Gaza mettent en \u00e9vidence que l&rsquo;<a target=\"_blank\" href=\"https:\/\/www.chroniquepalestine.com\/hypocrisie-et-genocide-gaza-a-expose-occident-comme-jamais-auparavant\/\">empathie s&rsquo;est \u00e9vapor\u00e9e<\/a> de cette salle \u00bb, a-t-elle ajout\u00e9.<\/p>\n<p><iframe loading=\"lazy\" width=\"600\" height=\"827\" src=\"https:\/\/www.sott.net\/embed\/syIAsuO7mOfDdfbVrK-spML1sUO\" allowfullscreen=\"\"><\/iframe><\/p>\n<p><a target=\"_blank\" href=\"https:\/\/www.chroniquepalestine.com\/francesca-alabanese-rapporteuse-nations-unies-victime-campagne-diffamation\/\">Albanese<\/a> a-t-elle \u00e9t\u00e9 trop id\u00e9aliste en choisissant de faire appel \u00e0 l&#8217;empathie qui, selon elle, repr\u00e9sente \u00ab le ciment qui nous rend unis en tant qu&rsquo;humanit\u00e9 \u00bb ?<\/p>\n<p>La r\u00e9ponse d\u00e9pend en grande partie de la mani\u00e8re dont nous souhaitons d\u00e9finir le r\u00f4le jou\u00e9 par l&rsquo;ONU et ses diff\u00e9rentes institutions ; si sa <a target=\"_blank\" href=\"https:\/\/www.chroniquepalestine.com\/tag\/nations-unies\">plate-forme mondiale<\/a> a \u00e9t\u00e9 cr\u00e9\u00e9e en tant que garant de la paix ? Ou en tant que club politique permettant \u00e0 ceux qui disposent d&rsquo;une puissance militaire et d&rsquo;un pouvoir politique d&rsquo;imposer leur programme au reste du monde ?<\/p>\n<p>Francesca Albanese n&rsquo;est pas la premi\u00e8re personne \u00e0 exprimer sa profonde frustration face \u00e0 l&rsquo;effondrement institutionnel &#8211; si ce n&rsquo;est moral &#8211; des Nations Unies, ou \u00e0 l&rsquo;incapacit\u00e9 de l&rsquo;institution \u00e0 apporter un quelconque changement tangible, en particulier en p\u00e9riode de crise grave.<\/p>\n<p><span class=\"Hilite\">Le secr\u00e9taire g\u00e9n\u00e9ral de l&rsquo;ONU, Antonio Guterres, a lui-m\u00eame accus\u00e9 la branche ex\u00e9cutive de l&rsquo;ONU, le Conseil de s\u00e9curit\u00e9, d&rsquo;\u00eatre \u00ab d\u00e9pass\u00e9e \u00bb, \u00ab injuste \u00bb et de constituer un \u00ab syst\u00e8me inefficace \u00bb.<\/span><\/p>\n<p>\u00ab La v\u00e9rit\u00e9 est que le Conseil de s\u00e9curit\u00e9 a syst\u00e9matiquement \u00e9chou\u00e9 dans sa capacit\u00e9 \u00e0 mettre fin aux conflits les plus dramatiques auxquels nous sommes confront\u00e9s aujourd&rsquo;hui \u00bb, a-t-il d\u00e9clar\u00e9, faisant r\u00e9f\u00e9rence au \u00ab Soudan, \u00e0 Gaza, \u00e0 l&rsquo;Ukraine \u00bb.<\/p>\n<p>Par ailleurs, tout en soulignant que \u00ab l&rsquo;ONU n&rsquo;est pas le Conseil de s\u00e9curit\u00e9 \u00bb, M. Guterres a reconnu que tous les organes de l&rsquo;ONU \u00ab souffrent du fait que les gens les regardent et pensent : \u00ab Eh bien, le Conseil de s\u00e9curit\u00e9 nous a d\u00e9\u00e7us \u00bb.<\/p>\n<p>Toutefois, certains officiels de l&rsquo;ONU s&rsquo;inqui\u00e8tent surtout de la fa\u00e7on dont l&rsquo;\u00e9chec de l&rsquo;organisation compromet le statut du syst\u00e8me international, et donc ce qui reste de leur propre cr\u00e9dibilit\u00e9. Mais d&rsquo;autres, comme Albanese, sont anim\u00e9s d&rsquo;un sens aigu de l&rsquo;humanit\u00e9.<\/p>\n<p>Le 28 octobre 2023, quelques semaines seulement apr\u00e8s le d\u00e9but de la guerre, le directeur du bureau new-yorkais du Haut-Commissariat des Nations unies aux droits de l&rsquo;homme a quitt\u00e9 son poste parce qu&rsquo;il ne pouvait plus concilier l&rsquo;incapacit\u00e9 \u00e0 arr\u00eater la guerre \u00e0 Gaza et la cr\u00e9dibilit\u00e9 de l&rsquo;institution.<\/p>\n<p>\u00ab Ce sera ma derni\u00e8re communication avec vous \u00bb, a \u00e9crit <a target=\"_blank\" href=\"https:\/\/www.chroniquepalestine.com\/writers\/craig-mokhiber\/\">Craig Mokhiber<\/a> au haut-commissaire des Nations unies \u00e0 Gen\u00e8ve, Volker Turk. <span class=\"Hilite\">\u00ab Une fois de plus, nous assistons \u00e0 un g\u00e9nocide qui se d\u00e9roule sous nos yeux et l&rsquo;organisation que nous servons semble impuissante \u00e0 l&rsquo;arr\u00eater \u00bb,<\/span> a ajout\u00e9 M. Mokhiber.<\/p>\n<p>L&rsquo;expression \u00ab une fois de plus \u00bb peut expliquer pourquoi le fonctionnaire de l&rsquo;ONU a pris la d\u00e9cision de partir peu apr\u00e8s le d\u00e9but de la guerre. Il avait le sentiment que l&rsquo;histoire se r\u00e9p\u00e9tait, dans tous ses d\u00e9tails sanglants, alors que la communaut\u00e9 internationale restait divis\u00e9e entre l&rsquo;impuissance et l&rsquo;apathie.<\/p>\n<p>Le probl\u00e8me est multiple et compliqu\u00e9 par le fait que les officiels et les employ\u00e9s des Nations unies n&rsquo;ont pas le pouvoir de modifier la structure tr\u00e8s asym\u00e9trique de la plus grande institution politique du monde.<\/p>\n<p>Ce pouvoir est entre les mains de ceux qui d\u00e9tiennent le pouvoir politique, militaire, financier et le droit de <em><a target=\"_blank\" href=\"https:\/\/www.chroniquepalestine.com\/pourquoi-difficile-reformer-conseil-securite-nations-unies\/\">veto<\/a><\/em>.<\/p>\n<p>Dans ce contexte, des pays comme Isra\u00ebl peuvent faire ce qu&rsquo;ils veulent, y compris interdire les organisations des Nations unies qui ont \u00e9t\u00e9 charg\u00e9es de faire respecter le droit international, comme l&rsquo;a fait la Knesset isra\u00e9lienne le 28 octobre en adoptant une <a target=\"_blank\" href=\"https:\/\/www.chroniquepalestine.com\/en-placant-unrwa-hors-la-loi-etat-genocidaire-sacrifie-toute-une-generation-enfants-palestiniens\/\">loi interdisant<\/a> \u00e0 l&rsquo;UNRWA de mener \u00ab toute activit\u00e9 \u00bb ou de fournir des services en \u00ab Isra\u00ebl \u00bb et dans les territoires occup\u00e9s.<\/p>\n<p><span class=\"BoldGrey\">Mais existe-t-il un moyen de sortir de cette situation ?<\/span><\/p>\n<p>Nombreux sont ceux, en particulier dans les pays du Sud, qui pensent que les Nations unies n&rsquo;ont plus d&rsquo;utilit\u00e9 ou qu&rsquo;elles doivent \u00eatre r\u00e9form\u00e9es en profondeur.<\/p>\n<p>Ces \u00e9valuations sont justifi\u00e9es et se fondent sur cette simple maxime : les Nations unies ont \u00e9t\u00e9 cr\u00e9\u00e9es en 1945 avec pour principaux objectifs \u00ab le maintien de la paix et de la s\u00e9curit\u00e9 internationales, la promotion du bien-\u00eatre des peuples du monde et la coop\u00e9ration internationale \u00e0 ces fins \u00bb.<\/p>\n<p>Cet engagement n&rsquo;a \u00e9t\u00e9 que tr\u00e8s peu respect\u00e9. En fait, non seulement l&rsquo;ONU a \u00e9chou\u00e9 dans sa mission premi\u00e8re, mais elle est devenue une d\u00e9monstartion permanente de la r\u00e9partition in\u00e9gal\u00e9e du pouvoir entre ses membres.<\/p>\n<p>Bien que l&rsquo;ONU ait \u00e9t\u00e9 cr\u00e9\u00e9e \u00e0 la suite des atrocit\u00e9s de la Seconde Guerre mondiale, elle est aujourd&rsquo;hui largement inutile en raison de son incapacit\u00e9 \u00e0 mettre un terme \u00e0 des atrocit\u00e9s similaires en Palestine, au <a target=\"_blank\" href=\"https:\/\/www.chroniquepalestine.com\/tag\/liban\">Liban<\/a>, au <a target=\"_blank\" href=\"https:\/\/www.chroniquepalestine.com\/tag\/soudan\">Soudan<\/a> et ailleurs.<\/p>\n<p>Dans son discours, Mme Albanese a soulign\u00e9 que, si les \u00e9checs de l&rsquo;ONU se poursuivent, son mandat deviendra \u00ab de plus en plus insignifiant pour le reste du monde \u00bb, en particulier en ces temps de troubles.<\/p>\n<p>Albanese a raison, bien s\u00fbr, mais compte tenu des dommages irr\u00e9versibles qui ont d\u00e9j\u00e0 \u00e9t\u00e9 caus\u00e9s, <span class=\"Hilite\">il est difficile de trouver une justification morale, et encore moins rationnelle, \u00e0 la poursuite de l&rsquo;existence de l&rsquo;ONU, du moins sous sa forme actuelle.<\/span><\/p>\n<p>Maintenant que le Sud global se l\u00e8ve enfin avec ses propres initiatives politiques, \u00e9conomiques et juridiques, il est temps pour ces nouveaux organes d&rsquo;offrir une alternative compl\u00e8te \u00e0 l&rsquo;ONU ou de pousser \u00e0 des r\u00e9formes s\u00e9rieuses et irr\u00e9versibles au sein de l&rsquo;organisation.<\/p>\n<p>Ou bien le syst\u00e8me international continuera d&rsquo;\u00eatre sous d\u00e9fini par l&rsquo;apathie et l&rsquo;int\u00e9r\u00eat personnel.<\/p>\n<p>Source : <em> <a target=\"_blank\" href=\"https:\/\/www.middleeastmonitor.com\/20241113-end-of-empathy-did-the-gaza-genocide-render-the-un-irrelevant\/\">Middle-East Monitor<\/a> &#8211; 13 novembre 2024<\/em><\/p>\n<p>Traduction : Chronique de Palestine &#8211; Lotfallah\n\t\t<\/p>\n<\/div>\n<p><br \/>\n<br \/><a href=\"https:\/\/fr.sott.net\/article\/44114-Le-genocide-israelien-a-Gaza-at-il-aussi-massacre-ce-qui-subsistait-de-l-ONU\" target=\"_blank\"\">Source link <\/a><\/p>\n","protected":false},"excerpt":{"rendered":"<p>\u00a9 Wahaj Bani Moufleh \/ Activestills4 novembre 2024 &#8211; En solidarit\u00e9 avec la cause palestinienne, des militants organisent une manifestation comm\u00e9morative au Media Park, le principal centre m\u00e9diatique des Pays-Bas,&hellip; <\/p>\n","protected":false},"author":1,"featured_media":254,"comment_status":"open","ping_status":"open","sticky":false,"template":"","format":"standard","meta":{"footnotes":""},"categories":[1],"tags":[],"class_list":["post-253","post","type-post","status-publish","format-standard","has-post-thumbnail","hentry","category-non-classe"],"_links":{"self":[{"href":"https:\/\/monde25.info\/index.php\/wp-json\/wp\/v2\/posts\/253","targetHints":{"allow":["GET"]}}],"collection":[{"href":"https:\/\/monde25.info\/index.php\/wp-json\/wp\/v2\/posts"}],"about":[{"href":"https:\/\/monde25.info\/index.php\/wp-json\/wp\/v2\/types\/post"}],"author":[{"embeddable":true,"href":"https:\/\/monde25.info\/index.php\/wp-json\/wp\/v2\/users\/1"}],"replies":[{"embeddable":true,"href":"https:\/\/monde25.info\/index.php\/wp-json\/wp\/v2\/comments?post=253"}],"version-history":[{"count":0,"href":"https:\/\/monde25.info\/index.php\/wp-json\/wp\/v2\/posts\/253\/revisions"}],"wp:featuredmedia":[{"embeddable":true,"href":"https:\/\/monde25.info\/index.php\/wp-json\/wp\/v2\/media\/254"}],"wp:attachment":[{"href":"https:\/\/monde25.info\/index.php\/wp-json\/wp\/v2\/media?parent=253"}],"wp:term":[{"taxonomy":"category","embeddable":true,"href":"https:\/\/monde25.info\/index.php\/wp-json\/wp\/v2\/categories?post=253"},{"taxonomy":"post_tag","embeddable":true,"href":"https:\/\/monde25.info\/index.php\/wp-json\/wp\/v2\/tags?post=253"}],"curies":[{"name":"wp","href":"https:\/\/api.w.org\/{rel}","templated":true}]}}