{"id":25303,"date":"2026-03-15T19:41:43","date_gmt":"2026-03-15T18:41:43","guid":{"rendered":"https:\/\/monde25.info\/index.php\/2026\/03\/15\/liran-denonce-la-responsabilite-personnelle-du-president-des-etats-unis-par-seyed-abbas-araghchi\/"},"modified":"2026-03-15T19:41:43","modified_gmt":"2026-03-15T18:41:43","slug":"liran-denonce-la-responsabilite-personnelle-du-president-des-etats-unis-par-seyed-abbas-araghchi","status":"publish","type":"post","link":"https:\/\/monde25.info\/index.php\/2026\/03\/15\/liran-denonce-la-responsabilite-personnelle-du-president-des-etats-unis-par-seyed-abbas-araghchi\/","title":{"rendered":"L&rsquo;Iran d\u00e9nonce la responsabilit\u00e9 personnelle du pr\u00e9sident des \u00c9tats-Unis, par Seyed Abbas Araghchi"},"content":{"rendered":"<p> <br \/>\n<\/p>\n<div>\n<div class=\"spip_document_252373 spip_document spip_documents spip_document_image spip_documents_center spip_document_center\">\n<figure class=\"spip_doc_inner\">\n<a target=\"_blank\" href=\"https:\/\/www.voltairenet.org\/IMG\/jpg\/400_-_1_2_-186.jpg\" class=\"spip_doc_lien mediabox\" type=\"image\/jpeg\"><br \/>\n<img loading=\"lazy\" decoding=\"async\" src=\"https:\/\/www.voltairenet.org\/local\/cache-vignettes\/L800xH600\/400_-_1_2_-186-270d3.jpg?1773559727\" width=\"800\" height=\"600\" alt=\"\"\/><\/a><br \/>\n<\/figure>\n<\/div>\n<p>\tJe vous \u00e9cris pour appeler votre attention sur la derni\u00e8re menace impudente en date agit\u00e9e par le Pr\u00e9sident des \u00c9tats-Unis contre la souverainet\u00e9 et l\u2019int\u00e9grit\u00e9 territoriale de la R\u00e9publique islamique d\u2019Iran, qui constitue clairement des aveux quant \u00e0 la commission de crimes de guerre contre la nation iranienne. Au milieu d\u2019une guerre d\u2019agression impos\u00e9e \u00e0 mon pays au m\u00e9pris de la Charte des Nations Unies et des principes fondamentaux bien \u00e9tablis du droit international, dans un nouveau message publi\u00e9 sur les m\u00e9dias sociaux, le Pr\u00e9sident des \u00c9tats-Unis a prof\u00e9r\u00e9 une menace scandaleuse, d\u00e9clarant qu\u2019\u00e9taient \u00ab\u00a0s\u00e9rieusement examin\u00e9es la destruction totale de zones et la mort certaine de groupes de personnes qui, jusqu\u2019\u00e0 pr\u00e9sent, n\u2019avaient pas \u00e9t\u00e9 envisag\u00e9s comme des cibles possibles\u00a0\u00bb.<\/p>\n<p>\tSigne \u00e9vident de la frustration des \u00c9tats-Unis face \u00e0 leurs \u00e9checs, une promesse criminelle de \u00ab\u00a0destruction totale de zones et de mort certaine de groupes de personnes\u00a0\u00bb est faite au moment o\u00f9 le monde assiste aux attaques militaires men\u00e9es par les \u00c9tats-Unis et le r\u00e9gime isra\u00e9lien contre des \u00e9coles, des h\u00f4pitaux, des immeubles r\u00e9sidentiels, des infrastructures, des salles de sport et des centres d\u2019aide humanitaire en Iran, qui ont jusqu\u2019\u00e0 pr\u00e9sent co\u00fbt\u00e9 la vie \u00e0 des centaines de civils innocents, dont des femmes et des enfants. Alors que l\u2019Iran a exerc\u00e9 et continue d\u2019exercer son droit naturel \u00e0 la l\u00e9gitime d\u00e9fense contre cette agression pr\u00e9m\u00e9dit\u00e9e et injustifi\u00e9e, en vertu de l\u2019Article 51 de la Charte des Nations Unies, les crimes de guerre et les crimes contre l\u2019humanit\u00e9 horribles commis par les agents des agresseurs ont caus\u00e9 la mort de plus de 1 300 civils et la destruction de 9 669 biens civils, dont 7 943 habitations, 1 617 centres commerciaux et centres de services, 32 centres m\u00e9dicaux et pharmacies, 65 \u00e9coles et locaux d\u2019enseignement, 13 b\u00e2timents du Croissant-Rouge et bon nombre d\u2019infrastructures d\u2019approvisionnement en \u00e9nergie. Le message en question constitue donc une reconnaissance manifeste de responsabilit\u00e9 pour les crimes de guerre et les crimes contre l\u2019humanit\u00e9 commis depuis le 28 f\u00e9vrier 2026 dans mon pays.<\/p>\n<p>\tEn fait, les \u00c9tats-Unis ont viol\u00e9 de mani\u00e8re flagrante l\u2019interdiction du recours \u00e0 la menace de la force \u00e9nonc\u00e9e au paragraphe 4 de l\u2019Article 2 de la Charte des Nations Unies, apr\u00e8s qu\u2019ils ont continu\u00e9, avec le r\u00e9gime isra\u00e9lien, \u00e0 enfreindre la norme jus cogens de \u00ab\u00a0l\u2019interdiction de l\u2019agression\u00a0\u00bb\u00a0; un acte d\u2019agression qui a commenc\u00e9 par un acte l\u00e2che de terrorisme commis contre le plus haut repr\u00e9sentant d\u2019un Membre souverain de l\u2019Organisation des Nations Unies et contre plusieurs autres repr\u00e9sentants de l\u2019\u00c9tat. De plus, la menace prof\u00e9r\u00e9e par le Pr\u00e9sident des \u00c9tats-Unis d\u2019an\u00e9antir des groupes de personnes non seulement constitue une violation flagrante du droit \u00e0 la vie, mais aussi ouvre la voie \u00e0 de nouvelles attaques inhumaines contre des civils et \u00e0 leur massacre.<\/p>\n<p>\tAlors que la R\u00e9publique islamique d\u2019Iran continuera d\u2019exercer son droit de l\u00e9gitime d\u00e9fense jusqu\u2019\u00e0 ce que le Conseil de s\u00e9curit\u00e9 s\u2019acquitte des responsabilit\u00e9s qui lui incombent en mati\u00e8re de maintien de la paix et de la s\u00e9curit\u00e9 internationales en vertu de la Charte, la d\u00e9claration ci-dessus engage la responsabilit\u00e9 internationale des \u00c9tats-Unis et la responsabilit\u00e9 p\u00e9nale du Pr\u00e9sident des \u00c9tats-Unis sur le plan international. Les \u00c9tats-Unis ont donc l\u2019obligation de r\u00e9parer int\u00e9gralement le pr\u00e9judice caus\u00e9 \u00e0 l\u2019Iran et \u00e0 ses citoyens du fait des violations qui se poursuivent, y compris tout dommage. De plus, il ne fait aucun doute que la responsabilit\u00e9 p\u00e9nale individuelle du Pr\u00e9sident des \u00c9tats-Unis ainsi que celle de tout autre responsable ou personne de ce pays impliqu\u00e9s dans des violations graves du droit international humanitaire sont engag\u00e9es, notamment pour avoir d\u00e9lib\u00e9r\u00e9ment ordonn\u00e9 des attaques contre des civils et lanc\u00e9 intentionnellement des attaques contre des biens civils.<\/p>\n<p>\tLa R\u00e9publique islamique d\u2019Iran lance un appel solennel au Secr\u00e9taire g\u00e9n\u00e9ral et au Conseil de s\u00e9curit\u00e9 pour que, conform\u00e9ment \u00e0 leur responsabilit\u00e9 en mati\u00e8re de maintien de la paix et de la s\u00e9curit\u00e9 internationales, ils prennent les mesures qui s\u2019imposent, pour que cessent les crimes de guerre, qui se poursuivent, et que soient engag\u00e9es la responsabilit\u00e9 des \u00c9tats-Unis et celle de leur Pr\u00e9sident, afin de mettre fin \u00e0 la culture de l\u2019impunit\u00e9 et d\u2019emp\u00eacher que se normalisent encore davantage les violations du droit international.<\/p>\n<p>\tJe vous serais reconnaissant de bien vouloir faire distribuer le texte de la pr\u00e9sente lettre comme document du Conseil de s\u00e9curit\u00e9.<\/p>\n<\/div>\n<p><br \/>\n<br \/><a href=\"https:\/\/www.voltairenet.org\/article223945.html\" target=\"_blank\"\">Source link <\/a><\/p>\n","protected":false},"excerpt":{"rendered":"<p>Je vous \u00e9cris pour appeler votre attention sur la derni\u00e8re menace impudente en date agit\u00e9e par le Pr\u00e9sident des \u00c9tats-Unis contre la souverainet\u00e9 et l\u2019int\u00e9grit\u00e9 territoriale de la R\u00e9publique islamique&hellip; <\/p>\n","protected":false},"author":1,"featured_media":25304,"comment_status":"open","ping_status":"open","sticky":false,"template":"","format":"standard","meta":{"footnotes":""},"categories":[1],"tags":[],"class_list":["post-25303","post","type-post","status-publish","format-standard","has-post-thumbnail","hentry","category-non-classe"],"_links":{"self":[{"href":"https:\/\/monde25.info\/index.php\/wp-json\/wp\/v2\/posts\/25303","targetHints":{"allow":["GET"]}}],"collection":[{"href":"https:\/\/monde25.info\/index.php\/wp-json\/wp\/v2\/posts"}],"about":[{"href":"https:\/\/monde25.info\/index.php\/wp-json\/wp\/v2\/types\/post"}],"author":[{"embeddable":true,"href":"https:\/\/monde25.info\/index.php\/wp-json\/wp\/v2\/users\/1"}],"replies":[{"embeddable":true,"href":"https:\/\/monde25.info\/index.php\/wp-json\/wp\/v2\/comments?post=25303"}],"version-history":[{"count":0,"href":"https:\/\/monde25.info\/index.php\/wp-json\/wp\/v2\/posts\/25303\/revisions"}],"wp:featuredmedia":[{"embeddable":true,"href":"https:\/\/monde25.info\/index.php\/wp-json\/wp\/v2\/media\/25304"}],"wp:attachment":[{"href":"https:\/\/monde25.info\/index.php\/wp-json\/wp\/v2\/media?parent=25303"}],"wp:term":[{"taxonomy":"category","embeddable":true,"href":"https:\/\/monde25.info\/index.php\/wp-json\/wp\/v2\/categories?post=25303"},{"taxonomy":"post_tag","embeddable":true,"href":"https:\/\/monde25.info\/index.php\/wp-json\/wp\/v2\/tags?post=25303"}],"curies":[{"name":"wp","href":"https:\/\/api.w.org\/{rel}","templated":true}]}}