{"id":25312,"date":"2026-03-15T22:26:35","date_gmt":"2026-03-15T21:26:35","guid":{"rendered":"https:\/\/monde25.info\/index.php\/2026\/03\/15\/plainte-du-qatar-apres-la-poursuite-des-bombardements-iraniens-par-alya-ahmed-saif-al-thani\/"},"modified":"2026-03-15T22:26:35","modified_gmt":"2026-03-15T21:26:35","slug":"plainte-du-qatar-apres-la-poursuite-des-bombardements-iraniens-par-alya-ahmed-saif-al-thani","status":"publish","type":"post","link":"https:\/\/monde25.info\/index.php\/2026\/03\/15\/plainte-du-qatar-apres-la-poursuite-des-bombardements-iraniens-par-alya-ahmed-saif-al-thani\/","title":{"rendered":"Plainte du Qatar apr\u00e8s la poursuite des bombardements iraniens, par Alya Ahmed Saif Al-Thani"},"content":{"rendered":"<p> <br \/>\n<\/p>\n<div id=\"article-text\">\n<div class=\"article-text-images crayon article-texte-223943 \">\n<div class=\"spip_document_252369 spip_document spip_documents spip_document_image spip_documents_center spip_document_center\">\n<figure class=\"spip_doc_inner\">\n<img loading=\"lazy\" decoding=\"async\" src=\"https:\/\/www.voltairenet.org\/local\/cache-vignettes\/L524xH393\/400_-_1-451-9177b.jpg?1773559411\" width=\"524\" height=\"393\" alt=\"\"\/><br \/>\n<\/figure>\n<\/div>\n<p>D\u2019ordre de mon Gouvernement, et comme suite \u00e0 mes lettres dat\u00e9es du 1er mars 2026 (<a target=\"_blank\" href=\"https:\/\/www.voltairenet.org\/article223873.html\">S\/2026\/110<\/a>), du 2 mars 2026 (<a target=\"_blank\" href=\"https:\/\/www.voltairenet.org\/rticle223877.html\">S\/2026\/114<\/a>), du 3 mars 2026 (<a target=\"_blank\" href=\"https:\/\/www.voltairenet.org\/article223926.html\">S\/2026\/122<\/a>), du 4 mars 2026 (S\/2026\/127) et du 5 mars 2026 (S\/2026\/134) et aux lettres dat\u00e9es du 25 f\u00e9vrier 2026 (<a target=\"_blank\" href=\"https:\/\/www.voltairenet.org\/article223830.html\">S\/2026\/94<\/a>) et du 28 f\u00e9vrier 2026 (<a target=\"_blank\" href=\"https:\/\/www.voltairenet.org\/article223874.html\">S\/2026\/108<\/a>) adress\u00e9es par le Repr\u00e9sentant permanent du Royaume de Bahre\u00efn au nom des \u00c9tats membres du Conseil de coop\u00e9ration des \u00c9tats arabes du Golfe, je vous \u00e9cris afin de vous tenir inform\u00e9s, ainsi que les membres du Conseil de s\u00e9curit\u00e9, des faits nouveaux concernant les frappes men\u00e9es par la R\u00e9publique islamique d\u2019Iran contre le territoire qatarien. Cette violation flagrante de la souverainet\u00e9 nationale de l\u2019\u00c9tat du Qatar et atteinte directe \u00e0 la s\u00e9curit\u00e9 et \u00e0 l\u2019int\u00e9grit\u00e9 territoriale du pays marque une escalade inacceptable qui menace la s\u00e9curit\u00e9 et la stabilit\u00e9 de la r\u00e9gion.<\/p>\n<p>\tDepuis ma derni\u00e8re lettre, les attaques visant le territoire de l\u2019\u00c9tat du Qatar ont continu\u00e9. Le Minist\u00e8re qatarien de la d\u00e9fense a annonc\u00e9 que, vendredi 6 mars 2026, l\u2019\u00c9tat du Qatar a \u00e9t\u00e9 la cible d\u2019une s\u00e9rie de frappes en provenance de la R\u00e9publique islamique d\u2019Iran. Depuis l\u2019aube jusqu\u2019en d\u00e9but de soir\u00e9e, 10 drones ont \u00e9t\u00e9 lanc\u00e9s ce jour-l\u00e0. Nos forces arm\u00e9es en ont intercept\u00e9 9\u00a0; le dixi\u00e8me a touch\u00e9 une zone inhabit\u00e9e. Aucune perte n\u2019est \u00e0 d\u00e9plorer.<\/p>\n<p>\tLe Minist\u00e8re qatarien de la d\u00e9fense a \u00e9galement annonc\u00e9 que, samedi 7 mars 2026, l\u2019\u00c9tat du Qatar a \u00e9t\u00e9 la cible de frappes\u00a0: 10 missiles balistiques et 2 missiles de croisi\u00e8re ont \u00e9t\u00e9 lanc\u00e9s depuis la R\u00e9publique islamique d\u2019Iran. Nos forces arm\u00e9es ont intercept\u00e9 6 missiles balistiques\u00a0; 2 missiles balistiques sont tomb\u00e9s dans les eaux territoriales de l\u2019\u00c9tat du Qatar et 2 autres dans une zone inhabit\u00e9e, sans qu\u2019aucune perte ne soit \u00e0 d\u00e9plorer. Elles ont \u00e9galement intercept\u00e9 2 missiles de croisi\u00e8re.<\/p>\n<p>\tLes autorit\u00e9s comp\u00e9tentes proc\u00e8deront au relev\u00e9 de l\u2019ensemble des dommages et pertes caus\u00e9s par les frappes. Nous vous tiendrons inform\u00e9s des faits nouveaux.<\/p>\n<p>\tL\u2019\u00c9tat du Qatar condamne de nouveau \u00e9nergiquement ces attaques et affirme qu\u2019il se r\u00e9serve le droit absolu de riposter, conform\u00e9ment \u00e0 l\u2019Article 51 de la Charte des Nations Unies et d\u2019une mani\u00e8re proportionn\u00e9e par rapport \u00e0 la nature de l\u2019attaque, afin de d\u00e9fendre sa souverainet\u00e9 et de pr\u00e9server sa s\u00e9curit\u00e9 et ses int\u00e9r\u00eats nationaux.<\/p>\n<p>\tJe vous serais reconnaissante de bien vouloir faire distribuer le texte de la pr\u00e9sente lettre comme document du Conseil de s\u00e9curit\u00e9.<\/p>\n<\/div>\n<aside>\n<\/aside>\n<div class=\"follow\" id=\"social\">\n<h4>Restez en contact<\/h4>\n<div class=\"follow-left\">\n<h5>Suivez-nous sur les r\u00e9seaux sociaux<\/h5>\n<p><a target=\"_blank\" href=\"https:\/\/www.facebook.com\/R%C3%A9seau-Voltaire-en-fran%C3%A7ais-106616878523973\" title=\"\" target=\"_blank\"><img decoding=\"async\" src=\"https:\/\/www.voltairenet.org\/squelettes\/images\/follow-fb.png\" alt=\"\"\/><\/a><br \/>\n<a target=\"_blank\" href=\"https:\/\/t.me\/reseauvoltaire\" title=\"\" target=\"_blank\"><img decoding=\"async\" src=\"https:\/\/www.voltairenet.org\/squelettes\/images\/follow-tg.png\" alt=\"\"\/><\/a><br \/>\n<a target=\"_blank\" href=\"https:\/\/twitter.com\/voltairenetFr\" title=\"\" target=\"_blank\"><img decoding=\"async\" src=\"https:\/\/www.voltairenet.org\/squelettes\/images\/follow-tw.png\" alt=\"\"\/><\/a>\n<\/div>\n<p><h5>Subscribe to weekly newsletter<\/h5>\n<\/p>\n<\/div>\n<p><!--\n\n<div><\/div>\n\n--><\/p>\n<\/div>\n<p><script async src=\"\/\/platform.twitter.com\/widgets.js\" charset=\"utf-8\"><\/script><br \/>\n<br \/><br \/>\n<br \/><a href=\"https:\/\/www.voltairenet.org\/article223943.html\" target=\"_blank\"\">Source link <\/a><\/p>\n","protected":false},"excerpt":{"rendered":"<p>D\u2019ordre de mon Gouvernement, et comme suite \u00e0 mes lettres dat\u00e9es du 1er mars 2026 (S\/2026\/110), du 2 mars 2026 (S\/2026\/114), du 3 mars 2026 (S\/2026\/122), du 4 mars 2026&hellip; <\/p>\n","protected":false},"author":1,"featured_media":25313,"comment_status":"open","ping_status":"open","sticky":false,"template":"","format":"standard","meta":{"footnotes":""},"categories":[1],"tags":[],"class_list":["post-25312","post","type-post","status-publish","format-standard","has-post-thumbnail","hentry","category-non-classe"],"_links":{"self":[{"href":"https:\/\/monde25.info\/index.php\/wp-json\/wp\/v2\/posts\/25312","targetHints":{"allow":["GET"]}}],"collection":[{"href":"https:\/\/monde25.info\/index.php\/wp-json\/wp\/v2\/posts"}],"about":[{"href":"https:\/\/monde25.info\/index.php\/wp-json\/wp\/v2\/types\/post"}],"author":[{"embeddable":true,"href":"https:\/\/monde25.info\/index.php\/wp-json\/wp\/v2\/users\/1"}],"replies":[{"embeddable":true,"href":"https:\/\/monde25.info\/index.php\/wp-json\/wp\/v2\/comments?post=25312"}],"version-history":[{"count":0,"href":"https:\/\/monde25.info\/index.php\/wp-json\/wp\/v2\/posts\/25312\/revisions"}],"wp:featuredmedia":[{"embeddable":true,"href":"https:\/\/monde25.info\/index.php\/wp-json\/wp\/v2\/media\/25313"}],"wp:attachment":[{"href":"https:\/\/monde25.info\/index.php\/wp-json\/wp\/v2\/media?parent=25312"}],"wp:term":[{"taxonomy":"category","embeddable":true,"href":"https:\/\/monde25.info\/index.php\/wp-json\/wp\/v2\/categories?post=25312"},{"taxonomy":"post_tag","embeddable":true,"href":"https:\/\/monde25.info\/index.php\/wp-json\/wp\/v2\/tags?post=25312"}],"curies":[{"name":"wp","href":"https:\/\/api.w.org\/{rel}","templated":true}]}}