{"id":25314,"date":"2026-03-15T22:59:38","date_gmt":"2026-03-15T21:59:38","guid":{"rendered":"https:\/\/monde25.info\/index.php\/2026\/03\/15\/mais-pourquoi-un-mouton-par-evelyne-pieiller-le-monde-diplomatique-mars-2026\/"},"modified":"2026-03-15T22:59:38","modified_gmt":"2026-03-15T21:59:38","slug":"mais-pourquoi-un-mouton-par-evelyne-pieiller-le-monde-diplomatique-mars-2026","status":"publish","type":"post","link":"https:\/\/monde25.info\/index.php\/2026\/03\/15\/mais-pourquoi-un-mouton-par-evelyne-pieiller-le-monde-diplomatique-mars-2026\/","title":{"rendered":"Mais pourquoi un mouton ?, par Evelyne Pieiller (Le Monde diplomatique, mars 2026)"},"content":{"rendered":"<p> <br \/>\n<\/p>\n<div>\n<figure class=\"spip_document_41869 spip_documents spip_documents_center justecol\" style=\"width:650px;\">\n<div class=\"limage\">\n<p>\t\t\t<img loading=\"lazy\" decoding=\"async\" src=\"https:\/\/www.monde-diplomatique.fr\/\/local\/cache-vignettes\/L650xH827\/img028-77-e53b3.jpg?1772119360\" width=\"650\" height=\"827\" class=\"spip_logos\" alt=\"JPEG - 20.8\u00a0kio\"\/><\/p><\/div><figcaption>\n<p>Giovanni Anselmo. \u2013 \u00ab<small class=\"fine\">\u00a0<\/small>Invisibile<small class=\"fine\">\u00a0<\/small>\u00bb, 1970-1998-2007<\/p>\n<p>\u00a9 Giovanni Anselmo &#8211; Archivio Giovanni Anselmo ETS, Turin\n<\/p>\n<\/figcaption><\/figure>\n<p><span class=\"mot-lettrine\"><span class=\"lettrine\">C<\/span>e<\/span> n\u2019est pas juste un ph\u00e9nom\u00e8ne. C\u2019est un myst\u00e8re. Tout le monde conna\u00eet l\u2019inoxydable <i>\u00ab<small class=\"fine\">\u00a0<\/small>S\u2019il vous pla\u00eet, dessine-moi un mouton<small class=\"fine\">\u00a0<\/small>\u00bb.<\/i> On en est tout \u00e9mu ou tout crisp\u00e9, peu importe, on conna\u00eet. Depuis quatre-vingts ans, on conna\u00eet. De pr\u00e8s, de loin, comme s\u2019il faisait partie depuis toujours ou presque de l\u2019imaginaire collectif<small class=\"fine\">\u00a0<\/small>; du patrimoine, pour tout dire. Le monde change, <i>Le Petit Prince<\/i> reste.<\/p>\n<p>Difficile de ne pas se demander pourquoi. L\u2019aviateur Antoine de Saint-Exup\u00e9ry, \u00e9crivain couronn\u00e9, combattant honor\u00e9, est \u00e0 New York depuis la fin\u00a01940<small class=\"fine\">\u00a0<\/small>; il y a publi\u00e9 <i>Pilote de guerre,<\/i> qui fut un grand succ\u00e8s. En 1943, il fait para\u00eetre un bref texte qu\u2019il a illustr\u00e9 de ses aquarelles, un conte pour les enfants, ceux qui en ont l\u2019\u00e2ge, ceux qui se rappellent l\u2019avoir \u00e9t\u00e9. Il d\u00e9die <i>Le Petit Prince<\/i> \u00e0 son ami, celui qui, cette m\u00eame ann\u00e9e\u00a01943, est d\u00e9j\u00e0 au c\u0153ur de sa <i>Lettre \u00e0 un otage,<\/i> l\u2019\u00e9crivain L\u00e9on Werth, <i>\u00ab<small class=\"fine\">\u00a0<\/small>quand il \u00e9tait petit gar\u00e7on<small class=\"fine\">\u00a0<\/small>\u00bb<\/i>.<\/p>\n<p>En 1944, apr\u00e8s avoir rejoint l\u2019Afrique du Nord et repris du service dans l\u2019arm\u00e9e de l\u2019air, il dispara\u00eet dans la M\u00e9diterran\u00e9e au cours d\u2019une mission. D\u00e8s lors, il devient une l\u00e9gende. Un aviateur raconte sa rencontre, alors qu\u2019il est en panne dans le d\u00e9sert, avec un enfant venu d\u2019un lointain ast\u00e9ro\u00efde. Cet enfant, le Petit Prince, souverain et unique habitant de son univers, en est parti pour s\u2019\u00e9loigner de la capricieuse rose qu\u2019il aime. Il a voyag\u00e9, fait la connaissance de quelques habitants d\u2019autres plan\u00e8tes. Arriv\u00e9 sur Terre, il converse avec un renard dont il devient l\u2019ami, et avec un serpent. Il partage un long moment avec l\u2019aviateur, puis choisit de retourner chez lui. En se faisant piquer par le serpent.<\/p>\n<p>L\u2019histoire est narr\u00e9e avec une simplicit\u00e9 d\u00e9lib\u00e9r\u00e9ment \u00ab<small class=\"fine\">\u00a0<\/small>enfantine<small class=\"fine\">\u00a0<\/small>\u00bb, qui glisse parfois vers une certaine emphase dans le genre po\u00e9tique, les propos sont souvent sentencieux et ostensiblement porteurs de sagesse, et de fa\u00e7on r\u00e9p\u00e9t\u00e9e voire quelque peu hant\u00e9e est c\u00e9l\u00e9br\u00e9e la figure\u00a0(\u2026)<\/p>\n<\/p><\/div>\n<p>Taille de l\u2019article complet\u00a0:\u00a0<span>1\u00a0825<\/span>\u00a0mots.<\/p>\n<p><br \/>\n<br \/><a href=\"https:\/\/www.monde-diplomatique.fr\/2026\/03\/PIEILLER\/69325\" target=\"_blank\"\">Source link <\/a><\/p>\n","protected":false},"excerpt":{"rendered":"<p>Giovanni Anselmo. \u2013 \u00ab\u00a0Invisibile\u00a0\u00bb, 1970-1998-2007 \u00a9 Giovanni Anselmo &#8211; Archivio Giovanni Anselmo ETS, Turin Ce n\u2019est pas juste un ph\u00e9nom\u00e8ne. C\u2019est un myst\u00e8re. Tout le monde conna\u00eet l\u2019inoxydable \u00ab\u00a0S\u2019il vous&hellip; <\/p>\n","protected":false},"author":1,"featured_media":25315,"comment_status":"open","ping_status":"open","sticky":false,"template":"","format":"standard","meta":{"footnotes":""},"categories":[1],"tags":[],"class_list":["post-25314","post","type-post","status-publish","format-standard","has-post-thumbnail","hentry","category-non-classe"],"_links":{"self":[{"href":"https:\/\/monde25.info\/index.php\/wp-json\/wp\/v2\/posts\/25314","targetHints":{"allow":["GET"]}}],"collection":[{"href":"https:\/\/monde25.info\/index.php\/wp-json\/wp\/v2\/posts"}],"about":[{"href":"https:\/\/monde25.info\/index.php\/wp-json\/wp\/v2\/types\/post"}],"author":[{"embeddable":true,"href":"https:\/\/monde25.info\/index.php\/wp-json\/wp\/v2\/users\/1"}],"replies":[{"embeddable":true,"href":"https:\/\/monde25.info\/index.php\/wp-json\/wp\/v2\/comments?post=25314"}],"version-history":[{"count":0,"href":"https:\/\/monde25.info\/index.php\/wp-json\/wp\/v2\/posts\/25314\/revisions"}],"wp:featuredmedia":[{"embeddable":true,"href":"https:\/\/monde25.info\/index.php\/wp-json\/wp\/v2\/media\/25315"}],"wp:attachment":[{"href":"https:\/\/monde25.info\/index.php\/wp-json\/wp\/v2\/media?parent=25314"}],"wp:term":[{"taxonomy":"category","embeddable":true,"href":"https:\/\/monde25.info\/index.php\/wp-json\/wp\/v2\/categories?post=25314"},{"taxonomy":"post_tag","embeddable":true,"href":"https:\/\/monde25.info\/index.php\/wp-json\/wp\/v2\/tags?post=25314"}],"curies":[{"name":"wp","href":"https:\/\/api.w.org\/{rel}","templated":true}]}}