{"id":25316,"date":"2026-03-15T23:32:36","date_gmt":"2026-03-15T22:32:36","guid":{"rendered":"https:\/\/monde25.info\/index.php\/2026\/03\/15\/municipales-2026-comment-sen-sortent-les-ecologistes-au-premier-tour\/"},"modified":"2026-03-15T23:32:36","modified_gmt":"2026-03-15T22:32:36","slug":"municipales-2026-comment-sen-sortent-les-ecologistes-au-premier-tour","status":"publish","type":"post","link":"https:\/\/monde25.info\/index.php\/2026\/03\/15\/municipales-2026-comment-sen-sortent-les-ecologistes-au-premier-tour\/","title":{"rendered":"Municipales 2026\u00a0: comment s&#039;en sortent les \u00e9cologistes au premier tour\u00a0?"},"content":{"rendered":"<p> <br \/>\n<br \/><img loading=\"lazy\" decoding=\"async\" src=\"https:\/\/reporterre.net\/local\/cache-vignettes\/L700xH467\/afp__20260315__a3bn22e__v1__highres__francevotemunicipal2026-bac89.jpg?1773612122\" class=\"spip_logo\" width=\"700\" height=\"467\" alt=\"\" \/><\/p>\n<p>Municipales \u2014 \u00c0 Paris, Rachida Dati a \u00e9t\u00e9 devanc\u00e9e par le candidat de gauche Emmanuel Gr\u00e9goire tandis qu&rsquo;\u00e0 Lyon comme \u00e0 Bordeaux, Les \u00c9cologistes sont en t\u00eate. \u00c0 Marseille, la gauche et l&rsquo;extr\u00eame droite ont 35,4<small class=\"fine d-inline\">\u00a0<\/small>% des voix chacune. <br class=\"autobr\" \/> Six ans apr\u00e8s la surprise \u00e9cologiste, la vague verte qui avait d\u00e9ferl\u00e9 sur les grandes villes de France lors des \u00e9lections municipales de 2020 sera-t-elle un lointain souvenir<small class=\"fine d-inline\">\u00a0<\/small>? <br class=\"autobr\" \/><br \/>\n\u00c0 17\u00a0heures, dimanche 15\u00a0mars, l&rsquo;estimation du taux de participation s&rsquo;\u00e9levait \u00e0\u00a0(\u2026)<\/p>\n<p>                    <a target=\"_blank\" href=\"https:\/\/reporterre.net\/Municipales-2026-comment-s-en-sortent-les-ecologistes-au-premier-tour?utm_source=RSS&amp;utm_medium=RSS\">Lire la suite<\/a><\/p>\n<p>                    &#8211;<br \/>\n                        <a target=\"_blank\" href=\"https:\/\/reporterre.net\/Autres-infos\" rel=\"directory\">Info<\/a><\/p>\n<p>                    \/<br \/>\n                        <a target=\"_blank\" href=\"https:\/\/reporterre.net\/Politique\" rel=\"tag\">Politique<\/a><br \/>\n                    ,<br \/>\n                        <a target=\"_blank\" href=\"https:\/\/reporterre.net\/Municipales-2026\" rel=\"tag\">Municipales 2026<\/a><br \/>\n<br \/><br \/>\n<br \/><a href=\"https:\/\/reporterre.net\/Municipales-2026-comment-s-en-sortent-les-ecologistes-au-premier-tour\" target=\"_blank\"\">Source link <\/a><\/p>\n","protected":false},"excerpt":{"rendered":"<p>Municipales \u2014 \u00c0 Paris, Rachida Dati a \u00e9t\u00e9 devanc\u00e9e par le candidat de gauche Emmanuel Gr\u00e9goire tandis qu&rsquo;\u00e0 Lyon comme \u00e0 Bordeaux, Les \u00c9cologistes sont en t\u00eate. \u00c0 Marseille, la&hellip; <\/p>\n","protected":false},"author":1,"featured_media":0,"comment_status":"open","ping_status":"open","sticky":false,"template":"","format":"standard","meta":{"footnotes":""},"categories":[1],"tags":[],"class_list":["post-25316","post","type-post","status-publish","format-standard","hentry","category-non-classe"],"_links":{"self":[{"href":"https:\/\/monde25.info\/index.php\/wp-json\/wp\/v2\/posts\/25316","targetHints":{"allow":["GET"]}}],"collection":[{"href":"https:\/\/monde25.info\/index.php\/wp-json\/wp\/v2\/posts"}],"about":[{"href":"https:\/\/monde25.info\/index.php\/wp-json\/wp\/v2\/types\/post"}],"author":[{"embeddable":true,"href":"https:\/\/monde25.info\/index.php\/wp-json\/wp\/v2\/users\/1"}],"replies":[{"embeddable":true,"href":"https:\/\/monde25.info\/index.php\/wp-json\/wp\/v2\/comments?post=25316"}],"version-history":[{"count":0,"href":"https:\/\/monde25.info\/index.php\/wp-json\/wp\/v2\/posts\/25316\/revisions"}],"wp:attachment":[{"href":"https:\/\/monde25.info\/index.php\/wp-json\/wp\/v2\/media?parent=25316"}],"wp:term":[{"taxonomy":"category","embeddable":true,"href":"https:\/\/monde25.info\/index.php\/wp-json\/wp\/v2\/categories?post=25316"},{"taxonomy":"post_tag","embeddable":true,"href":"https:\/\/monde25.info\/index.php\/wp-json\/wp\/v2\/tags?post=25316"}],"curies":[{"name":"wp","href":"https:\/\/api.w.org\/{rel}","templated":true}]}}