{"id":25319,"date":"2026-03-16T01:11:39","date_gmt":"2026-03-16T00:11:39","guid":{"rendered":"https:\/\/monde25.info\/index.php\/2026\/03\/16\/un-representant-francais-sest-rendu-a-moscou-pour-relancer-les-contacts-sur-lukraine-rt-en-francais\/"},"modified":"2026-03-16T01:11:39","modified_gmt":"2026-03-16T00:11:39","slug":"un-representant-francais-sest-rendu-a-moscou-pour-relancer-les-contacts-sur-lukraine-rt-en-francais","status":"publish","type":"post","link":"https:\/\/monde25.info\/index.php\/2026\/03\/16\/un-representant-francais-sest-rendu-a-moscou-pour-relancer-les-contacts-sur-lukraine-rt-en-francais\/","title":{"rendered":"un repr\u00e9sentant fran\u00e7ais s&rsquo;est rendu \u00e0 Moscou pour relancer les contacts sur l&rsquo;Ukraine \u2014 RT en fran\u00e7ais"},"content":{"rendered":"<p> <br \/>\n<br \/><img decoding=\"async\" src=\"https:\/\/mf.b37mrtl.ru\/french\/images\/2026.03\/thumbnail\/69b6984d6f7ccc427509430d.jpg\" \/><\/p>\n<div>\n<p class=\"text__summary\">\n                                        Le porte-parole du Kremlin a confirm\u00e9 qu&rsquo;un repr\u00e9sentant fran\u00e7ais s&rsquo;\u00e9tait rendu \u00e0 Moscou pour engager des discussions concernant la situation en Ukraine. Cependant, Moscou n&rsquo;a pas re\u00e7u de \u00absignaux positifs\u00bb indiquant une possibilit\u00e9 de r\u00e9solution imminente du conflit.\n                                    <\/p>\n<p>Les discussions visant \u00e0 la paix en Ukraine connaissent un net ralentissement. Le\u00a0<em>Financial Times<\/em> rapporte ce 15 mars que selon plusieurs diplomates europ\u00e9ens, l\u2019attention de Washington s\u2019est d\u00e9plac\u00e9e vers la confrontation avec l\u2019Iran, affaiblissant les efforts de m\u00e9diation men\u00e9s par les \u00c9tats-Unis entre Kiev et Moscou.<\/p>\n<p>\u00ab Les discussions sont r\u00e9ellement en zone de danger \u00bb, confie un haut responsable europ\u00e9en, tandis que le porte-parole du Kremlin, Dmitri Peskov, reconna\u00eet qu\u2019\u00ab une pause est apparue dans les pourparlers \u00bb, expliquant que les \u00c9tats-Unis ont d\u00e9sormais \u00ab d\u2019autres priorit\u00e9s \u00bb.<\/p>\n<p>Il\u00a0a aussi pr\u00e9cis\u00e9 que les Europ\u00e9ens semblent r\u00e9ticents \u00e0 contribuer au processus de paix. \u00ab\u00a0Lorsque le repr\u00e9sentant de la France est venu, il n\u2019a apport\u00e9 aucun signal positif. Par cons\u00e9quent, il n&rsquo;y avait vraiment rien de bon \u00e0 entendre\u00a0\u00bb, a-t-il d\u00e9clar\u00e9.<\/p>\n<p>Les derni\u00e8res n\u00e9gociations trilat\u00e9rales entre responsables ukrainiens, russes et am\u00e9ricains se sont tenues \u00e0 Gen\u00e8ve les 17 et 18 f\u00e9vrier. Une nouvelle session pr\u00e9vue le 5 mars \u00e0 Abou Dhabi a finalement \u00e9t\u00e9 report\u00e9e apr\u00e8s les frappes am\u00e9ricano-isra\u00e9liennes contre l\u2019Iran, sans qu\u2019une nouvelle date n\u2019ait \u00e9t\u00e9 annonc\u00e9e.\u00a0<\/p>\n<p>Dans un contexte de d\u00e9clarations insistantes des Europ\u00e9ens sur les pr\u00e9tendus b\u00e9n\u00e9fices que la Russie pourrait tirer des ventes de p\u00e9trole pendant la guerre au Moyen-Orient, <a target=\"_blank\" href=\"https:\/\/francais.rt.com\/international\/131691-europe-demande-ukraine-combattre-encore-an-demi-deux-ans-medias\">Ukrainska Pravda<\/a>\u00a0a d\u00e9clar\u00e9 que les Europ\u00e9ens avaient propos\u00e9 \u00e0 l\u2019Ukraine de poursuivre ses op\u00e9rations militaires pendant encore un an et demi \u00e0 deux ans, en assurant le financement n\u00e9cessaire.\u00a0<\/p>\n<p>Selon un interlocuteur du journal, le message adress\u00e9 \u00e0 Kiev\u00a0est clair : \u00ab Combattez encore un an et demi \u00e0 deux ans. Nous vous financerons. \u00bb Dans ce contexte, Volodymyr Zelensky a demand\u00e9 \u00e0 son gouvernement d\u2019\u00e9laborer un sc\u00e9nario pr\u00e9voyant l\u2019absence d\u2019\u00e9lections pendant plusieurs ann\u00e9es et d\u2019analyser le fonctionnement de la Verkhovna Rada (le Parlement ukrainien) dans une telle situation.<\/p>\n<h2\/>\n<h2\/><\/div>\n<p><br \/>\n<br \/><a href=\"https:\/\/francais.rt.com\/international\/131759-kremlin-representant-francais-s-est-rendu-moscou-pour-relancer-contacts-ukraine\" target=\"_blank\"\">Source link <\/a><\/p>\n","protected":false},"excerpt":{"rendered":"<p>Le porte-parole du Kremlin a confirm\u00e9 qu&rsquo;un repr\u00e9sentant fran\u00e7ais s&rsquo;\u00e9tait rendu \u00e0 Moscou pour engager des discussions concernant la situation en Ukraine. Cependant, Moscou n&rsquo;a pas re\u00e7u de \u00absignaux positifs\u00bb&hellip; <\/p>\n","protected":false},"author":1,"featured_media":25320,"comment_status":"open","ping_status":"open","sticky":false,"template":"","format":"standard","meta":{"footnotes":""},"categories":[1],"tags":[],"class_list":["post-25319","post","type-post","status-publish","format-standard","has-post-thumbnail","hentry","category-non-classe"],"_links":{"self":[{"href":"https:\/\/monde25.info\/index.php\/wp-json\/wp\/v2\/posts\/25319","targetHints":{"allow":["GET"]}}],"collection":[{"href":"https:\/\/monde25.info\/index.php\/wp-json\/wp\/v2\/posts"}],"about":[{"href":"https:\/\/monde25.info\/index.php\/wp-json\/wp\/v2\/types\/post"}],"author":[{"embeddable":true,"href":"https:\/\/monde25.info\/index.php\/wp-json\/wp\/v2\/users\/1"}],"replies":[{"embeddable":true,"href":"https:\/\/monde25.info\/index.php\/wp-json\/wp\/v2\/comments?post=25319"}],"version-history":[{"count":0,"href":"https:\/\/monde25.info\/index.php\/wp-json\/wp\/v2\/posts\/25319\/revisions"}],"wp:featuredmedia":[{"embeddable":true,"href":"https:\/\/monde25.info\/index.php\/wp-json\/wp\/v2\/media\/25320"}],"wp:attachment":[{"href":"https:\/\/monde25.info\/index.php\/wp-json\/wp\/v2\/media?parent=25319"}],"wp:term":[{"taxonomy":"category","embeddable":true,"href":"https:\/\/monde25.info\/index.php\/wp-json\/wp\/v2\/categories?post=25319"},{"taxonomy":"post_tag","embeddable":true,"href":"https:\/\/monde25.info\/index.php\/wp-json\/wp\/v2\/tags?post=25319"}],"curies":[{"name":"wp","href":"https:\/\/api.w.org\/{rel}","templated":true}]}}