{"id":25321,"date":"2026-03-16T01:44:48","date_gmt":"2026-03-16T00:44:48","guid":{"rendered":"https:\/\/monde25.info\/index.php\/2026\/03\/16\/plus-de-32-millions-diraniens-contraints-a-lexode-interne-la-crise-humanitaire-sans-precedent-provoquee-par-les-bombardements-americano-israeliens\/"},"modified":"2026-03-16T01:44:48","modified_gmt":"2026-03-16T00:44:48","slug":"plus-de-32-millions-diraniens-contraints-a-lexode-interne-la-crise-humanitaire-sans-precedent-provoquee-par-les-bombardements-americano-israeliens","status":"publish","type":"post","link":"https:\/\/monde25.info\/index.php\/2026\/03\/16\/plus-de-32-millions-diraniens-contraints-a-lexode-interne-la-crise-humanitaire-sans-precedent-provoquee-par-les-bombardements-americano-israeliens\/","title":{"rendered":"Plus de 3,2 millions d&rsquo;Iraniens contraints \u00e0 l&rsquo;exode interne : la crise humanitaire sans pr\u00e9c\u00e9dent provoqu\u00e9e par les bombardements am\u00e9ricano-isra\u00e9liens"},"content":{"rendered":"<p> <br \/>\n<\/p>\n<div style=\"max-width: 760px; margin: 0 auto; line-height: 1.8; font-family: system-ui, -apple-system, 'Segoe UI', Roboto, sans-serif; color: #1a1a2e; font-size: 16px;\">\n<div style=\"background: linear-gradient(135deg,#fef2f2,#fff7ed); padding: 22px 24px; border-radius: 10px; margin: 0 0 28px 0; border-left: 5px solid #dc2626;\">\n<p style=\"margin: 0; font-size: 1.05em; font-weight: 600; color: #7f1d1d;\">\u26a0\ufe0f Alerte humanitaire \u2014 Depuis le 28 f\u00e9vrier 2026, les frappes conjointes des \u00c9tats-Unis et d\u2019Isra\u00ebl sur l\u2019Iran ont provoqu\u00e9 le d\u00e9placement forc\u00e9 d\u2019<strong>au moins 3,2 millions de civils<\/strong> en moins de deux semaines. Une crise d\u2019une ampleur sans pr\u00e9c\u00e9dent au Moyen-Orient.<\/p>\n<\/div>\n<h2 id=\"contexte\" style=\"font-size: 1.4em; font-weight: bold; color: #0f172a; border-bottom: 2px solid #e2e8f0; padding-bottom: 10px; margin-top: 2em;\">1. Le d\u00e9clenchement du conflit (28 f\u00e9vrier 2026)<\/h2>\n<p style=\"margin-bottom: 1.4em;\">Le <strong>28 f\u00e9vrier 2026<\/strong>, les \u00c9tats-Unis et Isra\u00ebl ont lanc\u00e9 une vaste campagne militaire coordonn\u00e9e contre la R\u00e9publique islamique d\u2019Iran. Baptis\u00e9e <em>Operation Epic Fury<\/em> c\u00f4t\u00e9 am\u00e9ricain et <em>Operation Roaring Lion<\/em> c\u00f4t\u00e9 isra\u00e9lien, cette offensive d\u2019une ampleur in\u00e9dite a cibl\u00e9 simultan\u00e9ment les installations nucl\u00e9aires (Natanz, Fordow, Ispahan), les bases militaires, les positions des Gardiens de la R\u00e9volution islamique (CGRI) ainsi que le commandement politique supr\u00eame du pays.<\/p>\n<p style=\"margin-bottom: 1.4em;\">En moins de deux semaines, <strong>plus de 6 000 cibles<\/strong> ont \u00e9t\u00e9 frapp\u00e9es \u00e0 travers tout le territoire iranien, selon des sources militaires cit\u00e9es par plusieurs m\u00e9dias internationaux. Les frappes ont touch\u00e9 des zones dens\u00e9ment peupl\u00e9es, notamment dans la capitale T\u00e9h\u00e9ran et ses agglom\u00e9rations avoisinantes, d\u00e9clenchant une catastrophe humanitaire massive.<\/p>\n<figure style=\"margin: 28px 0; text-align: center;\">\n<p><iframe loading=\"lazy\" title=\"Moyen-Orient : une guerre qui s&#039;installe ? \u2022 FRANCE 24\" width=\"1110\" height=\"624\" src=\"https:\/\/www.youtube.com\/embed\/RLH6iB3ZS-8?feature=oembed\" frameborder=\"0\" allow=\"accelerometer; autoplay; clipboard-write; encrypted-media; gyroscope; picture-in-picture; web-share\" referrerpolicy=\"strict-origin-when-cross-origin\" allowfullscreen><\/iframe><\/p><figcaption style=\"font-size: 0.85em; color: #64748b; margin-top: 10px; font-style: italic; text-align: left; padding: 0 4px;\">\u25b6 Reportage France 24 \u2014 9 mars 2026 : <em>\u00ab Moyen-Orient : une guerre qui s\u2019installe ? \u00bb<\/em> \u2014 La guerre entre dans son dixi\u00e8me jour, avec l\u2019escalade des frappes sur l\u2019Iran et les cons\u00e9quences pour les populations civiles.<\/figcaption><\/figure>\n<hr style=\"border: none; border-top: 1px solid #e2e8f0; margin: 2.5em 0;\"\/>\n<h2 id=\"chiffres-hcr\" style=\"font-size: 1.4em; font-weight: bold; color: #0f172a; border-bottom: 2px solid #e2e8f0; padding-bottom: 10px; margin-top: 2em;\">2. Le bilan alarmant \u00e9tabli par le HCR<\/h2>\n<p style=\"margin-bottom: 1.4em;\">Le <strong>12 mars 2026<\/strong>, le Haut-Commissariat des Nations unies pour les r\u00e9fugi\u00e9s (HCR) a rendu public un bilan gla\u00e7ant : entre <strong>600 000 et un million de m\u00e9nages iraniens<\/strong> sont temporairement d\u00e9plac\u00e9s \u00e0 l\u2019int\u00e9rieur du pays \u2014 ce qui repr\u00e9sente jusqu\u2019\u00e0 <strong>3,2 millions de personnes<\/strong>, selon des \u00e9valuations pr\u00e9liminaires.<\/p>\n<div style=\"background: #f0fdf4; border: 1px solid #86efac; border-radius: 10px; padding: 20px 24px; margin: 24px 0;\">\n<p style=\"margin: 0 0 10px 0; font-size: 1em; font-weight: bold; color: #14532d;\">\ud83d\udde3\ufe0f D\u00e9claration officielle d\u2019Ayaki Ito, HCR \u2014 12 mars 2026<\/p>\n<blockquote style=\"margin: 0; padding: 0 0 0 16px; border-left: 3px solid #16a34a; color: #166534; font-style: italic; line-height: 1.9;\">\n<p>\u00ab La plupart fuient T\u00e9h\u00e9ran et d\u2019autres grandes zones urbaines vers le nord du pays et les zones rurales pour trouver la s\u00e9curit\u00e9. Ce chiffre est susceptible de continuer \u00e0 augmenter tant que les hostilit\u00e9s persistent, marquant une escalade inqui\u00e9tante des besoins humanitaires. \u00bb<\/p>\n<\/blockquote>\n<p style=\"margin: 10px 0 0 0; font-size: 0.83em; color: #4ade80;\">\u2014 Ayaki Ito, Directrice de la Division des urgences et coordinatrice r\u00e9gionale de la r\u00e9ponse aux r\u00e9fugi\u00e9s pour l\u2019urgence au Moyen-Orient, HCR<\/p>\n<\/div>\n<p style=\"margin-bottom: 1.4em;\">Le HCR a par ailleurs pr\u00e9cis\u00e9 que <strong>ce chiffre repr\u00e9sente l\u2019une des vagues de d\u00e9placement interne les plus rapides et les plus massives observ\u00e9es dans la r\u00e9gion depuis plusieurs d\u00e9cennies<\/strong>, compte tenu de l\u2019intensit\u00e9 des bombardements a\u00e9riens et du ciblage des infrastructures vitales.<\/p>\n<hr style=\"border: none; border-top: 1px solid #e2e8f0; margin: 2.5em 0;\"\/>\n<h2 id=\"victimes-bilan\" style=\"font-size: 1.4em; font-weight: bold; color: #0f172a; border-bottom: 2px solid #e2e8f0; padding-bottom: 10px; margin-top: 2em;\">3. Bilan humain : morts, bless\u00e9s, destructions<\/h2>\n<p style=\"margin-bottom: 1.4em;\">Au-del\u00e0 des d\u00e9placements, le bilan humain du conflit est lourd. Selon les donn\u00e9es compil\u00e9es par l\u2019Organisation mondiale de la sant\u00e9 (OMS) \u00e0 partir des chiffres communiqu\u00e9s par les autorit\u00e9s iraniennes :<\/p>\n<div style=\"display: flex; flex-wrap: wrap; gap: 12px; margin: 20px 0 28px 0;\">\n<div style=\"flex: 1; min-width: 140px; background: #f0fdf4; border-radius: 10px; padding: 18px; text-align: center; border: 1px solid #bbf7d0;\">\n<p>20 000+<\/p>\n<p>b\u00e2timents civils touch\u00e9s<\/p>\n<\/div>\n<\/div>\n<p style=\"margin-bottom: 1.4em;\">La Soci\u00e9t\u00e9 du Croissant-Rouge iranien a pr\u00e9cis\u00e9 que parmi ces <strong>20 000 b\u00e2timents civils endommag\u00e9s ou d\u00e9truits<\/strong>, on compte au moins <strong>16 000 logements r\u00e9sidentiels<\/strong>, ainsi que <strong>77 \u00e9tablissements de sant\u00e9<\/strong> et <strong>65 \u00e9coles<\/strong>. Ces chiffres, bien que non v\u00e9rifiables de mani\u00e8re ind\u00e9pendante dans l\u2019imm\u00e9diat, t\u00e9moignent de l\u2019\u00e9tendue des destructions dans les zones urbaines dens\u00e9ment peupl\u00e9es.<\/p>\n<figure style=\"margin: 24px 0; border-radius: 10px; overflow: hidden; box-shadow: 0 4px 16px rgba(0,0,0,0.12);\"><img data-recalc-dims=\"1\" decoding=\"async\" style=\"width: 100%; display: block;\" src=\"https:\/\/i0.wp.com\/www.reuters.com\/resizer\/v2\/QZXK5HI7PRLNZG4JRPQOHEQQ5Y.jpg?w=696&amp;ssl=1\" alt=\"Familles d\u00e9plac\u00e9es \u00e0 la fronti\u00e8re iranienne\"\/><figcaption style=\"background: #1e293b; color: #cbd5e1; font-size: 0.82em; padding: 10px 14px; font-style: italic;\">Des familles iraniennes contraintes de fuir les frappes a\u00e9riennes. La fronti\u00e8re turco-iranienne de Kap\u0131k\u00f6y a enregistr\u00e9 une hausse spectaculaire des passages depuis le d\u00e9but des hostilit\u00e9s. (Photo Reuters)<\/figcaption><\/figure>\n<hr style=\"border: none; border-top: 1px solid #e2e8f0; margin: 2.5em 0;\"\/>\n<h2 id=\"regions-touchees\" style=\"font-size: 1.4em; font-weight: bold; color: #0f172a; border-bottom: 2px solid #e2e8f0; padding-bottom: 10px; margin-top: 2em;\">4. Les r\u00e9gions les plus touch\u00e9es et les mouvements de population<\/h2>\n<p style=\"margin-bottom: 1.4em;\"><strong>T\u00e9h\u00e9ran<\/strong> est au c\u0153ur de l\u2019exode. La capitale iranienne \u2014 qui compte pr\u00e8s de <strong>9 millions d\u2019habitants<\/strong> dans sa ville propre et plus de 16 millions dans sa zone m\u00e9tropolitaine \u2014 subit des frappes r\u00e9p\u00e9t\u00e9es sur ses quartiers r\u00e9sidentiels, ses axes de communication et ses infrastructures \u00e9nerg\u00e9tiques. Des immeubles d\u2019appartements entiers ont \u00e9t\u00e9 d\u00e9truits, certains quartiers de l\u2019est de la ville \u00e9tant particuli\u00e8rement touch\u00e9s.<\/p>\n<p style=\"margin-bottom: 1.4em;\">Les familles fuient principalement vers :<\/p>\n<ul style=\"padding-left: 20px; margin-bottom: 1.6em; line-height: 2;\">\n<li><strong>Le nord de l\u2019Iran<\/strong> (Gilan, Mazandaran, Alborz) \u2014 r\u00e9gions bois\u00e9es et montagneuses \u00e0 l\u2019abri des principales cibles strat\u00e9giques<\/li>\n<li><strong>Les zones rurales<\/strong> du centre et de l\u2019ouest du pays, jug\u00e9es plus s\u00fbres<\/li>\n<li><strong>\u00c0 l\u2019\u00e9tranger<\/strong> \u2014 le poste-fronti\u00e8re de <em>Kap\u0131k\u00f6y<\/em>, entre l\u2019Iran et la Turquie orientale, a enregistr\u00e9 un afflux massif de personnes fuyant vers la province de Van<\/li>\n<\/ul>\n<p style=\"margin-bottom: 1.4em;\">Les infrastructures civiles sont gravement endommag\u00e9es dans les centres urbains : coupures d\u2019\u00e9lectricit\u00e9 prolong\u00e9es, r\u00e9seaux d\u2019eau perturb\u00e9s, h\u00f4pitaux surcharg\u00e9s, routes encombr\u00e9es par des colonnes de v\u00e9hicules fuyant les bombardements.<\/p>\n<hr style=\"border: none; border-top: 1px solid #e2e8f0; margin: 2.5em 0;\"\/>\n<h2 id=\"refugies-afghans\" style=\"font-size: 1.4em; font-weight: bold; color: #0f172a; border-bottom: 2px solid #e2e8f0; padding-bottom: 10px; margin-top: 2em;\">5. L\u2019impact d\u00e9vastateur sur les r\u00e9fugi\u00e9s afghans h\u00e9berg\u00e9s en Iran<\/h2>\n<p style=\"margin-bottom: 1.4em;\">L\u2019Iran est, depuis des d\u00e9cennies, l\u2019un des <strong>premiers pays d\u2019accueil de r\u00e9fugi\u00e9s afghans au monde<\/strong> \u2014 une situation qui trouve ses racines dans les invasions sovi\u00e9tiques des ann\u00e9es 1980, puis les guerres successives qui ont ravag\u00e9 l\u2019Afghanistan jusqu\u2019\u00e0 nos jours. On estime que plusieurs millions d\u2019Afghans r\u00e9sident sur le sol iranien, en situation r\u00e9guli\u00e8re ou non.<\/p>\n<p style=\"margin-bottom: 1.4em;\">Ces familles afghanes, d\u00e9j\u00e0 en situation de grande pr\u00e9carit\u00e9, <strong>ne disposent d\u2019aucun filet de s\u00e9curit\u00e9 suppl\u00e9mentaire<\/strong> face \u00e0 ce nouveau choc. Le HCR souligne qu\u2019elles sont \u00ab particuli\u00e8rement vuln\u00e9rables, compte tenu de leur situation d\u00e9j\u00e0 pr\u00e9caire et de leurs r\u00e9seaux de soutien limit\u00e9s \u00bb.<\/p>\n<p style=\"margin-bottom: 1.4em;\">L\u2019ins\u00e9curit\u00e9 croissante et l\u2019acc\u00e8s de plus en plus restreint aux services essentiels les contraignent \u00e9galement \u00e0 fuir les zones bombard\u00e9es \u2014 les plongeant dans un \u00e9tat de d\u00e9placement au sein m\u00eame d\u2019un pays qui n\u2019est pas le leur. Les ressources humanitaires du HCR d\u00e9j\u00e0 mobilis\u00e9es pour ces communaut\u00e9s sont d\u00e9sormais satur\u00e9es par l\u2019arriv\u00e9e des d\u00e9plac\u00e9s iraniens eux-m\u00eames.<\/p>\n<hr style=\"border: none; border-top: 1px solid #e2e8f0; margin: 2.5em 0;\"\/>\n<h2 id=\"repercussions-regionales\" style=\"font-size: 1.4em; font-weight: bold; color: #0f172a; border-bottom: 2px solid #e2e8f0; padding-bottom: 10px; margin-top: 2em;\">6. Une escalade humanitaire qui d\u00e9passe les fronti\u00e8res iraniennes<\/h2>\n<p style=\"margin-bottom: 1.4em;\">La crise iranienne s\u2019inscrit dans un embrasement plus large de la r\u00e9gion. Plusieurs fronts simultan\u00e9s aggravent la situation humanitaire \u00e0 l\u2019\u00e9chelle du Moyen-Orient :<\/p>\n<ul style=\"padding-left: 20px; margin-bottom: 1.6em; line-height: 2.2;\">\n<li>\ud83c\uddf1\ud83c\udde7 <strong>Liban :<\/strong> Plus de <strong>800 000 personnes<\/strong> ont \u00e9t\u00e9 d\u00e9plac\u00e9es par les frappes isra\u00e9liennes \u2014 soit environ <strong>15 % de la population totale<\/strong> du pays. Pour m\u00e9moire, la France compte environ 68 millions d\u2019habitants : une proportion \u00e9quivalente correspondrait \u00e0 plus de 10 millions de Fran\u00e7ais contraints \u00e0 l\u2019exode.<\/li>\n<li>\ud83c\udde7\ud83c\udded <strong>Bahre\u00efn :<\/strong> Les tensions internes s\u2019accentuent au sein de la communaut\u00e9 chiite face \u00e0 la monarchie sunnite, dans un contexte d\u2019escalade r\u00e9gionale.<\/li>\n<li>\ud83c\udf0a <strong>D\u00e9troit d\u2019Ormuz :<\/strong> L\u2019Iran a annonc\u00e9 la fermeture du d\u00e9troit, par lequel transitent environ <strong>20 % des exportations mondiales de p\u00e9trole<\/strong>, provoquant une flamb\u00e9e des cours du brut et mena\u00e7ant les approvisionnements \u00e9nerg\u00e9tiques mondiaux \u2014 y compris en Europe.<\/li>\n<\/ul>\n<p style=\"margin-bottom: 1.4em;\">L\u2019Iran a par ailleurs ripost\u00e9 aux frappes am\u00e9ricano-isra\u00e9liennes en lan\u00e7ant des vagues de missiles et de drones contre des bases am\u00e9ricaines et d\u2019autres sites dans plusieurs pays de la r\u00e9gion, faisant craindre une g\u00e9n\u00e9ralisation du conflit.<\/p>\n<hr style=\"border: none; border-top: 1px solid #e2e8f0; margin: 2.5em 0;\"\/>\n<h2 id=\"comparaisons\" style=\"font-size: 1.4em; font-weight: bold; color: #0f172a; border-bottom: 2px solid #e2e8f0; padding-bottom: 10px; margin-top: 2em;\">7. Mise en perspective : comparaisons avec d\u2019autres crises<\/h2>\n<p style=\"margin-bottom: 1.4em;\">Pour mesurer l\u2019ampleur de ce que vivent les Iraniens, il est utile de comparer avec des crises que le public fran\u00e7ais conna\u00eet mieux :<\/p>\n<div style=\"overflow-x: auto; margin: 20px 0 28px 0;\">\n<table style=\"width: 100%; border-collapse: collapse; font-size: 0.92em;\">\n<thead>\n<tr style=\"background: #1e3a5f; color: #fff;\">\n<th style=\"padding: 12px 14px; text-align: left; border-radius: 8px 0 0 0;\">Crise<\/th>\n<th style=\"padding: 12px 14px; text-align: center;\">D\u00e9plac\u00e9s internes<\/th>\n<th style=\"padding: 12px 14px; text-align: center; border-radius: 0 8px 0 0;\">D\u00e9lai<\/th>\n<\/tr>\n<\/thead>\n<tbody>\n<tr style=\"background: #f8fafc; border-bottom: 1px solid #e2e8f0;\">\n<td style=\"padding: 12px 14px; font-weight: 600;\">\ud83c\uddee\ud83c\uddf7 Iran (2026 \u2014 en cours)<\/td>\n<td style=\"padding: 12px 14px; text-align: center; font-weight: bold; color: #dc2626;\">3,2 millions<\/td>\n<td style=\"padding: 12px 14px; text-align: center;\">14 jours<\/td>\n<\/tr>\n<tr style=\"background: #fff; border-bottom: 1px solid #e2e8f0;\">\n<td style=\"padding: 12px 14px;\">\ud83c\uddf8\ud83c\uddfe Syrie (crise de 2015)<\/td>\n<td style=\"padding: 12px 14px; text-align: center;\">~4 millions (en 4 ans)<\/td>\n<td style=\"padding: 12px 14px; text-align: center;\">4 ans<\/td>\n<\/tr>\n<tr style=\"background: #f8fafc; border-bottom: 1px solid #e2e8f0;\">\n<td style=\"padding: 12px 14px;\">\ud83c\uddfa\ud83c\udde6 Ukraine (2022, 1 mois)<\/td>\n<td style=\"padding: 12px 14px; text-align: center;\">~6 millions (r\u00e9fugi\u00e9s ext.)<\/td>\n<td style=\"padding: 12px 14px; text-align: center;\">1 mois<\/td>\n<\/tr>\n<tr style=\"background: #fff;\">\n<td style=\"padding: 12px 14px;\">\ud83c\uddf1\ud83c\udde7 Liban (2024\u20132026)<\/td>\n<td style=\"padding: 12px 14px; text-align: center;\">~800 000<\/td>\n<td style=\"padding: 12px 14px; text-align: center;\">quelques semaines<\/td>\n<\/tr>\n<\/tbody>\n<\/table>\n<\/div>\n<p style=\"margin-bottom: 1.4em;\">Ce tableau met en \u00e9vidence que la vitesse de d\u00e9placement en Iran \u2014 <strong>3,2 millions en 14 jours<\/strong> \u2014 est exceptionnelle, m\u00eame compar\u00e9e aux crises les plus graves de ces derni\u00e8res ann\u00e9es. En France, cela \u00e9quivaudrait \u00e0 voir la population cumul\u00e9e de Paris, Lyon et Marseille contrainte de quitter son domicile en deux semaines.<\/p>\n<p style=\"margin-bottom: 1.4em;\">L\u2019organisation <em>Refugees International<\/em> a lanc\u00e9 un avertissement sans ambigu\u00eft\u00e9 : <em>\u00ab Si ce conflit \u00e9volue vers une guerre de longue dur\u00e9e, et notamment si des conflits internes \u00e9mergent en Iran, les cons\u00e9quences humanitaires pourraient s\u2019aggraver de fa\u00e7on dramatique. \u00bb<\/em><\/p>\n<hr style=\"border: none; border-top: 1px solid #e2e8f0; margin: 2.5em 0;\"\/>\n<h2 id=\"conclusion\" style=\"font-size: 1.4em; font-weight: bold; color: #0f172a; border-bottom: 2px solid #e2e8f0; padding-bottom: 10px; margin-top: 2em;\">8. Conclusion et appels de la communaut\u00e9 internationale<\/h2>\n<p style=\"margin-bottom: 1.4em;\">En moins de deux semaines, les bombardements am\u00e9ricano-isra\u00e9liens ont contraint <strong>plus de 3,2 millions d\u2019Iraniens \u00e0 l\u2019exode interne<\/strong>, selon les donn\u00e9es pr\u00e9liminaires du HCR \u2014 un chiffre qui continue de progresser heure apr\u00e8s heure, au rythme des hostilit\u00e9s. Derri\u00e8re cette statistique colossale se cachent des familles enti\u00e8res arrach\u00e9es \u00e0 leur foyer, des immeubles r\u00e9duits \u00e0 des d\u00e9combres, et une g\u00e9n\u00e9ration d\u2019enfants marqu\u00e9e \u00e0 vie.<\/p>\n<p style=\"margin-bottom: 1.4em;\">Le HCR appelle solennellement \u00e0 :<\/p>\n<ul style=\"padding-left: 20px; margin-bottom: 1.6em; line-height: 2.2;\">\n<li>\u2705 La <strong>protection des civils<\/strong> et le respect du droit international humanitaire<\/li>\n<li>\u2705 Le <strong>maintien de l\u2019acc\u00e8s humanitaire<\/strong> pour permettre l\u2019acheminement de l\u2019aide<\/li>\n<li>\u2705 L\u2019<strong>ouverture des fronti\u00e8res<\/strong> aux personnes fuyant les combats, conform\u00e9ment aux obligations internationales<\/li>\n<li>\u2705 La <strong>cessation imm\u00e9diate des frappes<\/strong> sur les zones civiles, les h\u00f4pitaux et les \u00e9coles<\/li>\n<\/ul>\n<p style=\"margin-bottom: 1.4em;\">L\u2019urgence est r\u00e9elle et le temps presse. Prot\u00e9ger les civils et garantir l\u2019acc\u00e8s \u00e0 l\u2019aide humanitaire sont devenus des imp\u00e9ratifs absolus face \u00e0 l\u2019une des crises les plus rapides et les plus d\u00e9vastatrices que le Moyen-Orient ait connues.<\/p>\n<hr style=\"border: none; border-top: 2px solid #e2e8f0; margin: 2.5em 0;\"\/>\n<h2 id=\"sources\" style=\"font-size: 1.2em; font-weight: bold; color: #374151; margin-top: 2em;\">Sources<\/h2>\n<ol style=\"padding-left: 20px; line-height: 2.4; font-size: 0.9em; color: #4b5563;\">\n<li><a target=\"_blank\" style=\"color: #2563eb;\" href=\"https:\/\/www.unhcr.org\/us\/news\/press-releases\/unhcr-3-2-million-iranians-temporarily-displaced-iran-conflict-intensifies\" target=\"_blank\" rel=\"noreferrer noopener\">Communiqu\u00e9 officiel du HCR \u2014 <em>\u00ab UNHCR: 3.2 million Iranians temporarily displaced \u00bb<\/em>, 12 mars 2026<\/a><\/li>\n<li><a target=\"_blank\" style=\"color: #2563eb;\" href=\"https:\/\/www.aljazeera.com\/news\/2026\/3\/12\/up-to-3-2-million-people-displaced-across-iran-amid-us-israeli-attacks-un\" target=\"_blank\" rel=\"noreferrer noopener\">Al Jazeera \u2014 <em>\u00ab Up to 3.2 million people displaced across Iran amid US-Israeli attacks: UN \u00bb<\/em>, 12 mars 2026<\/a><\/li>\n<li><a target=\"_blank\" style=\"color: #2563eb;\" href=\"https:\/\/www.commondreams.org\/news\/iran-refugee-crisis\" target=\"_blank\" rel=\"noreferrer noopener\">Common Dreams \u2014 <em>\u00ab Fears of \u2018Cataclysmic\u2019 Refugee Crisis Grow \u00bb<\/em>, mars 2026<\/a><\/li>\n<li><a target=\"_blank\" style=\"color: #2563eb;\" href=\"https:\/\/thehill.com\/policy\/international\/5780693-united-nations-iran-war\/\" target=\"_blank\" rel=\"noreferrer noopener\">The Hill \u2014 <em>\u00ab UN agency says up to 3.2 million displaced by Iran war \u00bb<\/em>, mars 2026<\/a><\/li>\n<li><a target=\"_blank\" style=\"color: #2563eb;\" href=\"https:\/\/www.tf1info.fr\/international\/en-direct-guerre-au-moyen-orient-iran-nouvelles-frappes-au-liban-israel-vise-par-des-missiles-iraniens-les-informations-jeidi-13-mars-2026-2429624.html\" target=\"_blank\" rel=\"noreferrer noopener\">TF1 Info \u2014 Couverture en direct du conflit, 13 mars 2026<\/a><\/li>\n<li><a target=\"_blank\" style=\"color: #2563eb;\" href=\"https:\/\/www.la-croix.com\/international\/direct-guerre-iran-israel-usa-jour-11-moyen-orient-bilan-resume-aujourdhui-20260310\" target=\"_blank\" rel=\"noreferrer noopener\">La Croix \u2014 Bilan quotidien du conflit, mars 2026<\/a><\/li>\n<li><a target=\"_blank\" style=\"color: #2563eb;\" href=\"https:\/\/www.youtube.com\/watch?v=RLH6iB3ZS-8\" target=\"_blank\" rel=\"noreferrer noopener\">France 24 \u2014 <em>\u00ab Moyen-Orient : une guerre qui s\u2019installe ? \u00bb<\/em>, 9 mars 2026<\/a><\/li>\n<\/ol>\n<div style=\"background: #f1f5f9; border-radius: 10px; padding: 20px 24px; margin: 2.5em 0 1em 0; text-align: center; border: 1px solid #e2e8f0;\">\n<p style=\"margin: 0 0 8px 0; font-weight: bold; font-size: 1em; color: #1e293b;\">\ud83d\udcf0 Liberta Press \u2014 Journalisme ind\u00e9pendant<\/p>\n<p style=\"margin: 0 0 14px 0; font-size: 0.9em; color: #475569;\">Notre contenu est et restera gratuit. Mais un m\u00e9dia libre a un co\u00fbt.<\/p>\n<p><a target=\"_blank\" style=\"display: inline-block; background: #dc2626; color: #fff; padding: 11px 28px; border-radius: 6px; text-decoration: none; font-weight: bold; font-size: 0.95em; letter-spacing: 0.02em;\" href=\"https:\/\/liberta.press\/nous-soutenir\/\" target=\"_blank\" rel=\"noreferrer noopener\">\u2764\ufe0f Nous soutenir<\/a><\/p>\n<\/div>\n<\/div>\n<p><br \/>\n<br \/><a href=\"https:\/\/liberta.press\/2026\/03\/15\/plus-de-32-millions-diraniens-contraints-a-lexode-interne-la-crise-humanitaire-sans-precedent-provoquee-par-les-bombardements-americano-israeliens\/\" target=\"_blank\"\">Source link <\/a><\/p>\n","protected":false},"excerpt":{"rendered":"<p>\u26a0\ufe0f Alerte humanitaire \u2014 Depuis le 28 f\u00e9vrier 2026, les frappes conjointes des \u00c9tats-Unis et d\u2019Isra\u00ebl sur l\u2019Iran ont provoqu\u00e9 le d\u00e9placement forc\u00e9 d\u2019au moins 3,2 millions de civils en&hellip; <\/p>\n","protected":false},"author":1,"featured_media":25322,"comment_status":"open","ping_status":"open","sticky":false,"template":"","format":"standard","meta":{"footnotes":""},"categories":[1],"tags":[],"class_list":["post-25321","post","type-post","status-publish","format-standard","has-post-thumbnail","hentry","category-non-classe"],"_links":{"self":[{"href":"https:\/\/monde25.info\/index.php\/wp-json\/wp\/v2\/posts\/25321","targetHints":{"allow":["GET"]}}],"collection":[{"href":"https:\/\/monde25.info\/index.php\/wp-json\/wp\/v2\/posts"}],"about":[{"href":"https:\/\/monde25.info\/index.php\/wp-json\/wp\/v2\/types\/post"}],"author":[{"embeddable":true,"href":"https:\/\/monde25.info\/index.php\/wp-json\/wp\/v2\/users\/1"}],"replies":[{"embeddable":true,"href":"https:\/\/monde25.info\/index.php\/wp-json\/wp\/v2\/comments?post=25321"}],"version-history":[{"count":0,"href":"https:\/\/monde25.info\/index.php\/wp-json\/wp\/v2\/posts\/25321\/revisions"}],"wp:featuredmedia":[{"embeddable":true,"href":"https:\/\/monde25.info\/index.php\/wp-json\/wp\/v2\/media\/25322"}],"wp:attachment":[{"href":"https:\/\/monde25.info\/index.php\/wp-json\/wp\/v2\/media?parent=25321"}],"wp:term":[{"taxonomy":"category","embeddable":true,"href":"https:\/\/monde25.info\/index.php\/wp-json\/wp\/v2\/categories?post=25321"},{"taxonomy":"post_tag","embeddable":true,"href":"https:\/\/monde25.info\/index.php\/wp-json\/wp\/v2\/tags?post=25321"}],"curies":[{"name":"wp","href":"https:\/\/api.w.org\/{rel}","templated":true}]}}