{"id":25327,"date":"2026-03-16T03:56:39","date_gmt":"2026-03-16T02:56:39","guid":{"rendered":"https:\/\/monde25.info\/index.php\/2026\/03\/16\/frejus-repart-avec-david-rachline-maire-dextreme-droite-qui-betonne-a-tout-va\/"},"modified":"2026-03-16T03:56:39","modified_gmt":"2026-03-16T02:56:39","slug":"frejus-repart-avec-david-rachline-maire-dextreme-droite-qui-betonne-a-tout-va","status":"publish","type":"post","link":"https:\/\/monde25.info\/index.php\/2026\/03\/16\/frejus-repart-avec-david-rachline-maire-dextreme-droite-qui-betonne-a-tout-va\/","title":{"rendered":"Fr\u00e9jus repart avec David Rachline, maire d&#039;extr\u00eame droite qui b\u00e9tonne \u00e0 tout-va"},"content":{"rendered":"<p> <br \/>\n<br \/><img loading=\"lazy\" decoding=\"async\" src=\"https:\/\/reporterre.net\/local\/cache-vignettes\/L700xH467\/afp__20260315__a3d73g3__v1__highres__francevotemunicipal2026-a796a.jpg?1773610859\" class=\"spip_logo\" width=\"700\" height=\"467\" alt=\"\" \/><\/p>\n<p>Municipales \u2014 \u00c0 Fr\u00e9jus, David Rachline a \u00e9t\u00e9 r\u00e9\u00e9lu d\u00e8s le premier tour. En douze ans \u00e0 la t\u00eate de la ville, le maire d&rsquo;extr\u00eame droite a men\u00e9 une politique de grands projets urbains au prix d&rsquo;une artificialisation des sols galopante. <br class=\"autobr\" \/> Le maire d&rsquo;extr\u00eame droite David Rachline a \u00e9t\u00e9 r\u00e9\u00e9lu d\u00e8s le premier tour le 15\u00a0mars, selon les premi\u00e8res estimations. L&rsquo;\u00e9lu, parti sans le soutien du Rassemblement national , repart pour un troisi\u00e8me mandat \u00e0 la t\u00eate de la ville. Les deux pr\u00e9c\u00e9dents avaient\u00a0(\u2026)<\/p>\n<p>                    <a target=\"_blank\" href=\"https:\/\/reporterre.net\/Frejus-repart-avec-David-Rachline-maire-d-extreme-droite-qui-betonne-a-tout-va?utm_source=RSS&amp;utm_medium=RSS\">Lire la suite<\/a><\/p>\n<p>                    &#8211;<br \/>\n                        <a target=\"_blank\" href=\"https:\/\/reporterre.net\/Autres-infos\" rel=\"directory\">Info<\/a><\/p>\n<p>                    \/<br \/>\n                        <a target=\"_blank\" href=\"https:\/\/reporterre.net\/Politique\" rel=\"tag\">Politique<\/a><br \/>\n                    ,<br \/>\n                        <a target=\"_blank\" href=\"https:\/\/reporterre.net\/Municipales-2026\" rel=\"tag\">Municipales 2026<\/a><br \/>\n<br \/><br \/>\n<br \/><a href=\"https:\/\/reporterre.net\/Frejus-repart-avec-David-Rachline-maire-d-extreme-droite-qui-betonne-a-tout-va\" target=\"_blank\"\">Source link <\/a><\/p>\n","protected":false},"excerpt":{"rendered":"<p>Municipales \u2014 \u00c0 Fr\u00e9jus, David Rachline a \u00e9t\u00e9 r\u00e9\u00e9lu d\u00e8s le premier tour. En douze ans \u00e0 la t\u00eate de la ville, le maire d&rsquo;extr\u00eame droite a men\u00e9 une politique&hellip; <\/p>\n","protected":false},"author":1,"featured_media":0,"comment_status":"open","ping_status":"open","sticky":false,"template":"","format":"standard","meta":{"footnotes":""},"categories":[1],"tags":[],"class_list":["post-25327","post","type-post","status-publish","format-standard","hentry","category-non-classe"],"_links":{"self":[{"href":"https:\/\/monde25.info\/index.php\/wp-json\/wp\/v2\/posts\/25327","targetHints":{"allow":["GET"]}}],"collection":[{"href":"https:\/\/monde25.info\/index.php\/wp-json\/wp\/v2\/posts"}],"about":[{"href":"https:\/\/monde25.info\/index.php\/wp-json\/wp\/v2\/types\/post"}],"author":[{"embeddable":true,"href":"https:\/\/monde25.info\/index.php\/wp-json\/wp\/v2\/users\/1"}],"replies":[{"embeddable":true,"href":"https:\/\/monde25.info\/index.php\/wp-json\/wp\/v2\/comments?post=25327"}],"version-history":[{"count":0,"href":"https:\/\/monde25.info\/index.php\/wp-json\/wp\/v2\/posts\/25327\/revisions"}],"wp:attachment":[{"href":"https:\/\/monde25.info\/index.php\/wp-json\/wp\/v2\/media?parent=25327"}],"wp:term":[{"taxonomy":"category","embeddable":true,"href":"https:\/\/monde25.info\/index.php\/wp-json\/wp\/v2\/categories?post=25327"},{"taxonomy":"post_tag","embeddable":true,"href":"https:\/\/monde25.info\/index.php\/wp-json\/wp\/v2\/tags?post=25327"}],"curies":[{"name":"wp","href":"https:\/\/api.w.org\/{rel}","templated":true}]}}