{"id":25341,"date":"2026-03-16T12:11:37","date_gmt":"2026-03-16T11:11:37","guid":{"rendered":"https:\/\/monde25.info\/index.php\/2026\/03\/16\/municipales-lextreme-droite-renforce-son-ancrage-au-premier-tour\/"},"modified":"2026-03-16T12:11:37","modified_gmt":"2026-03-16T11:11:37","slug":"municipales-lextreme-droite-renforce-son-ancrage-au-premier-tour","status":"publish","type":"post","link":"https:\/\/monde25.info\/index.php\/2026\/03\/16\/municipales-lextreme-droite-renforce-son-ancrage-au-premier-tour\/","title":{"rendered":"Municipales\u00a0: l&#039;extr\u00eame droite renforce son ancrage au premier tour"},"content":{"rendered":"<p> <br \/>\n<br \/><img loading=\"lazy\" decoding=\"async\" src=\"https:\/\/reporterre.net\/local\/cache-vignettes\/L700xH467\/afp__20260228__99b33zw__v1__highres__franceelectionmunicipal2026_1_-b2327.jpg?1773658801\" class=\"spip_logo\" width=\"700\" height=\"467\" alt=\"\" \/><\/p>\n<p>Au premier tour des \u00e9lections municipales, le Rassemblement national, qui poss\u00e9dait d\u00e9j\u00e0 plusieurs villes, a renforc\u00e9 son ancrage, particuli\u00e8rement dans le Sud-Est. <br class=\"autobr\" \/> \u00c0 la t\u00eate de dix-sept communes depuis 2020, quasiment tous les maires du Rassemblement national sont r\u00e9\u00e9lus d\u00e8s le premier tour, ou en passe de l&rsquo;\u00eatre au second tour qui se tiendra le 22\u00a0mars. \u00c0 commencer par Louis Aliot, vice-pr\u00e9sident du parti, r\u00e9\u00e9lu \u00e0 Perpignan, seule ville de plus de 100\u00a0000 habitants men\u00e9e par un maire du\u00a0(\u2026)<\/p>\n<p>                    <a target=\"_blank\" href=\"https:\/\/reporterre.net\/Municipales-l-extreme-droite-renforce-son-ancrage-au-premier-tour?utm_source=RSS&amp;utm_medium=RSS\">Lire la suite<\/a><\/p>\n<p>                    &#8211;<br \/>\n                        <a target=\"_blank\" href=\"https:\/\/reporterre.net\/Autres-infos\" rel=\"directory\">Info<\/a><\/p>\n<p>                    \/<br \/>\n                        <a target=\"_blank\" href=\"https:\/\/reporterre.net\/Politique\" rel=\"tag\">Politique<\/a><br \/>\n                    ,<br \/>\n                        <a target=\"_blank\" href=\"https:\/\/reporterre.net\/Municipales-2026\" rel=\"tag\">Municipales 2026<\/a><br \/>\n<br \/><br \/>\n<br \/><a href=\"https:\/\/reporterre.net\/Municipales-l-extreme-droite-renforce-son-ancrage-au-premier-tour\" target=\"_blank\"\">Source link <\/a><\/p>\n","protected":false},"excerpt":{"rendered":"<p>Au premier tour des \u00e9lections municipales, le Rassemblement national, qui poss\u00e9dait d\u00e9j\u00e0 plusieurs villes, a renforc\u00e9 son ancrage, particuli\u00e8rement dans le Sud-Est. \u00c0 la t\u00eate de dix-sept communes depuis 2020,&hellip; <\/p>\n","protected":false},"author":1,"featured_media":0,"comment_status":"open","ping_status":"open","sticky":false,"template":"","format":"standard","meta":{"footnotes":""},"categories":[1],"tags":[],"class_list":["post-25341","post","type-post","status-publish","format-standard","hentry","category-non-classe"],"_links":{"self":[{"href":"https:\/\/monde25.info\/index.php\/wp-json\/wp\/v2\/posts\/25341","targetHints":{"allow":["GET"]}}],"collection":[{"href":"https:\/\/monde25.info\/index.php\/wp-json\/wp\/v2\/posts"}],"about":[{"href":"https:\/\/monde25.info\/index.php\/wp-json\/wp\/v2\/types\/post"}],"author":[{"embeddable":true,"href":"https:\/\/monde25.info\/index.php\/wp-json\/wp\/v2\/users\/1"}],"replies":[{"embeddable":true,"href":"https:\/\/monde25.info\/index.php\/wp-json\/wp\/v2\/comments?post=25341"}],"version-history":[{"count":0,"href":"https:\/\/monde25.info\/index.php\/wp-json\/wp\/v2\/posts\/25341\/revisions"}],"wp:attachment":[{"href":"https:\/\/monde25.info\/index.php\/wp-json\/wp\/v2\/media?parent=25341"}],"wp:term":[{"taxonomy":"category","embeddable":true,"href":"https:\/\/monde25.info\/index.php\/wp-json\/wp\/v2\/categories?post=25341"},{"taxonomy":"post_tag","embeddable":true,"href":"https:\/\/monde25.info\/index.php\/wp-json\/wp\/v2\/tags?post=25341"}],"curies":[{"name":"wp","href":"https:\/\/api.w.org\/{rel}","templated":true}]}}