{"id":25342,"date":"2026-03-16T13:17:36","date_gmt":"2026-03-16T12:17:36","guid":{"rendered":"https:\/\/monde25.info\/index.php\/2026\/03\/16\/programme-safe-le-president-polonais-karol-nawrocki-oppose-son-veto-le-gouvernement-tusk-denonce-une-trahison-nationale-et-tente-de-contourner-la-decision-presidentielle\/"},"modified":"2026-03-16T13:17:36","modified_gmt":"2026-03-16T12:17:36","slug":"programme-safe-le-president-polonais-karol-nawrocki-oppose-son-veto-le-gouvernement-tusk-denonce-une-trahison-nationale-et-tente-de-contourner-la-decision-presidentielle","status":"publish","type":"post","link":"https:\/\/monde25.info\/index.php\/2026\/03\/16\/programme-safe-le-president-polonais-karol-nawrocki-oppose-son-veto-le-gouvernement-tusk-denonce-une-trahison-nationale-et-tente-de-contourner-la-decision-presidentielle\/","title":{"rendered":"Programme SAFE, le pr\u00e9sident polonais Karol Nawrocki oppose son v\u00e9to, le gouvernement Tusk d\u00e9nonce une \u201ctrahison nationale\u201d et tente de contourner la d\u00e9cision pr\u00e9sidentielle"},"content":{"rendered":"<p> <br \/>\n<\/p>\n<div>\n<p>Comme annonc\u00e9, le pr\u00e9sident polonais Karol Nawrocki oppose son veto \u00e0 la participation de son pays au m\u00e9canisme de financement europ\u00e9en, dit Safe. Apr\u00e8s un d\u00e9bat houleux, il a affirm\u00e9 son intention de ne jamais signer une loi qui \u201cporte atteinte \u00e0 la souverainet\u00e9, \u00e0 l\u2019ind\u00e9pendance et \u00e0 la s\u00e9curit\u00e9\u201d de la Pologne. Une d\u00e9cision qualifi\u00e9e de \u201ctrahison nationale\u201d par Donald Tusk.<\/p>\n<p>Le programme SAFE (Security Action for Europe), lanc\u00e9 par l&rsquo;Union europ\u00e9enne fin 2025 lors du sommet de d\u00e9cembre \u00e0 Bruxelles, vise \u00e0 mobiliser dans une premi\u00e8re phase jusqu&rsquo;\u00e0 150 milliards d&rsquo;euros de pr\u00eats \u00e0 taux bas pour renforcer l&rsquo;industrie de d\u00e9fense des \u00c9tats membres face aux menaces russes. Il fonctionne via une dette commune garantie par le budget UE, permettant \u00e0 chaque pays d&#8217;emprunter selon son plan national d&rsquo;armement, approuv\u00e9 par la Commission. Ce recours \u00e0 l&rsquo;endettement mutualis\u00e9 cristallise alors les oppositions souverainistes.<span class=\"Apple-converted-space\">\u00a0<\/span><\/p>\n<p>\u201cUne loi qui porte atteinte \u00e0 notre souverainet\u00e9\u201d<\/p>\n<p>La Pologne, consid\u00e9r\u00e9e comme le bastion oriental de l&rsquo;OTAN avec ses 300 000 soldats et sa fronti\u00e8re avec la Russie via Kaliningrad et le B\u00e9larus, est le premier et plus gros b\u00e9n\u00e9ficiaire avec 44 milliards d&rsquo;euros allou\u00e9s pour moderniser ses d\u00e9fenses a\u00e9riennes et soutenir 12 000 entreprises locales. Son plan, valid\u00e9 en un temps record par Bruxelles, en fait le \u201ccheval de bataille de SAFE, consid\u00e9rant une \u201curgence g\u00e9opolitique\u201d au flanc est.<span class=\"Apple-converted-space\">\u00a0<\/span><\/p>\n<p>Mais Karol Nawrocki avait exprim\u00e9 son intention de veto d\u00e8s le 10 mars 2026, presque deux semaines apr\u00e8s le feu vert parlementaire du 27 f\u00e9vrier. La pr\u00e9sidence ainsi que le parti conservateur Droit et Justice (PiS) jugent le m\u00e9canisme d\u00e9favorable \u00e0 Varsovie, dans la mesure o\u00f9 SAFE pourrait devenir un instrument de pression politique de Bruxelles, \u00e0 l\u2019image du plan de relance europ\u00e9en.<\/p>\n<p>\u201cCe serait une erreur impardonnable\u201d, avait averti le Premier ministre Donald Tusk. \u201cJe ne comprends pas comment, dans une situation de conflit global et alors que la guerre est \u00e0 notre fronti\u00e8re, il est possible d&rsquo;envisager de bloquer un programme comme SAFE, ces milliards d&rsquo;euros pour l&rsquo;arm\u00e9e et l&rsquo;industrie d&rsquo;armement polonaise\u201d, avait-il d\u00e9clar\u00e9.<span class=\"Apple-converted-space\">\u00a0<\/span><\/p>\n<p>Fin de semaine derni\u00e8re, malgr\u00e9 un d\u00e9bat houleux qui a dur\u00e9 plusieurs semaines de pol\u00e9miques, le pr\u00e9sident polonais, nationaliste, n\u2019a pas chang\u00e9 d\u2019avis, opposant son veto \u00e0 la participation de la Pologne au programme SAFE. Karol Nawrocki a affirm\u00e9 lors d\u2019une allocution t\u00e9l\u00e9vis\u00e9e qu\u2019il ne signerait \u201cjamais la loi qui permettrait \u00e0 la Pologne de contracter l&#8217;emprunt dit &lsquo;SAFE&rsquo;. Je ne signerai en effet jamais une loi qui porte atteinte \u00e0 notre souverainet\u00e9, \u00e0 notre ind\u00e9pendance, ainsi qu&rsquo;\u00e0 notre s\u00e9curit\u00e9 \u00e9conomique et militaire\u00a0\u00bb.<\/p>\n<p>La d\u00e9cision a suscit\u00e9 des r\u00e9actions mitig\u00e9es, entre les soutiens \u00e0 Nawrocki et ses opposants, Donald Tusk \u00e0 leur t\u00eate. Mariusz Blaszczak, un ancien ministre de la D\u00e9fense, a assimil\u00e9 le programme SAFE \u00e0 une \u201creligion climatique\u201d et \u00e0 une \u201cid\u00e9ologie du monde\u201d bruxellois, en r\u00e9f\u00e9rence aux politiques climatiques de l\u2019UE et sa bureaucratie.<span class=\"Apple-converted-space\">\u00a0<\/span><\/p>\n<p>Tusk veut contourner une \u201ctrahison nationale\u201d<\/p>\n<p>Les partisans du v\u00e9to pr\u00e9sidentiel ont aussi alert\u00e9 contre le risque que SAFE endettera la Pologne sur plusieurs ann\u00e9es, \u00e0 des taux variables.<\/p>\n<p>\u201cLe pr\u00e9sident a perdu l\u2019occasion de se comporter en patriote. Une honte !\u201d, a r\u00e9agi sur X le chef du gouvernement Donald Tusk, qui affirmait d\u00e9j\u00e0 la semaine derni\u00e8re s\u2019atteler \u00e0 un plan B pour obtenir ces fonds. Son porte-parole avait auparavant d\u00e9nonc\u00e9 \u201cun acte de trahison nationale\u201d. Pour l\u2019actuel ministre de la D\u00e9fense, Wladyslaw Kosiniak-Kamysz, le veto de Karol Nawrocki \u201cn\u2019est pas dirig\u00e9 contre le gouvernement mais contre la s\u00e9curit\u00e9 de la Pologne\u201d.<\/p>\n<p>L\u2019arm\u00e9e polonaise a de son c\u00f4t\u00e9 rappel\u00e9, par la voix de son chef d\u2019\u00c9tat-major, le g\u00e9n\u00e9ral Wieslaw Kukula, que \u201cce sont des officiers de l&rsquo;arm\u00e9e de terre polonaise qui ont s\u00e9lectionn\u00e9 le mat\u00e9riel, et ce programme acc\u00e9l\u00e9rera consid\u00e9rablement la modernisation des forces arm\u00e9es\u00a0\u00bb.<\/p>\n<p>Le lendemain de ce v\u00e9to, vendredi, Donald Tusk a convoqu\u00e9 un conseil des ministres extraordinaire. Le gouvernement a adopt\u00e9 une r\u00e9solution habilitant les ministres de la D\u00e9fense et des Finances \u00e0 signer l&rsquo;accord avec l&rsquo;UE pour participer au programme SAFE, contournant ainsi le veto pr\u00e9sidentiel sur la loi parlementaire. Cette mesure, confirm\u00e9e par l&rsquo;agence polonaise PAP et Xinhua, permet d&rsquo;acc\u00e9der \u00e0 l&rsquo;essentiel des 44 milliards d&rsquo;euros malgr\u00e9 les blocages, bien que limit\u00e9e pour certains fonds non militaires.<span class=\"Apple-converted-space\">\u00a0<\/span><\/p>\n<p>Le bureau pr\u00e9sidentiel a critiqu\u00e9 cette r\u00e9solution comme une \u201ctentative de contourner le processus l\u00e9gislatif\u201d, sugg\u00e9rant un recours au Tribunal constitutionnel, accentuant la crise politique.<span class=\"Apple-converted-space\">\u00a0<\/span><\/p>\n<\/div>\n<p><script>(function(d, s, id) {  var js, fjs = d.getElementsByTagName(s)[0];  if (d.getElementById(id)) return;  js = d.createElement(s); js.id = id;  js.src = \"\/\/connect.facebook.net\/fr_FR\/sdk.js#xfbml=1&version=v2.3\";  fjs.parentNode.insertBefore(js, fjs);}(document, \"script\", \"facebook-jssdk\"));<\/script><br \/>\n<br \/><br \/>\n<br \/><a href=\"https:\/\/www.francesoir.fr\/politique-monde\/programme-safe-le-president-polonais-karol-nawrocki-oppose-son-veto-le-gouvernement\" target=\"_blank\"\">Source link <\/a><\/p>\n","protected":false},"excerpt":{"rendered":"<p>Comme annonc\u00e9, le pr\u00e9sident polonais Karol Nawrocki oppose son veto \u00e0 la participation de son pays au m\u00e9canisme de financement europ\u00e9en, dit Safe. Apr\u00e8s un d\u00e9bat houleux, il a affirm\u00e9&hellip; <\/p>\n","protected":false},"author":1,"featured_media":25343,"comment_status":"open","ping_status":"open","sticky":false,"template":"","format":"standard","meta":{"footnotes":""},"categories":[1],"tags":[],"class_list":["post-25342","post","type-post","status-publish","format-standard","has-post-thumbnail","hentry","category-non-classe"],"_links":{"self":[{"href":"https:\/\/monde25.info\/index.php\/wp-json\/wp\/v2\/posts\/25342","targetHints":{"allow":["GET"]}}],"collection":[{"href":"https:\/\/monde25.info\/index.php\/wp-json\/wp\/v2\/posts"}],"about":[{"href":"https:\/\/monde25.info\/index.php\/wp-json\/wp\/v2\/types\/post"}],"author":[{"embeddable":true,"href":"https:\/\/monde25.info\/index.php\/wp-json\/wp\/v2\/users\/1"}],"replies":[{"embeddable":true,"href":"https:\/\/monde25.info\/index.php\/wp-json\/wp\/v2\/comments?post=25342"}],"version-history":[{"count":0,"href":"https:\/\/monde25.info\/index.php\/wp-json\/wp\/v2\/posts\/25342\/revisions"}],"wp:featuredmedia":[{"embeddable":true,"href":"https:\/\/monde25.info\/index.php\/wp-json\/wp\/v2\/media\/25343"}],"wp:attachment":[{"href":"https:\/\/monde25.info\/index.php\/wp-json\/wp\/v2\/media?parent=25342"}],"wp:term":[{"taxonomy":"category","embeddable":true,"href":"https:\/\/monde25.info\/index.php\/wp-json\/wp\/v2\/categories?post=25342"},{"taxonomy":"post_tag","embeddable":true,"href":"https:\/\/monde25.info\/index.php\/wp-json\/wp\/v2\/tags?post=25342"}],"curies":[{"name":"wp","href":"https:\/\/api.w.org\/{rel}","templated":true}]}}