{"id":25349,"date":"2026-03-16T16:02:37","date_gmt":"2026-03-16T15:02:37","guid":{"rendered":"https:\/\/monde25.info\/index.php\/2026\/03\/16\/long-entretien-de-thierry-meysan-sur-le-conflit-en-iran\/"},"modified":"2026-03-16T16:02:37","modified_gmt":"2026-03-16T15:02:37","slug":"long-entretien-de-thierry-meysan-sur-le-conflit-en-iran","status":"publish","type":"post","link":"https:\/\/monde25.info\/index.php\/2026\/03\/16\/long-entretien-de-thierry-meysan-sur-le-conflit-en-iran\/","title":{"rendered":"Long entretien de Thierry Meysan sur le conflit en Iran"},"content":{"rendered":"<p> <br \/>\n<\/p>\n<div id=\"article-text\">\n<div class=\"article-text-images crayon article-texte-223965 \">\n<div align=\"center\"><img loading=\"lazy\" decoding=\"async\" src=\"https:\/\/www.voltairenet.org\/local\/cache-vignettes\/L800xH500\/400_-_1-677-57344.jpg?1773661172\" class=\"spip_logo\" width=\"800\" height=\"500\" alt=\"\"\/><\/div>\n<p>Thierry Meysan a donn\u00e9 un long entretien \u00e0 Boris Astori sur la guerre en Iran. Il explique le contexte, de la r\u00e9volution islamique \u00e0 aujourd\u2019hui. Il s\u2019attarde sur les relations entre Isra\u00ebl et une partie de la classe dirigeante iraniene qui \u00e9taient excellente jusqu\u2019\u00e0 l\u2019arriv\u00e9e de Benyamin Netanyahou.<\/p>\n<p>PREMI\u00c8RE PARTIE la r\u00e9volution anti-imp\u00e9rialiste<\/p>\n<p><iframe loading=\"lazy\" title=\"Interview de Thierry Meyssan : comprendre le conflit contre l&#039;Iran (partie 1) - la r\u00e9volution de 79\" width=\"1110\" height=\"833\" src=\"https:\/\/www.youtube.com\/embed\/musA0CnFboA?feature=oembed\" frameborder=\"0\" allow=\"accelerometer; autoplay; clipboard-write; encrypted-media; gyroscope; picture-in-picture; web-share\" referrerpolicy=\"strict-origin-when-cross-origin\" allowfullscreen><\/iframe><\/p>\n<p>DEUXI\u00c8ME PARTIE Isra\u00ebl fait d\u2019Hachemi Rafsanjani l\u2019homme le plus riche d\u2019Iran<\/p>\n<p><iframe loading=\"lazy\" title=\"Interview de Thierry Meyssan : comprendre le conflit contre l&#039;Iran - partie 2 (Iran-Contras)\" width=\"1110\" height=\"833\" src=\"https:\/\/www.youtube.com\/embed\/LXItgdyvrVQ?feature=oembed\" frameborder=\"0\" allow=\"accelerometer; autoplay; clipboard-write; encrypted-media; gyroscope; picture-in-picture; web-share\" referrerpolicy=\"strict-origin-when-cross-origin\" allowfullscreen><\/iframe><\/p>\n<p>TROISI\u00c8ME PARTIE Netanyahou \u2014 pas les Isra\u00e9liens\u2014 fait de l\u2019Iran l\u2019ennemi d\u2019Isra\u00ebl<\/p>\n<p><iframe loading=\"lazy\" title=\"Interview de Thierry Meyssan : comprendre le conflit contre l&#039;Iran - partie 3 (l&#039;espoir)\" width=\"1110\" height=\"833\" src=\"https:\/\/www.youtube.com\/embed\/EVPep_dJops?feature=oembed\" frameborder=\"0\" allow=\"accelerometer; autoplay; clipboard-write; encrypted-media; gyroscope; picture-in-picture; web-share\" referrerpolicy=\"strict-origin-when-cross-origin\" allowfullscreen><\/iframe>\n<\/div>\n<aside>\n<\/aside>\n<div class=\"follow\" id=\"social\">\n<h4>Restez en contact<\/h4>\n<div class=\"follow-left\">\n<h5>Suivez-nous sur les r\u00e9seaux sociaux<\/h5>\n<p><a target=\"_blank\" href=\"https:\/\/www.facebook.com\/R%C3%A9seau-Voltaire-en-fran%C3%A7ais-106616878523973\" title=\"\" target=\"_blank\"><img decoding=\"async\" src=\"https:\/\/www.voltairenet.org\/squelettes\/images\/follow-fb.png\" alt=\"\"\/><\/a><br \/>\n<a target=\"_blank\" href=\"https:\/\/t.me\/reseauvoltaire\" title=\"\" target=\"_blank\"><img decoding=\"async\" src=\"https:\/\/www.voltairenet.org\/squelettes\/images\/follow-tg.png\" alt=\"\"\/><\/a><br \/>\n<a target=\"_blank\" href=\"https:\/\/twitter.com\/voltairenetFr\" title=\"\" target=\"_blank\"><img decoding=\"async\" src=\"https:\/\/www.voltairenet.org\/squelettes\/images\/follow-tw.png\" alt=\"\"\/><\/a>\n<\/div>\n<p><h5>Subscribe to weekly newsletter<\/h5>\n<\/p>\n<\/div>\n<p><!--\n\n<div><\/div>\n\n--><\/p>\n<\/div>\n<p><script async src=\"\/\/platform.twitter.com\/widgets.js\" charset=\"utf-8\"><\/script><br \/>\n<br \/><br \/>\n<br \/><a href=\"https:\/\/www.voltairenet.org\/article223965.html\" target=\"_blank\"\">Source link <\/a><\/p>\n","protected":false},"excerpt":{"rendered":"<p>Thierry Meysan a donn\u00e9 un long entretien \u00e0 Boris Astori sur la guerre en Iran. Il explique le contexte, de la r\u00e9volution islamique \u00e0 aujourd\u2019hui. Il s\u2019attarde sur les relations&hellip; <\/p>\n","protected":false},"author":1,"featured_media":25350,"comment_status":"open","ping_status":"open","sticky":false,"template":"","format":"standard","meta":{"footnotes":""},"categories":[1],"tags":[],"class_list":["post-25349","post","type-post","status-publish","format-standard","has-post-thumbnail","hentry","category-non-classe"],"_links":{"self":[{"href":"https:\/\/monde25.info\/index.php\/wp-json\/wp\/v2\/posts\/25349","targetHints":{"allow":["GET"]}}],"collection":[{"href":"https:\/\/monde25.info\/index.php\/wp-json\/wp\/v2\/posts"}],"about":[{"href":"https:\/\/monde25.info\/index.php\/wp-json\/wp\/v2\/types\/post"}],"author":[{"embeddable":true,"href":"https:\/\/monde25.info\/index.php\/wp-json\/wp\/v2\/users\/1"}],"replies":[{"embeddable":true,"href":"https:\/\/monde25.info\/index.php\/wp-json\/wp\/v2\/comments?post=25349"}],"version-history":[{"count":0,"href":"https:\/\/monde25.info\/index.php\/wp-json\/wp\/v2\/posts\/25349\/revisions"}],"wp:featuredmedia":[{"embeddable":true,"href":"https:\/\/monde25.info\/index.php\/wp-json\/wp\/v2\/media\/25350"}],"wp:attachment":[{"href":"https:\/\/monde25.info\/index.php\/wp-json\/wp\/v2\/media?parent=25349"}],"wp:term":[{"taxonomy":"category","embeddable":true,"href":"https:\/\/monde25.info\/index.php\/wp-json\/wp\/v2\/categories?post=25349"},{"taxonomy":"post_tag","embeddable":true,"href":"https:\/\/monde25.info\/index.php\/wp-json\/wp\/v2\/tags?post=25349"}],"curies":[{"name":"wp","href":"https:\/\/api.w.org\/{rel}","templated":true}]}}