{"id":25352,"date":"2026-03-16T17:08:39","date_gmt":"2026-03-16T16:08:39","guid":{"rendered":"https:\/\/monde25.info\/index.php\/2026\/03\/16\/lextreme-droite-va-t-elle-mettre-la-main-sur-hollywood\/"},"modified":"2026-03-16T17:08:39","modified_gmt":"2026-03-16T16:08:39","slug":"lextreme-droite-va-t-elle-mettre-la-main-sur-hollywood","status":"publish","type":"post","link":"https:\/\/monde25.info\/index.php\/2026\/03\/16\/lextreme-droite-va-t-elle-mettre-la-main-sur-hollywood\/","title":{"rendered":"L\u2019extr\u00eame droite va-t-elle mettre la main sur Hollywood ?"},"content":{"rendered":"<p> <br \/>\n<\/p>\n<div>\n<h4><strong>Apr\u00e8s plusieurs rebondissements, l\u2019un des plus c\u00e9l\u00e8bres studios de cin\u00e9ma de l\u2019Histoire, la Warner Bros, pourrait passer sous l\u2019\u00e9gide de Paramount, un autre g\u00e9ant du secteur. Mais derri\u00e8re cet accord pharaonique, se cache l\u2019ombre de l\u2019extr\u00eame droite et de Donald Trump. La direction de Paramount est en effet \u00e9troitement li\u00e9e au pr\u00e9sident am\u00e9ricain et compte bien \u00e9tendre son emprise \u00e0 travers l\u2019offre culturelle des grands \u00e9crans, mais aussi gr\u00e2ce aux cha\u00eenes de t\u00e9l\u00e9vision comprises dans ce rachat.<\/strong><\/h4>\n<p><strong><a target=\"_blank\" href=\"https:\/\/www.radiofrance.fr\/franceinter\/podcasts\/l-info-de-france-inter\/netflix-renonce-au-rachat-de-warner-bros-laissant-la-voix-libre-a-paramount-et-ses-dirigeants-proches-de-donald-trump-4234320\" target=\"_blank\" rel=\"noopener\">110\u00a0milliards de dollars<\/a>. C\u2019est la somme colossale avanc\u00e9e par le groupe Paramount-Skydance, pour mettre la main sur la c\u00e9l\u00e9brissime compagnie Warner Bros-Discovery.<\/strong> Si cette transaction doit encore \u00eatre valid\u00e9e par les autorit\u00e9s de la concurrence et par les actionnaires, <strong>il pourrait fournir une influence m\u00e9diatique consid\u00e9rable \u00e0 l\u2019extr\u00eame droite, \u00e0 l\u2019image de l\u2019<a target=\"_blank\" href=\"https:\/\/mrmondialisation.org\/vincent-bollore-extreme-droite\/\" target=\"_blank\" rel=\"noopener\">Empire Bollor\u00e9 en France<\/a>.<\/strong> Retour sur une op\u00e9ration loin d\u2019\u00eatre anodine.<\/p>\n<h2><strong>Netflix mis sur la touche<\/strong><\/h2>\n<p>La vente de la Warner Bros ne faisait plus aucun doute depuis plusieurs mois, tant <strong>le studio, fond\u00e9 en 1923, est <a target=\"_blank\" href=\"https:\/\/www.comicsblog.fr\/50380-Les_pontes_de_Warner_Bros_Discovery_seeparent_le_groupe_en_deux_nouvelles_entitees_distinctes\" target=\"_blank\" rel=\"noopener\">cribl\u00e9 de dettes<\/a> depuis des ann\u00e9es.<\/strong> En d\u00e9cembre dernier, <strong>l\u2019affaire semblait entendue avec le g\u00e9ant du streaming Netflix pour la somme de <a target=\"_blank\" href=\"https:\/\/www.radiofrance.fr\/franceinter\/podcasts\/l-edito-eco\/l-edito-eco-du-mardi-23-decembre-2025-9521240\" target=\"_blank\" rel=\"noopener\">82\u00a0milliards de dollars<\/a>.<\/strong> Mais quelque temps plus tard, un coup de th\u00e9\u00e2tre allait renverser la situation, puisque <strong>Paramount, concurrent historique de la Warner, avait d\u00e9cid\u00e9 de rench\u00e9rir pour 110\u00a0milliards.<\/strong><\/p>\n<p><iframe loading=\"lazy\" title=\"Qui contr\u00f4le VRAIMENT Hollywood ?\" width=\"1110\" height=\"624\" src=\"https:\/\/www.youtube.com\/embed\/QvspMcZGwyE?feature=oembed\" frameborder=\"0\" allow=\"accelerometer; autoplay; clipboard-write; encrypted-media; gyroscope; picture-in-picture; web-share\" referrerpolicy=\"strict-origin-when-cross-origin\" allowfullscreen><\/iframe><\/p>\n<p>Une offre sur laquelle Netflix n\u2019a pas souhait\u00e9 s\u2019aligner, la jugeant officiellement trop \u00e9lev\u00e9e. Pourtant, derri\u00e8re ce renoncement pourraient en r\u00e9alit\u00e9 se cacher des <a target=\"_blank\" href=\"https:\/\/www.radiofrance.fr\/franceinter\/podcasts\/l-info-de-france-inter\/netflix-renonce-au-rachat-de-warner-bros-laissant-la-voix-libre-a-paramount-et-ses-dirigeants-proches-de-donald-trump-4234320\" target=\"_blank\" rel=\"noopener\">enjeux politiques majeurs<\/a>. En effet, <strong>d\u00e8s le mois de d\u00e9cembre, Donald Trump s\u2019\u00e9tait <a target=\"_blank\" href=\"https:\/\/www-nbcnews-com.translate.goog\/news\/us-news\/trump-says-netflix-warner-bros-deal-problem-will-involved-approval-rcna247923?_x_tr_sl=en&amp;_x_tr_tl=fr&amp;_x_tr_hl=fr&amp;_x_tr_pto=wapp&amp;_x_tr_hist=true\" target=\"_blank\" rel=\"noopener\">montr\u00e9 sceptique<\/a> face \u00e0 l\u2019acquisition du mastodonte du streaming, assurant que Netflix pourrait se trouver en situation de monopole.<\/strong><\/p>\n<p>Officieusement, il se pourrait plut\u00f4t que le pr\u00e9sident am\u00e9ricain ne voulait tout simplement pas que cette acquisition se concr\u00e9tise pour des raisons id\u00e9ologiques. Personne n\u2019a, par exemple, manqu\u00e9 d\u2019observer <strong><a target=\"_blank\" href=\"https:\/\/www.zdnet.fr\/actualites\/trump-cible-netflix-en-pleine-bataille-autour-de-la-fusion-avec-warner-bros-490650.htm\" target=\"_blank\" rel=\"noopener\">son altercation avec Susan Rice<\/a>, membre du conseil d\u2019administration de Netflix et ex-proche de Barack Obama. L\u2019ancien pr\u00e9sentateur de t\u00e9l\u00e9-r\u00e9alit\u00e9 est m\u00eame all\u00e9 jusqu\u2019\u00e0 r\u00e9clamer son d\u00e9part.<\/strong><\/p>\n<h2><strong>La famille Elisson, au service du trumpisme<\/strong><\/h2>\n<p>Si la solution Netflix ne paraissait pas avoir les faveurs de Donald Trump, c\u2019est surtout parce que <strong>la famille Elisson, \u00e0 la t\u00eate de Paramount, lui offre bien plus de garanties politiques.<\/strong> En effet, David Elisson, le propri\u00e9taire de la soci\u00e9t\u00e9, n\u2019est autre que <strong>le <a target=\"_blank\" href=\"https:\/\/www.bfmtv.com\/culture\/cinema-series\/comment-la-dynastie-ellison-instille-les-idees-maga-a-hollywood-et-dans-les-medias_AV-202603070163.html\" target=\"_blank\" rel=\"noopener\">fils de Larry Elisson<\/a>, sixi\u00e8me fortune mondiale et fondateur du groupe Oracle, et surtout large soutien financier de Trump. <\/strong><\/p>\n<p>Cet h\u00e9ritier qui r\u00eavait de faire du cin\u00e9ma a finalement pu b\u00e9n\u00e9ficier des fonds de son p\u00e8re pour ouvrir son propre studio, Skydance, en 2006 \u00e0 l\u2019\u00e2ge de 23 ans. Apr\u00e8s plusieurs succ\u00e8s au box-office, <strong>la fortune quasi sans limite de la famille lui permet de racheter Paramount en 2024,<\/strong> emprunt \u00e0 de grosses difficult\u00e9s financi\u00e8res. Dans le lot, il d\u00e9gote m\u00eame plusieurs cha\u00eenes de t\u00e9l\u00e9vision, dont le r\u00e9seau CBS.<\/p>\n<p><iframe loading=\"lazy\" title=\"On vous pr\u00e9sente Larry Ellison, le milliardaire conservateur \u00e0 qui Donald Trump confie TikTok\" width=\"1110\" height=\"624\" src=\"https:\/\/www.youtube.com\/embed\/IpUaaXgpjps?feature=oembed\" frameborder=\"0\" allow=\"accelerometer; autoplay; clipboard-write; encrypted-media; gyroscope; picture-in-picture; web-share\" referrerpolicy=\"strict-origin-when-cross-origin\" allowfullscreen><\/iframe><\/p>\n<h2><strong>Vague de licenciements et empire au service de l\u2019extr\u00eame droite<\/strong><\/h2>\n<p>\u00c0 l\u2019instar de ce que Vincent Bollor\u00e9 a fait lors des <a target=\"_blank\" href=\"https:\/\/lesjours.fr\/obsessions\/lagardere-heritier\/ep27-jdd-begle-bellay\/\" target=\"_blank\" rel=\"noopener\">rachats de m\u00e9dias<\/a> comme CNEWS, le JDD ou Europe\u00a01, <strong>les cha\u00eenes de t\u00e9l\u00e9vision appartenant \u00e0 Paramount ont subi des vagues de licenciements et des r\u00e9orientations id\u00e9ologiques.<\/strong> Ce fut, par exemple, le cas sur le canal d\u2019information de CBS, \u00e0 la t\u00eate de laquelle<strong> se trouve \u00e0 pr\u00e9sent Bari Weiss, <a target=\"_blank\" href=\"https:\/\/www.lemonde.fr\/m-le-mag\/article\/2020\/07\/24\/qui-est-vraiment-bari-weiss-la-journaliste-qui-vient-de-demissionner-du-new-york-times_6047197_4500055.html\" target=\"_blank\" rel=\"noopener\">journaliste bien identifi\u00e9e<\/a> pour ses positions tr\u00e8s \u00e0 droite, surtout \u00e0 l\u2019\u00e9gard d\u2019Isra\u00ebl.<\/strong><\/p>\n<p>Mais \u00e0 pr\u00e9sent que <strong>la famille Elisson est bien partie pour mettre la main sur la Warner, elle devrait aussi h\u00e9riter des cha\u00eenes du groupe, et parmi lesquelles la c\u00e9l\u00e8bre CNN, b\u00eate noire de Donald Trump.<\/strong> Connue pour sa ligne \u00e9ditoriale <a target=\"_blank\" href=\"https:\/\/www.telerama.fr\/television\/rachat-de-warner-bros-par-paramount-cnn-en-danger-de-trumpisation-7029982.php\" target=\"_blank\" rel=\"noopener\">proche du camp d\u00e9mocrate<\/a>, elle pourrait alors basculer sous le giron des ultraconservateurs, avec une r\u00e9orientation politique en perspective. <strong>Quand on sait que l\u2019extr\u00eame droite est d\u00e9j\u00e0 largement repr\u00e9sent\u00e9e par la cha\u00eene Fox News, il y a de quoi <a target=\"_blank\" href=\"https:\/\/www.lemonde.fr\/idees\/article\/2022\/12\/07\/rupert-murdoch-l-empereur-des-medias-qui-manipule-le-monde-perce-a-jour_6153292_3232.html\" target=\"_blank\" rel=\"noopener\">s\u2019inqui\u00e9ter pour le pluralisme am\u00e9ricain<\/a>, particuli\u00e8rement peu enclin \u00e0 laisser une place \u00e0 la gauche.<\/strong><\/p>\n<h2><strong>Une emprise culturelle\u2009?<\/strong><\/h2>\n<p>Mais le drame ne se cantonne pas aux m\u00e9dias am\u00e9ricains, puisque Warner Bros fait partie des plus gros studios au monde avec Universal, Sony, Netflix, Apple, Amazon et donc Paramount. <strong>En fusionnant, les deux g\u00e9ants pourraient d\u2019une part voir l\u2019offre cin\u00e9matographique s\u2019effondrer.<\/strong> En France, plus d\u2019<a target=\"_blank\" href=\"https:\/\/www.alternatives-economiques.fr\/rachat-de-warner-netflix-megafusion-de-dangers-cine\/00117551\" target=\"_blank\" rel=\"noopener\">un film sur dix<\/a> projet\u00e9 vient d\u2019ailleurs de la Warner.<\/p>\n<p><iframe loading=\"lazy\" title=\"Gros choc : Paramount \u00e9crase Netflix et ach\u00e8te Warner !\" width=\"1110\" height=\"624\" src=\"https:\/\/www.youtube.com\/embed\/KRl0pRKKS4k?feature=oembed\" frameborder=\"0\" allow=\"accelerometer; autoplay; clipboard-write; encrypted-media; gyroscope; picture-in-picture; web-share\" referrerpolicy=\"strict-origin-when-cross-origin\" allowfullscreen><\/iframe><\/p>\n<p>En outre, on peut aussi craindre une r\u00e9duction du nombre de films et par cons\u00e9quent, de diversit\u00e9. C\u2019est, du reste, <strong>ce qui est survenu lors du regroupement de Disney et 21th Century Fox. S\u00e9par\u00e9ment, ceux-ci produisaient en effet <a target=\"_blank\" href=\"https:\/\/www.lemonde.fr\/economie\/article\/2026\/03\/05\/l-onde-de-choc-du-rachat-de-warner-bros-discovery-en-europe_6669581_3234.html\" target=\"_blank\" rel=\"noopener\">pr\u00e8s de deux fois<\/a> ce qu\u2019ils fournissent aujourd\u2019hui ensemble.<\/strong><\/p>\n<p>De fait, la Warner poss\u00e8de les droits de <a target=\"_blank\" href=\"https:\/\/www.eklecty-city.fr\/cinema\/netflix-heritage-warner-bros-licences-hollywood\/\" target=\"_blank\" rel=\"noopener\">licences cultes<\/a>, comme Harry Potter, Casablanca, Game of Thrones, ou encore le Seigneur des Anneaux. Il est, d\u00e8s lors, l\u00e9gitime de <strong>s\u2019inqui\u00e9ter de ce que pourraient devenir ces \u0153uvres entre les mains de l\u2019extr\u00eame droite.<\/strong><\/p>\n<div class=\"td-a-rec td-a-rec-id-content_inline  tdi_1 td_block_template_1\">\n<center><a target=\"_blank\" href=\"https:\/\/fr.tipeee.com\/mr-mondialisation\" class=\"tipeee-project-small\">Je m&rsquo;abonne \u00e0 Mr Mondialisation<\/a>&#13;<br \/>\n<\/center>&amp;nbsp<\/div>\n<h2><strong>Une fusion \u00e0 confirmer<\/strong><\/h2>\n<p>M\u00eame <strong>si ce rachat doit \u00eatre valid\u00e9 par les actionnaires de la Warner le 20\u00a0mars 2026,<\/strong> puis par les autorit\u00e9s de concurrence, il est fort probable que Donald Trump use de toute son influence pour que le projet se concr\u00e9tise.<\/p>\n<p>Plus que jamais, alors que les milliardaires choisissent les uns apr\u00e8s les autres la voie de l\u2019extr\u00eame droite pour soutenir au mieux leur pouvoir, <strong>il est essentiel que les voix progressistes s\u2019organisent pour \u00e9riger un contre-pouvoir face \u00e0 cette toute-puissance.<\/strong> Sans quoi, la culture, comme les m\u00e9dias, pourrait muer en un simple instrument de propagande du fascisme.<\/p>\n<p style=\"text-align: right;\"><em>\u2013 <\/em><strong><em>Simon Verdi\u00e8re<\/em><\/strong><\/p>\n<hr\/>\n<p>Photo de couverture : <a target=\"_blank\" href=\"https:\/\/youtu.be\/jCIj6c2d-oA\">How A Billionaire And His Son Pulled Off The $8 Billion Paramount Deal. Forbes<\/a><\/p>\n<div class=\"td-a-rec td-a-rec-id-content_bottom  tdi_2 td_block_template_1\">\n<span class=\"td-adspot-title\">&#8211; Cet article gratuit, ind\u00e9pendant et sans IA existe gr\u00e2ce aux abonn\u00e9s &#8211;<\/span><\/p>\n<div class=\"td-all-devices\">\n    <a target=\"_blank\" href=\"https:\/\/mrmondialisation.org\/donation\/\" title=\"Faire_un_don\"><img decoding=\"async\" class=\"donationArticle\" src=\"https:\/\/mrmondialisation.org\/wp-content\/uploads\/2022\/12\/220405-flikalicious-final.jpg\" alt=\"Donation\"\/><\/a>\n<\/div>\n<\/div><\/div>\n<p><br \/>\n<br \/><a href=\"https:\/\/mrmondialisation.org\/extreme-droite-hollywood-warner-paramount\/\" target=\"_blank\"\">Source link <\/a><\/p>\n","protected":false},"excerpt":{"rendered":"<p>Apr\u00e8s plusieurs rebondissements, l\u2019un des plus c\u00e9l\u00e8bres studios de cin\u00e9ma de l\u2019Histoire, la Warner Bros, pourrait passer sous l\u2019\u00e9gide de Paramount, un autre g\u00e9ant du secteur. Mais derri\u00e8re cet accord&hellip; <\/p>\n","protected":false},"author":1,"featured_media":25353,"comment_status":"open","ping_status":"open","sticky":false,"template":"","format":"standard","meta":{"footnotes":""},"categories":[1],"tags":[],"class_list":["post-25352","post","type-post","status-publish","format-standard","has-post-thumbnail","hentry","category-non-classe"],"_links":{"self":[{"href":"https:\/\/monde25.info\/index.php\/wp-json\/wp\/v2\/posts\/25352","targetHints":{"allow":["GET"]}}],"collection":[{"href":"https:\/\/monde25.info\/index.php\/wp-json\/wp\/v2\/posts"}],"about":[{"href":"https:\/\/monde25.info\/index.php\/wp-json\/wp\/v2\/types\/post"}],"author":[{"embeddable":true,"href":"https:\/\/monde25.info\/index.php\/wp-json\/wp\/v2\/users\/1"}],"replies":[{"embeddable":true,"href":"https:\/\/monde25.info\/index.php\/wp-json\/wp\/v2\/comments?post=25352"}],"version-history":[{"count":0,"href":"https:\/\/monde25.info\/index.php\/wp-json\/wp\/v2\/posts\/25352\/revisions"}],"wp:featuredmedia":[{"embeddable":true,"href":"https:\/\/monde25.info\/index.php\/wp-json\/wp\/v2\/media\/25353"}],"wp:attachment":[{"href":"https:\/\/monde25.info\/index.php\/wp-json\/wp\/v2\/media?parent=25352"}],"wp:term":[{"taxonomy":"category","embeddable":true,"href":"https:\/\/monde25.info\/index.php\/wp-json\/wp\/v2\/categories?post=25352"},{"taxonomy":"post_tag","embeddable":true,"href":"https:\/\/monde25.info\/index.php\/wp-json\/wp\/v2\/tags?post=25352"}],"curies":[{"name":"wp","href":"https:\/\/api.w.org\/{rel}","templated":true}]}}