{"id":25365,"date":"2026-03-16T20:59:39","date_gmt":"2026-03-16T19:59:39","guid":{"rendered":"https:\/\/monde25.info\/index.php\/2026\/03\/16\/plainte-de-liran-contre-les-pluies-acides-provoquees-par-lagression-israelo-etats-unienne-par-shina-ansari\/"},"modified":"2026-03-16T20:59:39","modified_gmt":"2026-03-16T19:59:39","slug":"plainte-de-liran-contre-les-pluies-acides-provoquees-par-lagression-israelo-etats-unienne-par-shina-ansari","status":"publish","type":"post","link":"https:\/\/monde25.info\/index.php\/2026\/03\/16\/plainte-de-liran-contre-les-pluies-acides-provoquees-par-lagression-israelo-etats-unienne-par-shina-ansari\/","title":{"rendered":"Plainte de l&rsquo;Iran contre les pluies acides provoqu\u00e9es par l&rsquo;agression isra\u00e9lo-\u00e9tats-unienne, par Shina Ansari"},"content":{"rendered":"<p> <br \/>\n<\/p>\n<div id=\"article-text\">\n<div class=\"article-text-images crayon article-texte-223973 \">\n<div class=\"spip_document_252419 spip_document spip_documents spip_document_image spip_documents_center spip_document_center\">\n<figure class=\"spip_doc_inner\">\n<a target=\"_blank\" href=\"https:\/\/www.voltairenet.org\/IMG\/jpg\/400_-_1_4_-81.jpg\" class=\"spip_doc_lien mediabox\" type=\"image\/jpeg\"><br \/>\n<img loading=\"lazy\" decoding=\"async\" src=\"https:\/\/www.voltairenet.org\/local\/cache-vignettes\/L800xH600\/400_-_1_4_-81-2be02.jpg?1773674013\" width=\"800\" height=\"600\" alt=\"\"\/><\/a><br \/>\n<\/figure>\n<\/div>\n<p>\tJe souhaite appeler de toute urgence votre attention sur les graves cons\u00e9quences environnementales et humanitaires r\u00e9sultant de l\u2019agression militaire men\u00e9e depuis le 28 f\u00e9vrier 2026 par le r\u00e9gime sioniste d\u2019Isra\u00ebl et les \u00c9tats-Unis d\u2019Am\u00e9rique contre la R\u00e9publique islamique d\u2019Iran.<\/p>\n<p>\tL\u2019un des \u00e9pisodes les plus tragiques de cette agression a \u00e9t\u00e9 l\u2019attaque perp\u00e9tr\u00e9e contre une \u00e9cole de la ville de Minab, qui a caus\u00e9 la mort de 170 enfants innocents. En outre, dans la nuit du 7 mars 2026, des avions de chasse des agresseurs ont men\u00e9 de lourdes frappes contre plusieurs installations de stockage de carburant \u00e0 T\u00e9h\u00e9ran.<\/p>\n<p>\tSelon la Soci\u00e9t\u00e9 iranienne du Croissant-Rouge, les explosions survenues dans ces installations ont lib\u00e9r\u00e9 dans l\u2019atmosph\u00e8re de grandes quantit\u00e9s de compos\u00e9s dangereux, notamment des hydrocarbures ainsi que des oxydes de soufre et d\u2019azote. Il en r\u00e9sulte une situation d\u00e9sastreuse, caract\u00e9ris\u00e9e par une grave pollution atmosph\u00e9rique et un risque s\u00e9rieux en mati\u00e8re de sant\u00e9 publique, en particulier pour les personnes \u00e2g\u00e9es et celles atteintes d\u2019affections cardiovasculaires et respiratoires. En outre, les pr\u00e9cipitations enregistr\u00e9es dans la province de T\u00e9h\u00e9ran le matin du 8 mars 2026 ont favoris\u00e9 la dispersion et le d\u00e9p\u00f4t de ces polluants, ce qui a provoqu\u00e9 des pluies fortement acides.<\/p>\n<p>\tCette situation pourrait entra\u00eener de graves troubles respiratoires pour la population et une d\u00e9gradation majeure de l\u2019environnement, notamment la contamination des ressources en eau et l\u2019alt\u00e9ration des \u00e9cosyst\u00e8mes et des organismes vivants.<\/p>\n<p>\tFace \u00e0 cette situation alarmante, tous les centres m\u00e9dicaux de la province de T\u00e9h\u00e9ran ont \u00e9t\u00e9 mis en \u00e9tat d\u2019alerte maximale. L\u2019organisme de protection de l\u2019environnement a \u00e9galement conseill\u00e9 aux habitants de T\u00e9h\u00e9ran et de Karaj d\u2019\u00e9viter autant que possible de sortir.<\/p>\n<p>\tCes attaques repr\u00e9sentent une violation flagrante des obligations internationales d\u00e9coulant des accords multilat\u00e9raux relatifs \u00e0 l\u2019environnement, notamment de la Convention-cadre des Nations Unies sur les changements climatiques et de la Convention sur la diversit\u00e9 biologique, qui soulignent la responsabilit\u00e9 qui incombe aux \u00c9tats de prot\u00e9ger l\u2019environnement mondial et d\u2019emp\u00eacher tout acte susceptible de causer des dommages environnementaux \u00e9tendus.<\/p>\n<p>\tEn cons\u00e9quence, le Gouvernement de la R\u00e9publique islamique d\u2019Iran compte que vous, ainsi que les organes sp\u00e9cialis\u00e9s comp\u00e9tents de l\u2019ONU vous saisirez de toute urgence de cette situation grave. Il est imp\u00e9ratif que la communaut\u00e9 internationale ne reste pas silencieuse face \u00e0 de tels actes, qui mettent en danger \u00e0 la fois la vie des civils et l\u2019environnement mondial que nous partageons toutes et tous. Nous demandons donc que ces actes portant atteinte \u00e0 l\u2019environnement soient condamn\u00e9s sans \u00e9quivoque et que les responsables de ce crime flagrant contre l\u2019environnement soient amen\u00e9s \u00e0 en r\u00e9pondre. Une action rapide et fond\u00e9e sur des principes de la part de l\u2019ONU non seulement contribuera \u00e0 att\u00e9nuer la crise actuelle, mais d\u00e9montrera \u00e9galement que l\u2019Organisation est d\u00e9termin\u00e9e \u00e0 d\u00e9fendre l\u2019environnement et \u00e0 prot\u00e9ger les populations civiles, ce qui garantira que la communaut\u00e9 internationale se range du bon c\u00f4t\u00e9 de l\u2019histoire et du jugement de l\u2019humanit\u00e9.<\/p>\n<\/div>\n<aside>\n<\/aside>\n<div class=\"follow\" id=\"social\">\n<h4>Restez en contact<\/h4>\n<div class=\"follow-left\">\n<h5>Suivez-nous sur les r\u00e9seaux sociaux<\/h5>\n<p><a target=\"_blank\" href=\"https:\/\/www.facebook.com\/R%C3%A9seau-Voltaire-en-fran%C3%A7ais-106616878523973\" title=\"\" target=\"_blank\"><img decoding=\"async\" src=\"https:\/\/www.voltairenet.org\/squelettes\/images\/follow-fb.png\" alt=\"\"\/><\/a><br \/>\n<a target=\"_blank\" href=\"https:\/\/t.me\/reseauvoltaire\" title=\"\" target=\"_blank\"><img decoding=\"async\" src=\"https:\/\/www.voltairenet.org\/squelettes\/images\/follow-tg.png\" alt=\"\"\/><\/a><br \/>\n<a target=\"_blank\" href=\"https:\/\/twitter.com\/voltairenetFr\" title=\"\" target=\"_blank\"><img decoding=\"async\" src=\"https:\/\/www.voltairenet.org\/squelettes\/images\/follow-tw.png\" alt=\"\"\/><\/a>\n<\/div>\n<p><h5>Subscribe to weekly newsletter<\/h5>\n<\/p>\n<\/div>\n<p><!--\n\n<div><\/div>\n\n--><\/p>\n<\/div>\n<p><script async src=\"\/\/platform.twitter.com\/widgets.js\" charset=\"utf-8\"><\/script><br \/>\n<br \/><br \/>\n<br \/><a href=\"https:\/\/www.voltairenet.org\/article223973.html\" target=\"_blank\"\">Source link <\/a><\/p>\n","protected":false},"excerpt":{"rendered":"<p>Je souhaite appeler de toute urgence votre attention sur les graves cons\u00e9quences environnementales et humanitaires r\u00e9sultant de l\u2019agression militaire men\u00e9e depuis le 28 f\u00e9vrier 2026 par le r\u00e9gime sioniste d\u2019Isra\u00ebl&hellip; <\/p>\n","protected":false},"author":1,"featured_media":25366,"comment_status":"open","ping_status":"open","sticky":false,"template":"","format":"standard","meta":{"footnotes":""},"categories":[1],"tags":[],"class_list":["post-25365","post","type-post","status-publish","format-standard","has-post-thumbnail","hentry","category-non-classe"],"_links":{"self":[{"href":"https:\/\/monde25.info\/index.php\/wp-json\/wp\/v2\/posts\/25365","targetHints":{"allow":["GET"]}}],"collection":[{"href":"https:\/\/monde25.info\/index.php\/wp-json\/wp\/v2\/posts"}],"about":[{"href":"https:\/\/monde25.info\/index.php\/wp-json\/wp\/v2\/types\/post"}],"author":[{"embeddable":true,"href":"https:\/\/monde25.info\/index.php\/wp-json\/wp\/v2\/users\/1"}],"replies":[{"embeddable":true,"href":"https:\/\/monde25.info\/index.php\/wp-json\/wp\/v2\/comments?post=25365"}],"version-history":[{"count":0,"href":"https:\/\/monde25.info\/index.php\/wp-json\/wp\/v2\/posts\/25365\/revisions"}],"wp:featuredmedia":[{"embeddable":true,"href":"https:\/\/monde25.info\/index.php\/wp-json\/wp\/v2\/media\/25366"}],"wp:attachment":[{"href":"https:\/\/monde25.info\/index.php\/wp-json\/wp\/v2\/media?parent=25365"}],"wp:term":[{"taxonomy":"category","embeddable":true,"href":"https:\/\/monde25.info\/index.php\/wp-json\/wp\/v2\/categories?post=25365"},{"taxonomy":"post_tag","embeddable":true,"href":"https:\/\/monde25.info\/index.php\/wp-json\/wp\/v2\/tags?post=25365"}],"curies":[{"name":"wp","href":"https:\/\/api.w.org\/{rel}","templated":true}]}}