{"id":25371,"date":"2026-03-16T23:12:17","date_gmt":"2026-03-16T22:12:17","guid":{"rendered":"https:\/\/monde25.info\/index.php\/2026\/03\/16\/reponse-de-liran-a-la-plainte-du-qatar-par-amir-saeid-iravani\/"},"modified":"2026-03-16T23:12:17","modified_gmt":"2026-03-16T22:12:17","slug":"reponse-de-liran-a-la-plainte-du-qatar-par-amir-saeid-iravani","status":"publish","type":"post","link":"https:\/\/monde25.info\/index.php\/2026\/03\/16\/reponse-de-liran-a-la-plainte-du-qatar-par-amir-saeid-iravani\/","title":{"rendered":"R\u00e9ponse de l&rsquo;Iran \u00e0 la plainte du Qatar, par Amir Saeid Iravani"},"content":{"rendered":"<p> <br \/>\n<\/p>\n<div>\n<div class=\"spip_document_252413 spip_document spip_documents spip_document_image spip_documents_center spip_document_center\">\n<figure class=\"spip_doc_inner\">\n<a target=\"_blank\" href=\"https:\/\/www.voltairenet.org\/IMG\/jpg\/400_-_1_4_-79-13c49-2.jpg\" class=\"spip_doc_lien mediabox\" type=\"image\/jpeg\"><br \/>\n<img loading=\"lazy\" decoding=\"async\" src=\"https:\/\/www.voltairenet.org\/local\/cache-vignettes\/L800xH600\/400_-_1_4_-79-13c49-2-31673.jpg?1773673190\" width=\"800\" height=\"600\" alt=\"\"\/><\/a><br \/>\n<\/figure>\n<\/div>\n<p>\tD\u2019ordre de mon gouvernement, et en r\u00e9ponse aux lettres de la Mission permanente de l\u2019\u00c9tat du Qatar aupr\u00e8s de l\u2019Organisation des Nations Unies \u00e0 New York dat\u00e9es des 1er, 2, 3, 4, 5 et 8 mars 2026 (S\/2026\/110, S\/2026\/114, S\/2026\/122, S\/2026\/127, S\/2026\/134 et S\/2026\/143), je souhaite appeler votre attention et celle des membres du Conseil de s\u00e9curit\u00e9 sur les points suivants\u00a0:<\/p>\n<p>\tComme suite \u00e0 mes lettres dat\u00e9es des 3 et 7 mars 2026 (S\/2026\/121 et S\/2026\/139), il convient de rappeler que l\u2019agression perp\u00e9tr\u00e9e conjointement par les \u00c9tats-Unis et le r\u00e9gime isra\u00e9lien contre la R\u00e9publique islamique d\u2019Iran, en violation du caract\u00e8re imp\u00e9ratif de l\u2019\u00ab\u00a0interdiction de l\u2019agression\u00a0\u00bb, a commenc\u00e9 le 28 f\u00e9vrier 2026 avec l\u2019assassinat l\u00e2che du Guide supr\u00eame de la R\u00e9publique islamique d\u2019Iran, plus haute autorit\u00e9 de l\u2019\u00c9tat, et de plusieurs autres hauts responsables de mon pays, ainsi que des attaques simultan\u00e9es contre des biens de caract\u00e8re civil, notamment des \u00e9coles, des h\u00f4pitaux, des installations sportives, des habitations et des centres de services publics.<\/p>\n<p>\tDepuis le d\u00e9but de cette agression commise contre la R\u00e9publique islamique d\u2019Iran par les \u00c9tats-Unis et le r\u00e9gime isra\u00e9lien, les agresseurs utilisent \u00e9galement les territoires et les installations de certains \u00c9tats tiers, dont l\u2019\u00c9tat du Qatar, pour lancer des attaques militaires ill\u00e9gales, qui ont jusque-l\u00e0 entra\u00een\u00e9 le martyre de plus de 1 300 civils et la destruction de 9 669 biens de caract\u00e8re civil, dont 7 943 habitations, 1 617 centres commerciaux et centres de services, 35 h\u00f4pitaux et centres pharmaceutiques et m\u00e9dicaux, 9 b\u00e2timents du Croissant-Rouge et 63 \u00e9coles.<\/p>\n<p>\tComme expliqu\u00e9 dans plusieurs communications adress\u00e9es par la R\u00e9publique islamique d\u2019Iran au Conseil de s\u00e9curit\u00e9, notamment dans la lettre parue sous la cote S\/2025\/466, selon le principe fondamental sic utere tuo ut alienum non laedas, les \u00c9tats ont l\u2019interdiction de permettre sciemment que leur territoire soit utilis\u00e9, directement ou indirectement, pour causer un pr\u00e9judice \u00e0 d\u2019autres \u00c9tats. En outre, selon l\u2019alin\u00e9a f) de l\u2019article 3 de l\u2019annexe de la r\u00e9solution 3314 (XXIX) de l\u2019Assembl\u00e9e g\u00e9n\u00e9rale, en date du 14 d\u00e9cembre 1974, \u00ab\u00a0le fait pour un \u00c9tat d\u2019admettre que son territoire, qu\u2019il a mis \u00e0 la disposition d\u2019un autre \u00c9tat, soit utilis\u00e9 par ce dernier pour perp\u00e9trer un acte d\u2019agression contre un \u00c9tat tiers\u00a0\u00bb constitue un acte d\u2019agression.<\/p>\n<p>\tPar ailleurs, selon un principe fondamental du droit international d\u00e9coulant du caract\u00e8re imp\u00e9ratif de l\u2019\u00ab\u00a0interdiction de l\u2019agression\u00a0\u00bb, les \u00c9tats doivent prendre toutes les mesures n\u00e9cessaires pour emp\u00eacher des forces arm\u00e9es \u00e9trang\u00e8res stationn\u00e9es sur leur territoire de commettre des actes d\u2019agression contre d\u2019autres \u00c9tats et ne doivent pas faciliter ni soutenir de tels actes. Il est \u00e9vident qu\u2019en cas de violation de ces obligations fondamentales, un \u00c9tat dont le territoire a \u00e9t\u00e9 utilis\u00e9 pour commettre des actes d\u2019agression contre un \u00c9tat tiers voit sa responsabilit\u00e9 juridique internationale engag\u00e9e, y compris la responsabilit\u00e9 de r\u00e9parer les dommages directs et indirects r\u00e9sultant de ces actes. Les autorit\u00e9s comp\u00e9tentes proc\u00e9deront au relev\u00e9 de l\u2019ensemble des dommages et pertes caus\u00e9s par de tels actes d\u2019agression.<\/p>\n<p>\tDans l\u2019exercice du droit naturel que lui conf\u00e8re l\u2019Article 51 de la Charte des Nations Unies de d\u00e9fendre sa souverainet\u00e9 et son int\u00e9grit\u00e9 territoriale, et face \u00e0 l\u2019incapacit\u00e9 du Conseil de s\u00e9curit\u00e9 de s\u2019acquitter des devoirs et responsabilit\u00e9s qui lui incombent en vertu de la Charte, la R\u00e9publique islamique d\u2019Iran a men\u00e9 des op\u00e9rations d\u00e9fensives n\u00e9cessaires et proportionn\u00e9es contre les bases et les installations des agresseurs dans la r\u00e9gion. Ces actes sont conformes au droit international et ont \u00e9t\u00e9 clairement et \u00e0 plusieurs reprises annonc\u00e9s \u00e0 l\u2019avance par divers canaux et \u00e0 diff\u00e9rents niveaux.<\/p>\n<p>\tTout en rejetant cat\u00e9goriquement les all\u00e9gations infond\u00e9es formul\u00e9es par le Qatar dans sa lettre du 4 mars 2026, la R\u00e9publique islamique d\u2019Iran reste d\u00e9termin\u00e9e \u00e0 entretenir des relations amicales avec l\u2019\u00c9tat du Qatar, sur la base du respect mutuel, du principe de bon voisinage et du respect de la souverainet\u00e9 et de l\u2019int\u00e9grit\u00e9 territoriale de chacun. Elle souligne une nouvelle fois que les op\u00e9rations d\u00e9fensives qu\u2019elle m\u00e8ne contre les bases et installations militaires des \u00c9tats Unis dans la r\u00e9gion ne visent en aucun cas la souverainet\u00e9 ni l\u2019int\u00e9grit\u00e9 territoriale de l\u2019\u00c9tat du Qatar.<\/p>\n<p>\tJe vous serais reconnaissant de bien vouloir faire distribuer le texte de la pr\u00e9sente lettre comme document du Conseil de s\u00e9curit\u00e9.<\/p>\n<\/div>\n<p><br \/>\n<br \/><a href=\"https:\/\/www.voltairenet.org\/article223971.html\" target=\"_blank\"\">Source link <\/a><\/p>\n","protected":false},"excerpt":{"rendered":"<p>D\u2019ordre de mon gouvernement, et en r\u00e9ponse aux lettres de la Mission permanente de l\u2019\u00c9tat du Qatar aupr\u00e8s de l\u2019Organisation des Nations Unies \u00e0 New York dat\u00e9es des 1er, 2,&hellip; <\/p>\n","protected":false},"author":1,"featured_media":25372,"comment_status":"open","ping_status":"open","sticky":false,"template":"","format":"standard","meta":{"footnotes":""},"categories":[1],"tags":[],"class_list":["post-25371","post","type-post","status-publish","format-standard","has-post-thumbnail","hentry","category-non-classe"],"_links":{"self":[{"href":"https:\/\/monde25.info\/index.php\/wp-json\/wp\/v2\/posts\/25371","targetHints":{"allow":["GET"]}}],"collection":[{"href":"https:\/\/monde25.info\/index.php\/wp-json\/wp\/v2\/posts"}],"about":[{"href":"https:\/\/monde25.info\/index.php\/wp-json\/wp\/v2\/types\/post"}],"author":[{"embeddable":true,"href":"https:\/\/monde25.info\/index.php\/wp-json\/wp\/v2\/users\/1"}],"replies":[{"embeddable":true,"href":"https:\/\/monde25.info\/index.php\/wp-json\/wp\/v2\/comments?post=25371"}],"version-history":[{"count":0,"href":"https:\/\/monde25.info\/index.php\/wp-json\/wp\/v2\/posts\/25371\/revisions"}],"wp:featuredmedia":[{"embeddable":true,"href":"https:\/\/monde25.info\/index.php\/wp-json\/wp\/v2\/media\/25372"}],"wp:attachment":[{"href":"https:\/\/monde25.info\/index.php\/wp-json\/wp\/v2\/media?parent=25371"}],"wp:term":[{"taxonomy":"category","embeddable":true,"href":"https:\/\/monde25.info\/index.php\/wp-json\/wp\/v2\/categories?post=25371"},{"taxonomy":"post_tag","embeddable":true,"href":"https:\/\/monde25.info\/index.php\/wp-json\/wp\/v2\/tags?post=25371"}],"curies":[{"name":"wp","href":"https:\/\/api.w.org\/{rel}","templated":true}]}}