{"id":25373,"date":"2026-03-16T23:44:58","date_gmt":"2026-03-16T22:44:58","guid":{"rendered":"https:\/\/monde25.info\/index.php\/2026\/03\/16\/gaz-cancerogene-dans-leau-potable-des-plaintes-deposees-dans-le-gers-la-correze-et-la-dordogne\/"},"modified":"2026-03-16T23:44:58","modified_gmt":"2026-03-16T22:44:58","slug":"gaz-cancerogene-dans-leau-potable-des-plaintes-deposees-dans-le-gers-la-correze-et-la-dordogne","status":"publish","type":"post","link":"https:\/\/monde25.info\/index.php\/2026\/03\/16\/gaz-cancerogene-dans-leau-potable-des-plaintes-deposees-dans-le-gers-la-correze-et-la-dordogne\/","title":{"rendered":"Gaz canc\u00e9rog\u00e8ne dans l&#039;eau potable\u00a0: des plaintes d\u00e9pos\u00e9es dans le Gers, la Corr\u00e8ze et la Dordogne"},"content":{"rendered":"<p> <br \/>\n<br \/><img loading=\"lazy\" decoding=\"async\" src=\"https:\/\/reporterre.net\/local\/cache-vignettes\/L700xH467\/eau_verre_3_resized-104ee.jpg?1773676312\" class=\"spip_logo\" width=\"700\" height=\"467\" alt=\"\" \/><\/p>\n<p>Cinq\u00a0nouveaux recours ont \u00e9t\u00e9 d\u00e9pos\u00e9s par des particuliers dans les d\u00e9partements du Gers, de la Corr\u00e8ze et de la Dordogne pour d\u00e9noncer la pr\u00e9sence de chlorure de vinyle monom\u00e8re (<span class=\"caps\">CVM<\/span>) \u2014 un gaz class\u00e9 \u00ab<small class=\"fine d-inline\">\u00a0<\/small>\u202fcanc\u00e9rog\u00e8ne certain\u202f<small class=\"fine d-inline\">\u00a0<\/small>\u00bb et rel\u00e2ch\u00e9 par des canalisations en <span class=\"caps\">PVC<\/span> datant des ann\u00e9es 1970 \u2014 dans l&rsquo;eau potable, a rapport\u00e9 France Info le 14\u00a0mars 2026. <br class=\"autobr\" \/><br \/>\n\u00ab<small class=\"fine d-inline\">\u00a0<\/small>\u202fC&rsquo;est un probl\u00e8me qui concerne notamment les d\u00e9partements les plus ruraux, les villages situ\u00e9s en bout de r\u00e9seau, l\u00e0 o\u00f9 il y a moins de\u00a0(\u2026)<\/p>\n<p>                    <a target=\"_blank\" href=\"https:\/\/reporterre.net\/Gaz-cancerogene-dans-l-eau-potable-des-plaintes-deposees-dans-le-Gers-la-Correze-et-la?utm_source=RSS&amp;utm_medium=RSS\">Lire la suite<\/a><\/p>\n<p>                    &#8211;<br \/>\n                        <a target=\"_blank\" href=\"https:\/\/reporterre.net\/Breves-20\" rel=\"directory\">En bref<\/a><\/p>\n<p>                    \/<br \/>\n                        <a target=\"_blank\" href=\"https:\/\/reporterre.net\/Pollutions\" rel=\"tag\">Pollutions<\/a><br \/>\n                    ,<br \/>\n                        <a target=\"_blank\" href=\"https:\/\/reporterre.net\/Sante\" rel=\"tag\">Sant\u00e9<\/a><br \/>\n<br \/><br \/>\n<br \/><a href=\"https:\/\/reporterre.net\/Gaz-cancerogene-dans-l-eau-potable-des-plaintes-deposees-dans-le-Gers-la-Correze-et-la\" target=\"_blank\"\">Source link <\/a><\/p>\n","protected":false},"excerpt":{"rendered":"<p>Cinq\u00a0nouveaux recours ont \u00e9t\u00e9 d\u00e9pos\u00e9s par des particuliers dans les d\u00e9partements du Gers, de la Corr\u00e8ze et de la Dordogne pour d\u00e9noncer la pr\u00e9sence de chlorure de vinyle monom\u00e8re (CVM)&hellip; <\/p>\n","protected":false},"author":1,"featured_media":0,"comment_status":"open","ping_status":"open","sticky":false,"template":"","format":"standard","meta":{"footnotes":""},"categories":[1],"tags":[],"class_list":["post-25373","post","type-post","status-publish","format-standard","hentry","category-non-classe"],"_links":{"self":[{"href":"https:\/\/monde25.info\/index.php\/wp-json\/wp\/v2\/posts\/25373","targetHints":{"allow":["GET"]}}],"collection":[{"href":"https:\/\/monde25.info\/index.php\/wp-json\/wp\/v2\/posts"}],"about":[{"href":"https:\/\/monde25.info\/index.php\/wp-json\/wp\/v2\/types\/post"}],"author":[{"embeddable":true,"href":"https:\/\/monde25.info\/index.php\/wp-json\/wp\/v2\/users\/1"}],"replies":[{"embeddable":true,"href":"https:\/\/monde25.info\/index.php\/wp-json\/wp\/v2\/comments?post=25373"}],"version-history":[{"count":0,"href":"https:\/\/monde25.info\/index.php\/wp-json\/wp\/v2\/posts\/25373\/revisions"}],"wp:attachment":[{"href":"https:\/\/monde25.info\/index.php\/wp-json\/wp\/v2\/media?parent=25373"}],"wp:term":[{"taxonomy":"category","embeddable":true,"href":"https:\/\/monde25.info\/index.php\/wp-json\/wp\/v2\/categories?post=25373"},{"taxonomy":"post_tag","embeddable":true,"href":"https:\/\/monde25.info\/index.php\/wp-json\/wp\/v2\/tags?post=25373"}],"curies":[{"name":"wp","href":"https:\/\/api.w.org\/{rel}","templated":true}]}}