{"id":25381,"date":"2026-03-17T05:14:35","date_gmt":"2026-03-17T04:14:35","guid":{"rendered":"https:\/\/monde25.info\/index.php\/2026\/03\/17\/lirak-veut-relancer-une-fraction-de-ses-exportations-petrolieres-via-la-turquie\/"},"modified":"2026-03-17T05:14:35","modified_gmt":"2026-03-17T04:14:35","slug":"lirak-veut-relancer-une-fraction-de-ses-exportations-petrolieres-via-la-turquie","status":"publish","type":"post","link":"https:\/\/monde25.info\/index.php\/2026\/03\/17\/lirak-veut-relancer-une-fraction-de-ses-exportations-petrolieres-via-la-turquie\/","title":{"rendered":"L&rsquo;Irak veut relancer une fraction de ses exportations p\u00e9troli\u00e8res via la Turquie"},"content":{"rendered":"<p> <br \/>\n<\/p>\n<div>\n<p>L&rsquo;Irak, ultra-d\u00e9pendant de sa manne p\u00e9troli\u00e8re, cherche \u00e0 relancer via la Turquie une fraction de ses exportations p\u00e9troli\u00e8res, actuellement \u00e0 l&rsquo;arr\u00eat \u00e0 cause de la guerre au Moyen-Orient.<\/p>\n<p>L&rsquo;objectif est d&rsquo;acheminer jusqu&rsquo;\u00e0 250 000 barils de p\u00e9trole par jour (bpj) via la Turquie. Il s&rsquo;agit d&rsquo;une fraction des quelque 3,5 millions bpj qu&rsquo;exportait avant le conflit ce membre fondateur de l&rsquo;Opep.<\/p>\n<p>Avant la guerre, l&rsquo;Irak exp\u00e9diait son p\u00e9trole depuis ses infrastructures portuaires de Bassora dans l&rsquo;extr\u00eame sud du pays, unique acc\u00e8s sur la mer du Golfe et le reste du monde via le strat\u00e9gique d\u00e9troit d&rsquo;Ormuz.<\/p>\n<p>Mais l&rsquo;Iran a quasiment paralys\u00e9 la circulation dans cette voie maritime, en repr\u00e9sailles \u00e0 l&rsquo;attaque isra\u00e9lo-am\u00e9ricaine lanc\u00e9e le 28 f\u00e9vrier.<\/p>\n<p>Les exportations p\u00e9troli\u00e8res \u00ab\u00a0ont \u00e9t\u00e9 stopp\u00e9es deux ou trois jours apr\u00e8s le d\u00e9but de la guerre\u00a0\u00bb, a pr\u00e9cis\u00e9 le ministre du P\u00e9trole, Hayan Abdel Ghani, dans une vid\u00e9o post\u00e9e tard dimanche sur les r\u00e9seaux sociaux.<\/p>\n<p>Les alternatives sont limit\u00e9es. Les autorit\u00e9s irakiennes r\u00e9habilitent un vieil ol\u00e9oduc \u00e0 l&rsquo;arr\u00eat depuis de longues ann\u00e9es, reliant les champs p\u00e9troliers de Kirkouk au port turc de Ceyhan.<\/p>\n<p>Sur cet ol\u00e9oduc, \u00ab\u00a0tous les travaux de r\u00e9habilitation sont termin\u00e9s, mais il y a une portion, sur 100 kilom\u00e8tres, qui a besoin d&rsquo;\u00eatre examin\u00e9e\u00a0\u00bb, a indiqu\u00e9 le ministre.<\/p>\n<p>Il a dit esp\u00e9rer que tous les tests n\u00e9cessaires seront men\u00e9s \u00ab\u00a0d&rsquo;ici une semaine\u00a0\u00bb, pour que puissent d\u00e9marrer les exportations des 250 000 barils par jour.<\/p>\n<p>L&rsquo;ol\u00e9oduc avait \u00e9t\u00e9 endommag\u00e9 par les jihadistes du groupe Etat islamique en 2014.<\/p>\n<p>Son usage n\u00e9cessite toutefois \u00ab\u00a0des contacts avec la partie turque et un accord sur des questions logistiques et techniques\u00a0\u00bb, nuance l&rsquo;expert p\u00e9trolier Assem Jihad.<\/p>\n<p>Initialement, Bagdad souhaitait effectuer ces exportations jusqu&rsquo;\u00e0 Ceyhan via un autre ol\u00e9oduc passant par le Kurdistan autonome d&rsquo;Irak.<\/p>\n<p>Mais \u00ab\u00a0jusqu&rsquo;\u00e0 maintenant aucun accord n&rsquo;a \u00e9t\u00e9 trouv\u00e9\u00a0\u00bb, a admis le ministre, les relations entre Bagdad et les autorit\u00e9s kurdes s&rsquo;\u00e9tant d\u00e9grad\u00e9es ces derniers jours.<\/p>\n<p>L&rsquo;Irak \u00e9tudie aussi un possible acheminement de 200 000 bpj par jour par camions-citernes via la Jordanie et la Syrie notamment.<\/p>\n<p>Des experts mettent en garde contre les difficult\u00e9s financi\u00e8res pesant sur le pays de plus de 46 millions d&rsquo;habitants, qui tire plus de 90% de ses revenus du p\u00e9trole.<\/p>\n<p>Sans cet argent, l&rsquo;Etat, premier employeur du pays, ne pourra pas payer les salaires des fonctionnaires, et risque une p\u00e9nurie de devises \u00e9trang\u00e8res.<\/p>\n<\/div>\n<p><script>(function(d, s, id) {  var js, fjs = d.getElementsByTagName(s)[0];  if (d.getElementById(id)) return;  js = d.createElement(s); js.id = id;  js.src = \"\/\/connect.facebook.net\/fr_FR\/sdk.js#xfbml=1&version=v2.3\";  fjs.parentNode.insertBefore(js, fjs);}(document, \"script\", \"facebook-jssdk\"));<\/script><br \/>\n<br \/><br \/>\n<br \/><a href=\"https:\/\/www.francesoir.fr\/politique-monde\/l-irak-veut-relancer-une-fraction-de-ses-exportations-petrolieres-la-turquie\" target=\"_blank\"\">Source link <\/a><\/p>\n","protected":false},"excerpt":{"rendered":"<p>L&rsquo;Irak, ultra-d\u00e9pendant de sa manne p\u00e9troli\u00e8re, cherche \u00e0 relancer via la Turquie une fraction de ses exportations p\u00e9troli\u00e8res, actuellement \u00e0 l&rsquo;arr\u00eat \u00e0 cause de la guerre au Moyen-Orient. L&rsquo;objectif est&hellip; <\/p>\n","protected":false},"author":1,"featured_media":25382,"comment_status":"open","ping_status":"open","sticky":false,"template":"","format":"standard","meta":{"footnotes":""},"categories":[1],"tags":[],"class_list":["post-25381","post","type-post","status-publish","format-standard","has-post-thumbnail","hentry","category-non-classe"],"_links":{"self":[{"href":"https:\/\/monde25.info\/index.php\/wp-json\/wp\/v2\/posts\/25381","targetHints":{"allow":["GET"]}}],"collection":[{"href":"https:\/\/monde25.info\/index.php\/wp-json\/wp\/v2\/posts"}],"about":[{"href":"https:\/\/monde25.info\/index.php\/wp-json\/wp\/v2\/types\/post"}],"author":[{"embeddable":true,"href":"https:\/\/monde25.info\/index.php\/wp-json\/wp\/v2\/users\/1"}],"replies":[{"embeddable":true,"href":"https:\/\/monde25.info\/index.php\/wp-json\/wp\/v2\/comments?post=25381"}],"version-history":[{"count":0,"href":"https:\/\/monde25.info\/index.php\/wp-json\/wp\/v2\/posts\/25381\/revisions"}],"wp:featuredmedia":[{"embeddable":true,"href":"https:\/\/monde25.info\/index.php\/wp-json\/wp\/v2\/media\/25382"}],"wp:attachment":[{"href":"https:\/\/monde25.info\/index.php\/wp-json\/wp\/v2\/media?parent=25381"}],"wp:term":[{"taxonomy":"category","embeddable":true,"href":"https:\/\/monde25.info\/index.php\/wp-json\/wp\/v2\/categories?post=25381"},{"taxonomy":"post_tag","embeddable":true,"href":"https:\/\/monde25.info\/index.php\/wp-json\/wp\/v2\/tags?post=25381"}],"curies":[{"name":"wp","href":"https:\/\/api.w.org\/{rel}","templated":true}]}}