{"id":25383,"date":"2026-03-17T05:47:51","date_gmt":"2026-03-17T04:47:51","guid":{"rendered":"https:\/\/monde25.info\/index.php\/2026\/03\/17\/nathalie-saint-cricq-privee-dantenne-pour-une-semaine-rt-en-francais\/"},"modified":"2026-03-17T05:47:51","modified_gmt":"2026-03-17T04:47:51","slug":"nathalie-saint-cricq-privee-dantenne-pour-une-semaine-rt-en-francais","status":"publish","type":"post","link":"https:\/\/monde25.info\/index.php\/2026\/03\/17\/nathalie-saint-cricq-privee-dantenne-pour-une-semaine-rt-en-francais\/","title":{"rendered":"Nathalie Saint-Cricq priv\u00e9e d\u2019antenne pour une semaine \u2014 RT en fran\u00e7ais"},"content":{"rendered":"<p> <br \/>\n<br \/><img decoding=\"async\" src=\"https:\/\/mf.b37mrtl.ru\/french\/images\/2026.03\/thumbnail\/69b8444b87f3ec2a3a38bfba.jpg\" \/><\/p>\n<div>\n<p class=\"text__summary\">\n                                        France T\u00e9l\u00e9vision a suspendu de l\u2019antenne pour une semaine Nathalie Saint-Cricq. Celle-ci avait, en apart\u00e9, lors de la soir\u00e9e \u00e9lectorale du 15 mars, compar\u00e9 le candidat \u00e0 la mairie de Nice \u00e0 Mussolini. Un \u00abd\u00e9rapage\u00bb que n\u2019aurait pas go\u00fbt\u00e9 la patronne du groupe audiovisuel, alors que le service public est sous le coup d\u2019accusations de partialit\u00e9.\n                                    <\/p>\n<p>Nathalie Saint-Cricq, directrice des r\u00e9dactions nationales de France T\u00e9l\u00e9visions, a \u00e9t\u00e9 retir\u00e9e de l\u2019antenne \u00ab\u00a0jusqu\u2019\u00e0 dimanche inclus\u00a0\u00bb, selon <a target=\"_blank\" href=\"https:\/\/www.leparisien.fr\/culture-loisirs\/tv\/alias-benito-nathalie-saint-cricq-sanctionnee-par-france-televisions-16-03-2026-LLHOLEFVFBFZ7NFUOAOPZQHXHY.php\">les informations<\/a> du <em>Parisien<\/em>. D\u00e9cision qui fait suite \u00e0\u00a0ses propos tenus le 15 mars, lors de la soir\u00e9e \u00e9lectorale d\u00e9di\u00e9e au premier tour des l\u00e9gislatives.<\/p>\n<p>Semblant penser que son micro \u00e9tait \u00e9teint, la m\u00e8re de Benjamin Duhamel avait l\u00e2ch\u00e9 un \u00ab\u00a0alias Benito\u00a0\u00bb alors qu\u2019un direct d\u2019\u00c9ric Ciotti \u2013 ancien patron des R\u00e9publicains, arriv\u00e9 largement en t\u00eate \u00e0 Nice \u2013, \u00e9tait en train d\u2019\u00eatre lanc\u00e9 sur Franceinfo.<\/p>\n<p>Une sortie largement comment\u00e9e sur les r\u00e9seaux sociaux et qui, \u00e0 en croire le quotidien fran\u00e7ais, aurait \u00ab\u00a0provoqu\u00e9 la col\u00e8re\u00a0\u00bb de Delphine Ernotte, pr\u00e9sidente du conseil de direction de France T\u00e9l\u00e9visions. Sur les r\u00e9seaux sociaux, la cha\u00eene a pr\u00e9sent\u00e9 ses excuses \u00e0 \u00c9ric Ciotti, \u00e9voquant un \u00ab\u00a0propos inappropri\u00e9 et d\u00e9plac\u00e9\u00a0\u00bb d\u2019\u00ab\u00a0une journaliste de la r\u00e9daction\u00a0de France T\u00e9l\u00e9visions\u00a0\u00bb.<\/p>\n<div class=\"rtcode\">\n<blockquote class=\"twitter-tweet\">\n<p lang=\"fr\" dir=\"ltr\">Nous pr\u00e9sentons nos excuses \u00e0 <a target=\"_blank\" href=\"https:\/\/twitter.com\/eciotti?ref_src=twsrc%5Etfw\">@eciotti<\/a> pour un propos inappropri\u00e9 et d\u00e9plac\u00e9 prononc\u00e9 sur notre antenne par une journaliste de la r\u00e9daction de France T\u00e9l\u00e9visions.<\/p>\n<p>\u2014 franceinfo (@franceinfo) <a target=\"_blank\" href=\"https:\/\/twitter.com\/franceinfo\/status\/2033305803248095265?ref_src=twsrc%5Etfw\">March 15, 2026<\/a><\/p><\/blockquote>\n<\/div>\n<p>Cette suspension intervient alors que\u00a0les m\u00e9dias publics fran\u00e7ais\u00a0sont dans le collimateur d\u2019une commission d\u2019enqu\u00eate parlementaire \u00ab\u00a0sur la neutralit\u00e9, le fonctionnement et le financement de l\u2019audiovisuel public\u00a0\u00bb.<\/p>\n<p>Une commission qui avait \u00e9t\u00e9 cr\u00e9\u00e9e en octobre 2025, quelques semaines apr\u00e8s le toll\u00e9 provoqu\u00e9 par la diffusion d\u2019extraits vid\u00e9o d\u2019une rencontre entre deux journalistes du service public, Thomas Legrand et Patrick Cohen, avec des cadres du Parti socialiste\u2026 d\u00e9j\u00e0 dans le cadre de ces \u00e9lections l\u00e9gislatives.<\/p>\n<p>\u00ab\u00a0<a target=\"_blank\" href=\"https:\/\/francais.rt.com\/france\/124908-incorrect-dati-journalistes-part-socialiste\">On fait ce qu\u2019il faut pour Dati\u00a0<\/a>\u00bb, avait notamment d\u00e9clar\u00e9 Thomas Legrand lors de cette rencontre, en r\u00e9f\u00e9rence \u00e0 l\u2019actuelle maire du VIIe arrondissement de la capitale fran\u00e7aise et ex-ministre de la Culture de S\u00e9bastien Lecornu, qui brigue la mairie de Paris.<\/p>\n<p>Dor\u00e9navant \u00e0 la t\u00eate de l\u2019Union des droites pour la R\u00e9publiques, alli\u00e9e du Rassemblement national, \u00c9ric Ciotti est arriv\u00e9 en t\u00eate dans la cinqui\u00e8me ville de France, avec 43\u00a0% des scrutin, loin devant les 31\u00a0% totalis\u00e9s par le maire sortant Christian Estrosi.<\/p>\n<\/div>\n<p><script async src=\"\/\/platform.twitter.com\/widgets.js\" charset=\"utf-8\"><\/script><br \/>\n<br \/><br \/>\n<br \/><a href=\"https:\/\/francais.rt.com\/france\/131823-ciotti-benito-saint-cricq-suspension\" target=\"_blank\"\">Source link <\/a><\/p>\n","protected":false},"excerpt":{"rendered":"<p>France T\u00e9l\u00e9vision a suspendu de l\u2019antenne pour une semaine Nathalie Saint-Cricq. Celle-ci avait, en apart\u00e9, lors de la soir\u00e9e \u00e9lectorale du 15 mars, compar\u00e9 le candidat \u00e0 la mairie de&hellip; <\/p>\n","protected":false},"author":1,"featured_media":25384,"comment_status":"open","ping_status":"open","sticky":false,"template":"","format":"standard","meta":{"footnotes":""},"categories":[1],"tags":[],"class_list":["post-25383","post","type-post","status-publish","format-standard","has-post-thumbnail","hentry","category-non-classe"],"_links":{"self":[{"href":"https:\/\/monde25.info\/index.php\/wp-json\/wp\/v2\/posts\/25383","targetHints":{"allow":["GET"]}}],"collection":[{"href":"https:\/\/monde25.info\/index.php\/wp-json\/wp\/v2\/posts"}],"about":[{"href":"https:\/\/monde25.info\/index.php\/wp-json\/wp\/v2\/types\/post"}],"author":[{"embeddable":true,"href":"https:\/\/monde25.info\/index.php\/wp-json\/wp\/v2\/users\/1"}],"replies":[{"embeddable":true,"href":"https:\/\/monde25.info\/index.php\/wp-json\/wp\/v2\/comments?post=25383"}],"version-history":[{"count":0,"href":"https:\/\/monde25.info\/index.php\/wp-json\/wp\/v2\/posts\/25383\/revisions"}],"wp:featuredmedia":[{"embeddable":true,"href":"https:\/\/monde25.info\/index.php\/wp-json\/wp\/v2\/media\/25384"}],"wp:attachment":[{"href":"https:\/\/monde25.info\/index.php\/wp-json\/wp\/v2\/media?parent=25383"}],"wp:term":[{"taxonomy":"category","embeddable":true,"href":"https:\/\/monde25.info\/index.php\/wp-json\/wp\/v2\/categories?post=25383"},{"taxonomy":"post_tag","embeddable":true,"href":"https:\/\/monde25.info\/index.php\/wp-json\/wp\/v2\/tags?post=25383"}],"curies":[{"name":"wp","href":"https:\/\/api.w.org\/{rel}","templated":true}]}}