{"id":25385,"date":"2026-03-17T06:20:42","date_gmt":"2026-03-17T05:20:42","guid":{"rendered":"https:\/\/monde25.info\/index.php\/2026\/03\/17\/un-conseiller-de-jack-lang-a-linstitut-du-monde-arabe-en-contact-amical-avec-jeffrey-epstein\/"},"modified":"2026-03-17T06:20:42","modified_gmt":"2026-03-17T05:20:42","slug":"un-conseiller-de-jack-lang-a-linstitut-du-monde-arabe-en-contact-amical-avec-jeffrey-epstein","status":"publish","type":"post","link":"https:\/\/monde25.info\/index.php\/2026\/03\/17\/un-conseiller-de-jack-lang-a-linstitut-du-monde-arabe-en-contact-amical-avec-jeffrey-epstein\/","title":{"rendered":"Un conseiller de Jack Lang \u00e0 l&rsquo;Institut du Monde Arabe en contact amical avec Jeffrey Epstein"},"content":{"rendered":"<p> <br \/>\n<\/p>\n<div style=\"max-width: 760px; margin: 0 auto; line-height: 1.8; font-family: Georgia, 'Times New Roman', serif; color: #1a1a1a;\">\n<div style=\"border-left: 4px solid #b91c1c; padding: 12px 20px; background: #fef2f2; margin-bottom: 28px; border-radius: 0 6px 6px 0;\">\n<p style=\"margin: 0; font-size: 0.85em; text-transform: uppercase; letter-spacing: 0.08em; color: #b91c1c; font-family: system-ui,sans-serif; font-weight: bold;\">Enqu\u00eate \u00b7 Archives judiciaires am\u00e9ricaines<\/p>\n<\/div>\n<p style=\"font-size: 1.13em; color: #374151; font-style: italic; line-height: 1.75; margin-bottom: 2em; padding: 16px 20px; background: #f9fafb; border-radius: 6px; border: 1px solid #e5e7eb;\">Dans les fichiers judiciaires am\u00e9ricains d\u00e9classifi\u00e9s sur Jeffrey Epstein, un nom fran\u00e7ais appara\u00eet au d\u00e9tour d\u2019un courriel anodin dat\u00e9 du 2 octobre 2016. L\u2019exp\u00e9diteur : <strong>Louis Amsallem<\/strong>, bras droit du pr\u00e9sident Jack Lang \u00e0 l\u2019Institut du Monde Arabe (IMA). Le destinataire : l\u2019adresse personnelle de l\u2019homme d\u2019affaires am\u00e9ricain condamn\u00e9 pour trafic sexuel de mineures. Une connexion qui soul\u00e8ve des questions sur la porosit\u00e9 des r\u00e9seaux \u00e0 la fronti\u00e8re du pouvoir culturel fran\u00e7ais.<\/p>\n<h2 id=\"profil\" style=\"font-size: 1.45em; color: #111827; border-bottom: 2px solid #e5e7eb; padding-bottom: 10px; margin-top: 2.5em; margin-bottom: 1em;\">1. Le profil de Louis Amsallem : conseiller \u00e0 l\u2019Institut du Monde Arabe<\/h2>\n<p style=\"margin-bottom: 1.4em;\">Louis Amsallem, \u00e9galement connu sous le nom de <strong>L\u00e9on Louis Amsallem<\/strong>, occupe depuis des ann\u00e9es une position de confiance aupr\u00e8s de <strong>Jack Lang<\/strong>, pr\u00e9sident de l\u2019Institut du Monde Arabe (IMA) \u2014 l\u2019une des institutions culturelles les plus prestigieuses de France, fond\u00e9e en 1980 par Fran\u00e7ois Mitterrand et inaugur\u00e9e rue des Foss\u00e9s-Saint-Bernard \u00e0 Paris, dans le 5e arrondissement.<\/p>\n<p style=\"margin-bottom: 1.4em;\">Ce bras droit participe activement aux activit\u00e9s de l\u2019institution, notamment dans les partenariats institutionnels. Sa pr\u00e9sence est attest\u00e9e lors de r\u00e9unions officielles, y compris avec des repr\u00e9sentants de la communaut\u00e9 musulmane de France.<\/p>\n<figure style=\"margin: 2em 0; text-align: center;\"><img data-recalc-dims=\"1\" decoding=\"async\" style=\"max-width: 100%; border-radius: 6px; border: 1px solid #e5e7eb; box-shadow: 0 2px 12px rgba(0,0,0,0.08);\" src=\"https:\/\/i0.wp.com\/pbs.twimg.com\/media\/HDZEzXmaQAAKfwp.png?w=696&amp;ssl=1\" alt=\"Institut du Monde Arabe Paris Jack Lang\"\/><\/figure>\n<figure style=\"margin: 2em 0; text-align: center;\"><figcaption style=\"font-size: 0.82em; color: #6b7280; margin-top: 10px; font-family: system-ui,sans-serif; font-style: italic;\">L\u2019Institut du Monde Arabe, 1 rue des Foss\u00e9s-Saint-Bernard, Paris 5e \u2014 institution pr\u00e9sid\u00e9e par Jack Lang o\u00f9 Louis Amsallem exerce ses fonctions de conseiller.<\/figcaption><\/figure>\n<hr style=\"border: none; border-top: 1px solid #e5e7eb; margin: 2.5em 0;\"\/>\n<div style=\"background: linear-gradient(135deg,#fffbeb,#fef3c7); border: 1px solid #fcd34d; border-radius: 8px; padding: 18px 22px; margin: 2em 0; font-family: system-ui,sans-serif; font-size: 0.93em; color: #92400e;\">\ud83d\udc9b <strong>Vous appr\u00e9ciez notre travail ?<\/strong> Il est possible de nous soutenir <a target=\"_blank\" style=\"color: #b45309; font-weight: 600;\" href=\"https:\/\/liberta.press\/nous-soutenir\/\" target=\"_blank\" rel=\"noreferrer noopener\">sur cette page<\/a>. La survie de notre m\u00e9dia d\u00e9pend de nos lecteurs \u2014 notre contenu reste gratuit et ind\u00e9pendant.<\/div>\n<h2 id=\"email\" style=\"font-size: 1.45em; color: #111827; border-bottom: 2px solid #e5e7eb; padding-bottom: 10px; margin-top: 2.5em; margin-bottom: 1em;\">2. Un courriel de v\u0153ux adress\u00e9 directement \u00e0 Jeffrey Epstein<\/h2>\n<p style=\"margin-bottom: 1.4em;\">Le document, issu des <strong>archives du D\u00e9partement de la Justice am\u00e9ricain (DOJ)<\/strong> et accessible via les fichiers Epstein d\u00e9classifi\u00e9s, est dat\u00e9 du <strong>2 octobre 2016<\/strong> \u2014 date correspondant au d\u00e9but de <em>Roch Hachana<\/em>, le Nouvel An juif. L\u2019exp\u00e9diteur est Louis Amsallem, depuis J\u00e9rusalem. Le message est adress\u00e9 \u00e0 <code style=\"background: #f3f4f6; padding: 2px 6px; border-radius: 4px; font-size: 0.9em;\"><a target=\"_blank\" href=\"https:\/\/liberta.press\/cdn-cgi\/l\/email-protection\" class=\"__cf_email__\" data-cfemail=\"b0dad5d5c6d1d3d1c4d9dfdef0d7ddd1d9dc9ed3dfdd\">[email\u00a0protected]<\/a><\/code>, adresse personnelle de Jeffrey Epstein.<\/p>\n<p><a target=\"_blank\" href=\"https:\/\/liberta.press\/wp-content\/uploads\/2026\/03\/EFTA02448960.pdf\" class=\"pdfemb-viewer\" style=\"\" data-width=\"max\" data-height=\"max\" data-toolbar=\"bottom\" data-toolbar-fixed=\"on\">EFTA02448960<\/a><\/p>\n<p style=\"margin-bottom: 1.4em;\">Ce message ne contient aucune transaction ni secret d\u2019\u00c9tat. Il s\u2019agit simplement de v\u0153ux de bonne ann\u00e9e. Pourtant, sa pr\u00e9sence dans les archives Epstein soul\u00e8ve une question simple mais implacable : <strong>comment un proche du pouvoir culturel fran\u00e7ais a-t-il pu figurer parmi les contacts amicaux de l\u2019un des r\u00e9seaux les plus sombres de la plan\u00e8te ?<\/strong><\/p>\n<figure style=\"margin: 2em 0; text-align: center;\"><img data-recalc-dims=\"1\" decoding=\"async\" style=\"max-width: 100%; border-radius: 6px; border: 1px solid #e5e7eb; box-shadow: 0 2px 12px rgba(0,0,0,0.08);\" src=\"https:\/\/i0.wp.com\/pbs.twimg.com\/media\/HDXxXHuXsAAjwm6.png?w=696&amp;ssl=1\" alt=\"Courriel de Louis Amsallem \u00e0 Jeffrey Epstein 2 octobre 2016\"\/><\/figure>\n<h2 id=\"crif\" style=\"font-size: 1.45em; color: #111827; border-bottom: 2px solid #e5e7eb; padding-bottom: 10px; margin-top: 2.5em; margin-bottom: 1em;\">3. Associ\u00e9 en affaires de l\u2019ancien pr\u00e9sident du CRIF<\/h2>\n<p style=\"margin-bottom: 1.4em;\">Au-del\u00e0 du courriel Epstein, les documents publics r\u00e9v\u00e8lent d\u2019autres connexions notables. Louis Amsallem (Leon Amsallem) partage des responsabilit\u00e9s entrepreneuriales avec <strong>Francis Kalifat<\/strong>, pr\u00e9sident du <strong>CRIF<\/strong> (Conseil repr\u00e9sentatif des institutions juives de France) <strong>de 2016 \u00e0 2022<\/strong> \u2014 l\u2019organisme repr\u00e9sentatif central de la communaut\u00e9 juive en France.<\/p>\n<p style=\"margin-bottom: 1.4em;\">Les deux hommes sont co-associ\u00e9s dans deux structures :<\/p>\n<ul style=\"padding-left: 1.6em; line-height: 2; margin-bottom: 1.4em; font-size: 0.97em;\">\n<li><strong>Groupe Vaneau<\/strong> \u2014 groupement d\u2019int\u00e9r\u00eat \u00e9conomique sp\u00e9cialis\u00e9 dans la r\u00e9paration de chaussures et articles de maroquinerie (Louis Amsallem : contr\u00f4leur de gestion ; Francis Kalifat : administrateur)<\/li>\n<li><strong>Latour SARL<\/strong> \u2014 soci\u00e9t\u00e9 dans laquelle chacun d\u00e9tient <strong>250 parts sociales<\/strong>, attest\u00e9es par les statuts officiels mis \u00e0 jour le 4 mai 2022<\/li>\n<\/ul>\n<figure style=\"margin: 2em 0; text-align: center;\"><img data-recalc-dims=\"1\" decoding=\"async\" style=\"max-width: 100%; border-radius: 6px; border: 1px solid #e5e7eb; box-shadow: 0 2px 12px rgba(0,0,0,0.08);\" src=\"https:\/\/i0.wp.com\/pbs.twimg.com\/media\/HDZTN4MWkAAvUOr.png?w=696&amp;ssl=1\" alt=\"Pappers.fr association Amsallem Kalifat Groupe Vaneau\"\/><figcaption style=\"font-size: 0.82em; color: #6b7280; margin-top: 10px; font-family: system-ui,sans-serif; font-style: italic;\">Extrait du registre officiel <a target=\"_blank\" style=\"color: #1e40af;\" href=\"https:\/\/www.pappers.fr\/entreprise\/groupe-vaneau-398064493\" target=\"_blank\" rel=\"noreferrer noopener\">Pappers.fr<\/a> (mis \u00e0 jour le 15 mars 2026) listant Louis Amsallem et Francis Kalifat comme co-associ\u00e9s du Groupe Vaneau.<\/figcaption><\/figure>\n<p style=\"margin-bottom: 1.4em; font-size: 0.95em; color: #4b5563; font-style: italic;\">Ces associations n\u2019ont, en elles-m\u00eames, aucun caract\u00e8re d\u00e9lictueux. Elles illustrent n\u00e9anmoins l\u2019imbrication des r\u00e9seaux dans lesquels \u00e9volue Louis Amsallem, \u00e0 la crois\u00e9e des sph\u00e8res culturelle, communautaire et entrepreneuriale fran\u00e7aises.<\/p>\n<div style=\"background: linear-gradient(135deg,#fffbeb,#fef3c7); border: 1px solid #fcd34d; border-radius: 8px; padding: 18px 22px; margin: 2em 0; font-family: system-ui,sans-serif; font-size: 0.93em; color: #92400e;\">\ud83d\udc9b <strong>Notre journalisme d\u2019investigation est gratuit.<\/strong> Si vous estimez ce travail utile, vous pouvez nous aider \u00e0 continuer <a target=\"_blank\" style=\"color: #b45309; font-weight: 600;\" href=\"https:\/\/liberta.press\/nous-soutenir\/\" target=\"_blank\" rel=\"noreferrer noopener\">sur cette page<\/a>.<\/div>\n<hr style=\"border: none; border-top: 1px solid #e5e7eb; margin: 2.5em 0;\"\/>\n<h2 id=\"mosquee\" style=\"font-size: 1.45em; color: #111827; border-bottom: 2px solid #e5e7eb; padding-bottom: 10px; margin-top: 2.5em; margin-bottom: 1em;\">4. M\u00e9diateur aupr\u00e8s de la Grande Mosqu\u00e9e de Paris<\/h2>\n<p style=\"margin-bottom: 1.4em;\">Louis Amsallem intervient \u00e9galement comme <strong>interm\u00e9diaire entre l\u2019IMA et la Grande Mosqu\u00e9e de Paris<\/strong>, l\u2019une des plus importantes institutions religieuses musulmanes de France, dont le si\u00e8ge se situe place du Puits-de-l\u2019Ermite dans le 5e arrondissement \u2014 \u00e0 quelques centaines de m\u00e8tres de l\u2019IMA.<\/p>\n<p style=\"margin-bottom: 1.4em;\">Il a particip\u00e9 \u00e0 des r\u00e9unions avec le recteur <strong>Chems-eddine Hafiz<\/strong> et d\u2019autres repr\u00e9sentants afin de d\u00e9velopper des partenariats culturels et institutionnels. Des documents publics le pr\u00e9sentent comme l\u2019un des interlocuteurs charg\u00e9s d\u2019identifier et de dialoguer avec les responsables musulmans dits \u00ab mod\u00e9r\u00e9s \u00bb dans le cadre des missions de l\u2019IMA.<\/p>\n<p style=\"margin-bottom: 1.4em;\">Ces connexions crois\u00e9es \u2014 Institut du Monde Arabe, CRIF, Grande Mosqu\u00e9e \u2014 dessinent le portrait d\u2019un homme de r\u00e9seau \u00e9voluant \u00e0 l\u2019intersection de trois sph\u00e8res rarement en contact direct : la culture publique subventionn\u00e9e, la repr\u00e9sentation communautaire juive et le dialogue interreligieux institutionnel.<\/p>\n<hr style=\"border: none; border-top: 1px solid #e5e7eb; margin: 2.5em 0;\"\/>\n<h2 id=\"conclusion\" style=\"font-size: 1.45em; color: #111827; border-bottom: 2px solid #e5e7eb; padding-bottom: 10px; margin-top: 2.5em; margin-bottom: 1em;\">5. Conclusion : des r\u00e9seaux visibles, une implication p\u00e9nale absente<\/h2>\n<p style=\"margin-bottom: 1.4em;\">Les faits sont \u00e9tablis par des documents officiels et publics :<\/p>\n<ul style=\"padding-left: 1.6em; line-height: 2.1; margin-bottom: 1.4em; font-size: 0.97em;\">\n<li>Un <strong>courriel amical<\/strong> dans les archives Epstein du DOJ am\u00e9ricain<\/li>\n<li>Une <strong>association d\u2019affaires<\/strong> avec l\u2019ex-pr\u00e9sident du CRIF Francis Kalifat<\/li>\n<li>Un <strong>poste de conseiller<\/strong> aupr\u00e8s de Jack Lang \u00e0 l\u2019IMA<\/li>\n<li>Un <strong>r\u00f4le de m\u00e9diateur<\/strong> entre l\u2019IMA et la Grande Mosqu\u00e9e de Paris<\/li>\n<\/ul>\n<p><strong>\u26a0\ufe0f Mise en garde r\u00e9dactionnelle<\/strong><br \/>Aucun \u00e9l\u00e9ment disponible ne d\u00e9montre une <strong>implication p\u00e9nale<\/strong> de Louis Amsallem dans les activit\u00e9s criminelles de Jeffrey Epstein. Le courriel constitue un simple message de v\u0153ux. Ni Jack Lang, ni l\u2019IMA, ni le CRIF, ni la Grande Mosqu\u00e9e de Paris n\u2019ont publi\u00e9 de commentaire officiel \u00e0 ce jour (15 mars 2026).<\/p>\n<p style=\"margin-bottom: 1.4em;\">Ces connexions, rendues publiques en 2026, \u00e9clairent n\u00e9anmoins la complexit\u00e9 des r\u00e9seaux qui traversent la vie publique fran\u00e7aise \u2014 \u00e0 la fronti\u00e8re entre diplomatie culturelle, entrepreneuriat discret et dialogue communautaire. <strong>L\u2019heure est aux v\u00e9rifications, non aux sp\u00e9culations.<\/strong><\/p>\n<div style=\"background: linear-gradient(135deg,#fffbeb,#fef3c7); border: 1px solid #fcd34d; border-radius: 8px; padding: 18px 22px; margin: 2.5em 0; font-family: system-ui,sans-serif; font-size: 0.93em; color: #92400e;\">\ud83d\udc9b <strong>Vous appr\u00e9ciez notre travail d\u2019investigation ?<\/strong> La survie de Liberta Press d\u00e9pend de ses lecteurs. Notre contenu est gratuit et restera gratuit. Vous pouvez nous soutenir <a target=\"_blank\" style=\"color: #b45309; font-weight: 600; text-decoration: underline;\" href=\"https:\/\/liberta.press\/nous-soutenir\/\" target=\"_blank\" rel=\"noreferrer noopener\">sur cette page<\/a> \u2014 chaque contribution compte.<\/div>\n<hr style=\"border: none; border-top: 1px solid #e5e7eb; margin: 2.5em 0;\"\/>\n<h2 id=\"sources\" style=\"font-size: 1.2em; color: #374151; margin-bottom: 1em; font-family: system-ui,sans-serif; text-transform: uppercase; letter-spacing: 0.07em;\">Sources &amp; documents officiels<\/h2>\n<ol style=\"padding-left: 1.6em; font-family: system-ui,sans-serif; font-size: 0.88em; line-height: 2.1; color: #374151;\">\n<li><a target=\"_blank\" style=\"color: #1e40af;\" href=\"https:\/\/www.justice.gov\/age-verify?destination=\/epstein\/files\/DataSet%2011\/EFTA02583671.pdf\" target=\"_blank\" rel=\"noreferrer noopener\">Archives Epstein \u2013 D\u00e9partement de la Justice des \u00c9tats-Unis (fichiers EFTA02583671 et EFTA02448960)<\/a><\/li>\n<li><a target=\"_blank\" style=\"color: #1e40af;\" href=\"https:\/\/jmail.world\/thread\/vol00009-efta00816339-pdf?view=inbox\" target=\"_blank\" rel=\"noreferrer noopener\">Visionneuse des courriels Epstein (vol00009-efta00816339)<\/a><\/li>\n<li><a target=\"_blank\" style=\"color: #1e40af;\" href=\"https:\/\/www.pappers.fr\/entreprise\/groupe-vaneau-398064493\" target=\"_blank\" rel=\"noreferrer noopener\">Registre officiel Pappers.fr \u2013 Groupe Vaneau (mis \u00e0 jour le 15 mars 2026)<\/a><\/li>\n<li><a target=\"_blank\" style=\"color: #1e40af;\" href=\"https:\/\/www.pappers.fr\/entreprise\/latour-sarl-330043514\/documents\/LATOUR%20SARL%20-%20Statuts%20mis%20%C3%A0%20jour%2004-05-2022.pdf\" target=\"_blank\" rel=\"noreferrer noopener\">Statuts LATOUR SARL \u2013 parts sociales de Louis Amsallem et Francis Kalifat<\/a><\/li>\n<li><a target=\"_blank\" style=\"color: #1e40af;\" href=\"https:\/\/www.facebook.com\/100064863361141\/posts\/ce-mercredi-le-recteur-chems-eddine-hafiz-recevait-jean-michel-crovesi-secr%C3%A9tair\/4955186027853074\/\" target=\"_blank\" rel=\"noreferrer noopener\">Publication officielle Grande Mosqu\u00e9e de Paris \u2013 r\u00e9union avec Louis Amsallem<\/a><\/li>\n<li><a target=\"_blank\" style=\"color: #1e40af;\" href=\"https:\/\/www.lexpress.fr\/styles\/nouvelle-tete-au-crif-francis-kalifat-avec-le-combat-contre-l-antisemitisme-au-coeur_1796766.html\" target=\"_blank\" rel=\"noreferrer noopener\">Portrait Francis Kalifat, ex-pr\u00e9sident du CRIF \u2013 <em>L\u2019Express<\/em><\/a><\/li>\n<\/ol>\n<p style=\"font-size: 0.78em; color: #9ca3af; font-family: system-ui,sans-serif; margin-top: 2em; padding-top: 1.2em; border-top: 1px solid #f3f4f6; text-align: center;\">\u00a9 2026 Liberta Press \u00b7 Reproduction soumise \u00e0 autorisation \u00b7 Contenu v\u00e9rifi\u00e9 sur sources primaires<\/p>\n<\/div>\n<p><br \/>\n<br \/><a href=\"https:\/\/liberta.press\/2026\/03\/15\/un-conseiller-de-jack-lang-a-linstitut-du-monde-arabe-en-contact-amical-avec-jeffrey-epstein\/\" target=\"_blank\"\">Source link <\/a><\/p>\n","protected":false},"excerpt":{"rendered":"<p>Enqu\u00eate \u00b7 Archives judiciaires am\u00e9ricaines Dans les fichiers judiciaires am\u00e9ricains d\u00e9classifi\u00e9s sur Jeffrey Epstein, un nom fran\u00e7ais appara\u00eet au d\u00e9tour d\u2019un courriel anodin dat\u00e9 du 2 octobre 2016. L\u2019exp\u00e9diteur :&hellip; <\/p>\n","protected":false},"author":1,"featured_media":25386,"comment_status":"open","ping_status":"open","sticky":false,"template":"","format":"standard","meta":{"footnotes":""},"categories":[1],"tags":[],"class_list":["post-25385","post","type-post","status-publish","format-standard","has-post-thumbnail","hentry","category-non-classe"],"_links":{"self":[{"href":"https:\/\/monde25.info\/index.php\/wp-json\/wp\/v2\/posts\/25385","targetHints":{"allow":["GET"]}}],"collection":[{"href":"https:\/\/monde25.info\/index.php\/wp-json\/wp\/v2\/posts"}],"about":[{"href":"https:\/\/monde25.info\/index.php\/wp-json\/wp\/v2\/types\/post"}],"author":[{"embeddable":true,"href":"https:\/\/monde25.info\/index.php\/wp-json\/wp\/v2\/users\/1"}],"replies":[{"embeddable":true,"href":"https:\/\/monde25.info\/index.php\/wp-json\/wp\/v2\/comments?post=25385"}],"version-history":[{"count":0,"href":"https:\/\/monde25.info\/index.php\/wp-json\/wp\/v2\/posts\/25385\/revisions"}],"wp:featuredmedia":[{"embeddable":true,"href":"https:\/\/monde25.info\/index.php\/wp-json\/wp\/v2\/media\/25386"}],"wp:attachment":[{"href":"https:\/\/monde25.info\/index.php\/wp-json\/wp\/v2\/media?parent=25385"}],"wp:term":[{"taxonomy":"category","embeddable":true,"href":"https:\/\/monde25.info\/index.php\/wp-json\/wp\/v2\/categories?post=25385"},{"taxonomy":"post_tag","embeddable":true,"href":"https:\/\/monde25.info\/index.php\/wp-json\/wp\/v2\/tags?post=25385"}],"curies":[{"name":"wp","href":"https:\/\/api.w.org\/{rel}","templated":true}]}}