{"id":25401,"date":"2026-03-17T12:57:45","date_gmt":"2026-03-17T11:57:45","guid":{"rendered":"https:\/\/monde25.info\/index.php\/2026\/03\/17\/la-russie-prete-a-fournir-toute-laide-possible-rt-en-francais\/"},"modified":"2026-03-17T12:57:45","modified_gmt":"2026-03-17T11:57:45","slug":"la-russie-prete-a-fournir-toute-laide-possible-rt-en-francais","status":"publish","type":"post","link":"https:\/\/monde25.info\/index.php\/2026\/03\/17\/la-russie-prete-a-fournir-toute-laide-possible-rt-en-francais\/","title":{"rendered":"la Russie pr\u00eate \u00e0 fournir toute l\u2019aide possible \u2014 RT en fran\u00e7ais"},"content":{"rendered":"<p> <br \/>\n<br \/><img decoding=\"async\" src=\"https:\/\/mf.b37mrtl.ru\/french\/images\/2026.03\/thumbnail\/69b937536f7ccc5d4c4f3ba0.jpg\" \/><\/p>\n<div>\n<p class=\"text__summary\">\n                                        Une panne g\u00e9n\u00e9ralis\u00e9e a priv\u00e9 Cuba d\u2019\u00e9lectricit\u00e9, cons\u00e9quence d\u2019un r\u00e9seau vieillissant et du manque de carburant li\u00e9 au blocus impos\u00e9 par le pr\u00e9sident am\u00e9ricain Donald Trump, qui a menac\u00e9 de \u00abprendre\u00bb le pays. La Russie s\u2019est dite pr\u00eate \u00e0 fournir son aide.\n                                    <\/p>\n<p>Une panne d&rsquo;\u00e9lectricit\u00e9 g\u00e9n\u00e9ralis\u00e9e a plong\u00e9 Cuba dans le noir le 16 mars, selon les autorit\u00e9s du pays, sur fond d\u2019aggravation de la crise \u00e9nerg\u00e9tique et \u00e9conomique et d\u2019effondrement de son r\u00e9seau \u00e9lectrique. Le minist\u00e8re de l&rsquo;\u00c9nergie et des Mines a signal\u00e9 sur X que le \u00ab r\u00e9seau \u00e9lectrique national (SEN) est totalement hors service \u00bb, indiquant que les causes de la panne faisaient l\u2019objet d\u2019une enqu\u00eate et pr\u00e9cisant que \u00ab les protocoles de r\u00e9tablissement sont en cours d&rsquo;activation \u00bb.<\/p>\n<p>Dans ses d\u00e9clarations aux m\u00e9dias, L\u00e1zaro Guerra, directeur de l&rsquo;\u00e9lectricit\u00e9 au minist\u00e8re, a indiqu\u00e9 que des \u00e9quipes techniques tentaient de red\u00e9marrer plusieurs centrales thermo\u00e9lectriques pour r\u00e9tablir l\u2019\u00e9lectricit\u00e9. \u00ab Il faut proc\u00e9der par \u00e9tapes pour \u00e9viter les revers \u00bb, a-t-il pr\u00e9cis\u00e9, expliquant que les syst\u00e8mes, \u00e9tant tr\u00e8s fragiles, sont susceptibles de subir des pannes.<\/p>\n<h2>Un r\u00e9seau \u00e9lectrique \u00e0 bout de souffle<\/h2>\n<p>Dans la soir\u00e9e du 16 mars, les m\u00e9dias cubains ont annonc\u00e9 le r\u00e9tablissement du courant pour environ 5 % des habitants de La Havane, soit pr\u00e8s de 42 000 abonn\u00e9s, ainsi que pour plusieurs h\u00f4pitaux.\u00a0Les autorit\u00e9s ont toutefois pr\u00e9venu que ces r\u00e9tablissements pourraient rester instables.<\/p>\n<p>Le r\u00e9seau \u00e9lectrique cubain, vieillissant et fortement d\u00e9grad\u00e9, conna\u00eet depuis plusieurs ann\u00e9es une multiplication des coupures.\u00a0<\/p>\n<p>Pour le gouvernement cubain, les \u00c9tats-Unis sont directement responsables de\u00a0cette situation \u00e0 cause du blocus \u00e9nerg\u00e9tique impos\u00e9 dans le sillage des menaces de droits de douane agit\u00e9es par le pr\u00e9sident Donald Trump en janvier dernier contre tout pays qui fournirait du p\u00e9trole \u00e0 Cuba.<\/p>\n<h2>Trump pense qu\u2019il aura \u00ab l\u2019honneur de conqu\u00e9rir Cuba \u00bb<\/h2>\n<p data-start=\"2641\" data-end=\"2865\">Dans un \u00e9change avec la presse dans le Bureau ovale le 16 mars, le pr\u00e9sident am\u00e9ricain a d\u00e9clar\u00e9 : \u00ab Vous savez, j&rsquo;ai toujours entendu parler des \u00c9tats-Unis et de Cuba. Quand est-ce que les \u00c9tats-Unis vont enfin agir ? \u00bb<\/p>\n<p data-start=\"2867\" data-end=\"3233\">Donald Trump a aussi affirm\u00e9 : \u00ab Je crois que j\u2019aurai\u2026 l\u2019honneur de conqu\u00e9rir Cuba \u00bb. Il a ajout\u00e9 : \u00ab Que je la lib\u00e8re, que je la prenne ; je pense que je peux en faire ce que je veux. Vous voulez savoir la v\u00e9rit\u00e9 ? C&rsquo;est une nation tr\u00e8s affaiblie en ce moment \u00bb, sans apporter de plus amples pr\u00e9cisions sur ce qu\u2019il voulait dire exactement par le terme \u00ab prendre \u00bb.<\/p>\n<p data-start=\"3235\" data-end=\"3348\">Pour l\u2019heure, les autorit\u00e9s cubaines n\u2019ont pas officiellement r\u00e9agi \u00e0 ces d\u00e9clarations.<\/p>\n<h2>La Russie pr\u00eate \u00ab \u00e0 fournir toute l\u2019aide possible \u00bb<\/h2>\n<p data-start=\"7989\" data-end=\"8057\">La Russie a de son c\u00f4t\u00e9 exprim\u00e9 sa disponibilit\u00e9 pour soutenir Cuba.<\/p>\n<p data-start=\"8059\" data-end=\"8227\">Le porte-parole du Kremlin, Dmitri Peskov, a\u00a0indiqu\u00e9\u00a0que Moscou restait en contact avec les autorit\u00e9s cubaines \u00ab tant au niveau des experts qu\u2019au niveau op\u00e9rationnel \u00bb, rappelant que\u00a0Cuba est un \u00c9tat souverain et ind\u00e9pendant qui subit de graves d\u00e9fis \u00e9conomiques et humanitaires.<\/p>\n<p data-start=\"8229\" data-end=\"8387\">\u00ab Bien s\u00fbr, nous sommes pr\u00eats \u00e0 fournir toute l\u2019aide possible \u00bb, a-t-il d\u00e9clar\u00e9, d\u00e9non\u00e7ant par ailleurs l\u2019\u00ab embargo \u00e9touffant \u00bb impos\u00e9 par Washington \u00e0 l\u2019\u00eele.<\/p>\n<h2>T\u00e9moignage d\u2019une r\u00e9sidente russe \u00e0 Cuba<\/h2>\n<p>Outre les coupures d\u2019\u00e9lectricit\u00e9, une Russe r\u00e9sidant \u00e0 Cuba a rapport\u00e9 \u00e0 RT que les habitants manquaient d&rsquo;eau potable et que le r\u00e9seau mobile \u00e9tait quasi inexistant. Elle a aussi pr\u00e9cis\u00e9 que, bien qu\u2019elles soient fr\u00e9quentes depuis quelque temps, les coupures de courant n\u2019avaient jamais pris une telle ampleur que celle du 16 mars.<\/p>\n<p>Priv\u00e9s de communications fixes et mobiles, pratiquement hors service, les habitants effectuent des r\u00e9serves d&rsquo;eau, devenue introuvable dans les magasins, et sont d\u00e9sormais oblig\u00e9s d\u2019acheter toutes les autres boissons disponibles.<\/p>\n<p>Dans une autre perspective, elle a indiqu\u00e9 que des \u00e9meutes avaient lieu dans certaines r\u00e9gions depuis plus d&rsquo;une semaine, \u00e0 l\u2019instar d\u2019une attaque survenue r\u00e9cemment contre le si\u00e8ge du Parti communiste au pouvoir \u00e0 Mor\u00f3n.<\/p>\n<\/div>\n<p><br \/>\n<br \/><a href=\"https:\/\/francais.rt.com\/international\/131863-blackout-cuba-russie-prete-fournir-aide\" target=\"_blank\"\">Source link <\/a><\/p>\n","protected":false},"excerpt":{"rendered":"<p>Une panne g\u00e9n\u00e9ralis\u00e9e a priv\u00e9 Cuba d\u2019\u00e9lectricit\u00e9, cons\u00e9quence d\u2019un r\u00e9seau vieillissant et du manque de carburant li\u00e9 au blocus impos\u00e9 par le pr\u00e9sident am\u00e9ricain Donald Trump, qui a menac\u00e9 de&hellip; <\/p>\n","protected":false},"author":1,"featured_media":25402,"comment_status":"open","ping_status":"open","sticky":false,"template":"","format":"standard","meta":{"footnotes":""},"categories":[1],"tags":[],"class_list":["post-25401","post","type-post","status-publish","format-standard","has-post-thumbnail","hentry","category-non-classe"],"_links":{"self":[{"href":"https:\/\/monde25.info\/index.php\/wp-json\/wp\/v2\/posts\/25401","targetHints":{"allow":["GET"]}}],"collection":[{"href":"https:\/\/monde25.info\/index.php\/wp-json\/wp\/v2\/posts"}],"about":[{"href":"https:\/\/monde25.info\/index.php\/wp-json\/wp\/v2\/types\/post"}],"author":[{"embeddable":true,"href":"https:\/\/monde25.info\/index.php\/wp-json\/wp\/v2\/users\/1"}],"replies":[{"embeddable":true,"href":"https:\/\/monde25.info\/index.php\/wp-json\/wp\/v2\/comments?post=25401"}],"version-history":[{"count":0,"href":"https:\/\/monde25.info\/index.php\/wp-json\/wp\/v2\/posts\/25401\/revisions"}],"wp:featuredmedia":[{"embeddable":true,"href":"https:\/\/monde25.info\/index.php\/wp-json\/wp\/v2\/media\/25402"}],"wp:attachment":[{"href":"https:\/\/monde25.info\/index.php\/wp-json\/wp\/v2\/media?parent=25401"}],"wp:term":[{"taxonomy":"category","embeddable":true,"href":"https:\/\/monde25.info\/index.php\/wp-json\/wp\/v2\/categories?post=25401"},{"taxonomy":"post_tag","embeddable":true,"href":"https:\/\/monde25.info\/index.php\/wp-json\/wp\/v2\/tags?post=25401"}],"curies":[{"name":"wp","href":"https:\/\/api.w.org\/{rel}","templated":true}]}}