{"id":25481,"date":"2026-03-19T05:39:37","date_gmt":"2026-03-19T04:39:37","guid":{"rendered":"https:\/\/monde25.info\/index.php\/2026\/03\/19\/vladimir-poutine-salue-un-choix-immuable-inebranlable-rt-en-francais\/"},"modified":"2026-03-19T05:39:37","modified_gmt":"2026-03-19T04:39:37","slug":"vladimir-poutine-salue-un-choix-immuable-inebranlable-rt-en-francais","status":"publish","type":"post","link":"https:\/\/monde25.info\/index.php\/2026\/03\/19\/vladimir-poutine-salue-un-choix-immuable-inebranlable-rt-en-francais\/","title":{"rendered":"Vladimir Poutine salue un \u00abchoix immuable, in\u00e9branlable\u00bb \u2014 RT en fran\u00e7ais"},"content":{"rendered":"<p> <br \/>\n<br \/><img decoding=\"async\" src=\"https:\/\/mf.b37mrtl.ru\/french\/images\/2026.03\/thumbnail\/69bb02fd6f7ccc3e5b622ef5.jpg\" \/><\/p>\n<div>\n<p class=\"text__summary\">\n                                        Ce 18 mars, date de c\u00e9l\u00e9bration du rattachement de la Crim\u00e9e \u00e0 la Russie, \u00e0 la suite du r\u00e9f\u00e9rendum d\u2019autod\u00e9termination de 2014, le pr\u00e9sident russe a salu\u00e9 ceux qui ont pris part \u00e0 ce \u00abchoix d\u00e9cisif\u00bb. Il a fait de m\u00eame \u00e0 l\u2019\u00e9gard de ceux qui, aujourd&rsquo;hui, \u00abd\u00e9fendent\u00bb ce m\u00eame choix fait par le Donbass ainsi que les r\u00e9gions de Kherson et de Zaporoji\u00e9.\n                                    <\/p>\n<p>Douze ans apr\u00e8s le rattachement de la Crim\u00e9e \u00e0 la Russie, le pr\u00e9sident russe a f\u00e9licit\u00e9 ce 18 mars \u00ab\u00a0tous les citoyens du pays\u00a0\u00bb pour \u00ab\u00a0ce choix d\u00e9cisif\u00a0\u00bb.\u00a0\u00ab\u00a0C\u2019est un choix immuable, in\u00e9branlable, dict\u00e9 par le destin de notre Patrie et qui est devenu, sans exag\u00e9ration, l\u2019une des \u00e9tapes les plus importantes, voire d\u00e9terminantes, de son histoire mill\u00e9naire ; un symbole de l\u2019unit\u00e9, de la volont\u00e9 et de la coh\u00e9sion de notre peuple multiethnique dans son int\u00e9gralit\u00e9\u00a0\u00bb, a notamment ajout\u00e9 Vladimir Poutine.<\/p>\n<p>\u00ab\u00a0Un choix\u00a0\u00bb, a \u00e9galement soulign\u00e9 le chef d\u2019\u00c9tat russe, \u00ab\u00a0que font encore aujourd\u2019hui les habitants des R\u00e9publiques populaires de Donetsk et de Lougansk, ainsi que les r\u00e9gions de Kherson et de Zaporoji\u00e9, et pour lequel nos combattants, h\u00e9ros et participants \u00e0 l\u2019op\u00e9ration militaire sp\u00e9ciale se battent aujourd\u2019hui\u00a0\u00bb.<\/p>\n<p>Le 16 mars 2014, quelques semaines apr\u00e8s le coup d\u2019\u00c9tat du Ma\u00efdan, les habitants de Crim\u00e9e \u2013 alors r\u00e9publique autonome \u2013 s\u2019\u00e9taient rendus aux urnes afin de trancher entre deux options. La premi\u00e8re \u00e9tant \u00ab\u00a0le rattachement de la Crim\u00e9e \u00e0 la Russie avec les droits d&rsquo;un sujet de la F\u00e9d\u00e9ration de Russie\u00a0\u00bb et la seconde \u00e9tant \u00ab\u00a0la restauration de la Constitution de la R\u00e9publique de Crim\u00e9e de 1992 et pour le statut de la Crim\u00e9e comme partie de l&rsquo;Ukraine\u00a0\u00bb. La premi\u00e8re option l\u2019avait emport\u00e9e \u00e0 plus de 96%.<\/p>\n<p>Quelques jours plus t\u00f4t, le parlement de Crim\u00e9e\u00a0<a target=\"_blank\" href=\"https:\/\/www.24heures.ch\/moscou-soutiendra-le-choix-historique-de-la-crimee-394060018999\">avait demand\u00e9<\/a>\u00a0\u00e0 Moscou son rattachement \u00e0 la Russie, afin de revenir \u00e0 la situation d&rsquo;avant f\u00e9vrier 1954, lorsque Nikita Khrouchtchev, secr\u00e9taire g\u00e9n\u00e9ral du Parti communiste et d&rsquo;origine ukrainienne, avait d\u00e9tach\u00e9 l&rsquo;oblast de Crim\u00e9e de la R\u00e9publique socialiste f\u00e9d\u00e9rative sovi\u00e9tique de Russie pour l&rsquo;\u00ab\u00a0offrir\u00a0\u00bb \u00e0 la R\u00e9publique socialiste sovi\u00e9tique d&rsquo;Ukraine. Le 18 mars 2014, le retour de la Crim\u00e9e dans le giron russe a \u00e9t\u00e9 act\u00e9 par un accord sign\u00e9 entre Vladimir Poutine et les dirigeants de la p\u00e9ninsule.<\/p>\n<p>Fin septembre 2022, sept mois apr\u00e8s le lancement de l\u2019op\u00e9ration militaire sp\u00e9ciale, des r\u00e9f\u00e9rendums d\u2019autod\u00e9termination avaient \u00e9t\u00e9 organis\u00e9s dans les R\u00e9publiques populaires de Donetsk (RPD) et de Lougansk (RPL), ainsi que dans les r\u00e9gions de Zaporoji\u00e9 et de Kherson.<\/p>\n<p>Lors de ces pl\u00e9biscites, le \u00ab\u00a0oui\u00a0\u00bb \u00e0 un rattachement \u00e0 la Russie l\u2019avait massivement emport\u00e9 malgr\u00e9 les critiques occidentales, culminant \u00e0 99,23% dans la RPD et \u00e0 98,42% en RPL, qui avaient alors essuy\u00e9 plus de huit ans de conflit avec les forces de Kiev. Dans les r\u00e9gions de Zaporoji\u00e9 et de Kherson, le \u00ab\u00a0oui\u00a0\u00bb \u00e0 une sortie de l\u2019Ukraine et \u00e0 l\u2019int\u00e9gration dans la Russie l\u2019avait respectivement emport\u00e9 \u00e0 93,11% et 87,05%. Le 30 septembre, au Kremlin, Vladimir Poutine et les dirigeants des territoires concern\u00e9s avaient sign\u00e9 les accords actant leur entr\u00e9e dans la F\u00e9d\u00e9ration de Russie.<\/p>\n<\/div>\n<p><br \/>\n<br \/><a href=\"https:\/\/francais.rt.com\/russie\/131935-rattachement-crimee-donbass-russie-poutine\" target=\"_blank\"\">Source link <\/a><\/p>\n","protected":false},"excerpt":{"rendered":"<p>Ce 18 mars, date de c\u00e9l\u00e9bration du rattachement de la Crim\u00e9e \u00e0 la Russie, \u00e0 la suite du r\u00e9f\u00e9rendum d\u2019autod\u00e9termination de 2014, le pr\u00e9sident russe a salu\u00e9 ceux qui ont&hellip; <\/p>\n","protected":false},"author":1,"featured_media":25482,"comment_status":"open","ping_status":"open","sticky":false,"template":"","format":"standard","meta":{"footnotes":""},"categories":[1],"tags":[],"class_list":["post-25481","post","type-post","status-publish","format-standard","has-post-thumbnail","hentry","category-non-classe"],"_links":{"self":[{"href":"https:\/\/monde25.info\/index.php\/wp-json\/wp\/v2\/posts\/25481","targetHints":{"allow":["GET"]}}],"collection":[{"href":"https:\/\/monde25.info\/index.php\/wp-json\/wp\/v2\/posts"}],"about":[{"href":"https:\/\/monde25.info\/index.php\/wp-json\/wp\/v2\/types\/post"}],"author":[{"embeddable":true,"href":"https:\/\/monde25.info\/index.php\/wp-json\/wp\/v2\/users\/1"}],"replies":[{"embeddable":true,"href":"https:\/\/monde25.info\/index.php\/wp-json\/wp\/v2\/comments?post=25481"}],"version-history":[{"count":0,"href":"https:\/\/monde25.info\/index.php\/wp-json\/wp\/v2\/posts\/25481\/revisions"}],"wp:featuredmedia":[{"embeddable":true,"href":"https:\/\/monde25.info\/index.php\/wp-json\/wp\/v2\/media\/25482"}],"wp:attachment":[{"href":"https:\/\/monde25.info\/index.php\/wp-json\/wp\/v2\/media?parent=25481"}],"wp:term":[{"taxonomy":"category","embeddable":true,"href":"https:\/\/monde25.info\/index.php\/wp-json\/wp\/v2\/categories?post=25481"},{"taxonomy":"post_tag","embeddable":true,"href":"https:\/\/monde25.info\/index.php\/wp-json\/wp\/v2\/tags?post=25481"}],"curies":[{"name":"wp","href":"https:\/\/api.w.org\/{rel}","templated":true}]}}