{"id":25486,"date":"2026-03-19T08:58:08","date_gmt":"2026-03-19T07:58:08","guid":{"rendered":"https:\/\/monde25.info\/index.php\/2026\/03\/19\/trois-ans-deffacement-organise-des-femmes\/"},"modified":"2026-03-19T08:58:08","modified_gmt":"2026-03-19T07:58:08","slug":"trois-ans-deffacement-organise-des-femmes","status":"publish","type":"post","link":"https:\/\/monde25.info\/index.php\/2026\/03\/19\/trois-ans-deffacement-organise-des-femmes\/","title":{"rendered":"trois ans d\u2019effacement organis\u00e9 des femmes"},"content":{"rendered":"<p> <br \/>\n<\/p>\n<div>\n<h4><strong>En trois ans, les talibans ont m\u00e9thodiquement vid\u00e9 de leur substance les droits des Afghanes, jusqu\u2019\u00e0 organiser leur effacement du syst\u00e8me \u00e9ducatif \u00e0 l\u2019\u00e9chelle nationale.<\/strong><\/h4>\n<p><span style=\"font-weight: 400;\">Mr Mondialisation \u00e9crivait d\u00e9j\u00e0 en <a target=\"_blank\" href=\"https:\/\/mrmondialisation.org\/afghanistan-femme\/\" target=\"_blank\" rel=\"noopener\">2023<\/a> puis en <a target=\"_blank\" href=\"https:\/\/mrmondialisation.org\/kaboul-talibans-femmes-afghanistan-2025\/\" target=\"_blank\" rel=\"noopener\">2025<\/a> sur la situation des femmes afghanes. Depuis <a target=\"_blank\" href=\"https:\/\/www.sciencespo.fr\/students\/fr\/evenements\/prise-de-kaboul-par-les-talibans-en-2021-temoignage-d-un-ambassadeur\/\" target=\"_blank\" rel=\"noopener\">la prise de Kaboul<\/a> par les talibans en ao\u00fbt 2021, l\u2019Afghanistan est devenu<strong> le seul pays au monde o\u00f9 l\u2019<a target=\"_blank\" href=\"https:\/\/www.unesco.org\/en\/articles\/unesco-and-unicef-urge-action-protect-right-education-afghanistan\" target=\"_blank\" rel=\"noopener\">exclusion des femmes de l\u2019\u00e9ducation secondaire et universitaire<\/a> est appliqu\u00e9e \u00e0 l\u2019\u00e9chelle nationale. <\/strong><\/span><\/p>\n<p>Les restrictions impos\u00e9es ne concernent pas un domaine isol\u00e9. <strong>Elles touchent simultan\u00e9ment l\u2019acc\u00e8s \u00e0 l\u2019instruction, \u00e0 l\u2019emploi, \u00e0 l\u2019espace public, \u00e0 la participation civique et aux services de sant\u00e9.<\/strong><\/p>\n<h2><strong>Une vie sous tutelle<\/strong><\/h2>\n<p><span style=\"font-weight: 400;\">Dans son<\/span><a target=\"_blank\" href=\"https:\/\/www.hrw.org\/world-report\/2024\/country-chapters\/afghanistan\" target=\"_blank\" rel=\"noopener\"> <b>World Report 2024<\/b><\/a><span style=\"font-weight: 400;\">, <\/span><b>Human Rights Watch<\/b><span style=\"font-weight: 400;\"> affirme que les talibans ont <em>\u00ab d\u00e9mantel\u00e9 de mani\u00e8re syst\u00e9matique les droits des femmes et des filles depuis leur prise de pouvoir en ao\u00fbt 2021 \u00bb<\/em>. L\u2019organisation d\u00e9taille la fermeture des \u00e9coles secondaires pour les filles, l\u2019exclusion des universit\u00e9s, <strong>l\u2019interdiction de nombreux emplois et la restriction de la libert\u00e9 de mouvement. Vous avez bien lu.<br \/><\/strong><\/span><\/p>\n<blockquote>\n<p><strong>\u00ab Les principales organisations internationales convergent : il s\u2019agit d\u2019un d\u00e9mant\u00e8lement syst\u00e9matique, structur\u00e9 et durable des droits fondamentaux des femmes. \u00bb<\/strong><\/p>\n<\/blockquote>\n<p><span style=\"font-weight: 400;\">Comprendre : dans la pratique,<strong> les femmes sont r\u00e9duites au silence et \u00e0 l\u2019invisibilit\u00e9, <\/strong>plac\u00e9es sous la tutelle d\u2019un homme \u2013 leur mari le plus souvent \u2013 et d\u00e9pendantes de son autorit\u00e9 pour \u00e9tudier, travailler, se d\u00e9placer ou consulter un m\u00e9decin. Il ne s\u2019agit pas d\u2019un encha\u00eenement d\u2019interdictions isol\u00e9es, mais d\u2019<strong>un recul cumulatif et organis\u00e9, pens\u00e9 pour durer.<br \/><\/strong><\/span><\/p>\n<p><iframe loading=\"lazy\" title=\"Le 15 ao\u00fbt 2021, les talibans prenaient le contr\u00f4le de Kaboul\" width=\"1110\" height=\"624\" src=\"https:\/\/www.youtube.com\/embed\/fdS938rM1yY?feature=oembed\" frameborder=\"0\" allow=\"accelerometer; autoplay; clipboard-write; encrypted-media; gyroscope; picture-in-picture; web-share\" referrerpolicy=\"strict-origin-when-cross-origin\" allowfullscreen><\/iframe><\/p>\n<h2><strong style=\"color: #111111; font-family: Roboto, sans-serif; font-size: 27px;\">\u00c9ducation : une interdiction nationale sans pr\u00e9c\u00e9dent<\/strong><\/h2>\n<p><span style=\"font-weight: 400;\">Comme bien souvent dans l\u2019Histoire, <strong>tout commence avec l\u2019\u00e9ducation : le 23 mars 2022, les autorit\u00e9s talibanes ont <a target=\"_blank\" href=\"https:\/\/www.ei-ie.org\/en\/item\/26374%3Aafghanistan-the-taliban-regime-denies-girls-right-to-education\" target=\"_blank\" rel=\"noopener\">emp\u00each\u00e9 la r\u00e9ouverture des \u00e9coles secondaires pour les filles<\/a>.<\/strong> En d\u00e9cembre 2022, elles ont interdit l\u2019<a target=\"_blank\" href=\"https:\/\/www.aljazeera.com\/news\/2022\/12\/20\/taliban-says-women-banned-from-universities-in-afghanistan\" target=\"_blank\" rel=\"noopener\">acc\u00e8s des femmes aux universit\u00e9s<\/a>. L<\/span><span class=\"hover:entity-accent entity-underline inline cursor-pointer align-baseline\"><span class=\"whitespace-normal\">ors de son discours \u00e0 l\u2019ONU prononc\u00e9 quelques mois apr\u00e8s sa tentative d\u2019assassinat par les Talibans au Pakistan pour avoir d\u00e9fendu publiquement le droit des filles \u00e0 l\u2019\u00e9ducation, Malala Yousafzai d\u00e9clare :<\/span><\/span><\/p>\n<blockquote>\n<p><strong>\u00ab Nous ne pourrons pas r\u00e9ussir quand la moiti\u00e9 d\u2019entre nous sera frein\u00e9e. \u00bb<\/strong><\/p>\n<\/blockquote>\n<p><span style=\"font-weight: 400;\">Selon l\u2019<\/span><a target=\"_blank\" href=\"https:\/\/www.unesco.org\/en\/articles\/afghanistan-14-million-girls-still-banned-school-de-facto-authorities\"><b>UNESCO<\/b><\/a><span style=\"font-weight: 400;\">, <em>\u00ab l\u2019Afghanistan est actuellement le seul pays au monde qui interdit aux filles l\u2019acc\u00e8s \u00e0 l\u2019enseignement secondaire \u00bb<\/em>. L\u2019organisation pr\u00e9cise que <\/span><b>1,4 million de filles<\/b><span style=\"font-weight: 400;\"><strong> sont priv\u00e9es d\u2019\u00e9ducation secondaire<\/strong> en raison de cette interdiction nationale.<\/span><\/p>\n<p><span style=\"font-weight: 400;\">Le <\/span><a target=\"_blank\" href=\"https:\/\/www.unwomen.org\/en\/digital-library\/publications\/2025\/06\/afghanistan-gender-index-2024\"><b>Gender Index Afghanistan 2024<\/b><\/a><span style=\"font-weight: 400;\"> publi\u00e9 par <\/span><b>ONU Femmes<\/b><span style=\"font-weight: 400;\"> confirme que, sans surprise, l\u2019Afghanistan se classe dernier au monde en mati\u00e8re d\u2019\u00e9galit\u00e9 de genre.<br \/><\/span><strong>L\u2019<\/strong><b>exclusion \u00e9ducative compromet la formation d\u2019une g\u00e9n\u00e9ration enti\u00e8re de professionnelles<\/b><span style=\"font-weight: 400;\">, notamment dans les secteurs de la sant\u00e9 et de l\u2019enseignement, d\u00e9j\u00e0 fragilis\u00e9s.<br \/><\/span><\/p>\n<p><iframe loading=\"lazy\" title=\"Taliban bans women from universities in Afghanistan | Al Jazeera Newsfeed\" width=\"1110\" height=\"833\" src=\"https:\/\/www.youtube.com\/embed\/WOWokmHaAxs?feature=oembed\" frameborder=\"0\" allow=\"accelerometer; autoplay; clipboard-write; encrypted-media; gyroscope; picture-in-picture; web-share\" referrerpolicy=\"strict-origin-when-cross-origin\" allowfullscreen><\/iframe><\/p>\n<h2><strong style=\"color: #111111; font-family: Roboto, sans-serif; font-size: 27px;\">Une discrimination institutionnalis\u00e9e et qualifi\u00e9e au niveau international<\/strong><\/h2>\n<p>Depuis la prise de pouvoir des talibans en 2021, <strong>l\u2019Afghanistan est devenu le th\u00e9\u00e2tre d\u2019un d\u00e9mant\u00e8lement m\u00e9thodique des droits des femmes.<\/strong><\/p>\n<p><span style=\"font-weight: 400;\">Concr\u00e8tement, en 3 ans, ils ont interdit aux filles l\u2019\u00e9cole secondaire, <strong>oblig\u00e9 les femmes \u00e0 se couvrir tout le corps sauf les yeux, <\/strong>leur ont <strong>interdit l\u2019acc\u00e8s aux espaces publics, universit\u00e9s et ONG, <\/strong>ferm\u00e9 tous les salons de beaut\u00e9 jusqu\u2019\u00e0\u2026 Et ce recul va encore plus loin : depuis janvier 2026, <strong>le code p\u00e9nal l\u00e9galise le droit des maris \u00e0 frapper leur femme<\/strong> et elles devront d\u00e9sormais faire<strong> la demande d\u2019une autorisation pour voir leur famille r\u00e9guli\u00e8rement<\/strong>\u00a0rapporte l\u2019<a target=\"_blank\" href=\"https:\/\/www.brut.media\/fr\/articles\/france\/politique\/afghanistan-la-loi-autorise-les-violences-conjugales\" target=\"_blank\" rel=\"noopener\">ONG Rawadari<\/a>.<\/span><\/p>\n<h3><strong>Les femmes rendues invisibles<\/strong><\/h3>\n<p>Le Rapporteur sp\u00e9cial des Nations unies sur la situation des droits humains en Afghanistan, Richard Bennett, le documente sans ambigu\u00eft\u00e9 dans son rapport <a target=\"_blank\" href=\"https:\/\/docs.un.org\/en\/A\/HRC\/56\/25\" target=\"_blank\" rel=\"noopener\">A\/HRC\/56\/25<\/a>, publi\u00e9 par le Haut-Commissariat des Nations unies aux droits de l\u2019homme. Il y d\u00e9crit <strong>un syst\u00e8me institutionnalis\u00e9 de discrimination, de s\u00e9gr\u00e9gation et d\u2019exclusion visant explicitement les femmes et les filles.<\/strong> Selon <em><a target=\"_blank\" href=\"https:\/\/apnews.com\/article\/un-afghanistan-taliban-women-rights-justice-law-6f355f5fe3c226bbd683e6d014cfa366\" target=\"_blank\" rel=\"noopener\">APNews<\/a> [traduit par Mr Mondialisation]<\/em> :<\/p>\n<div class=\"td-a-rec td-a-rec-id-content_inline  tdi_1 td_block_template_1\">\n<center><a target=\"_blank\" href=\"https:\/\/fr.tipeee.com\/mr-mondialisation\" class=\"tipeee-project-small\">Je m&rsquo;abonne \u00e0 Mr Mondialisation<\/a>&#13;<br \/>\n<\/center>&amp;nbsp<\/div>\n<blockquote>\n<p><strong>\u00ab Aujourd\u2019hui, il n\u2019y a ni femmes juges ni procureures ni avocates officiellement enregistr\u00e9es, ce qui prive les femmes et les filles de moyens s\u00fbrs pour signaler des abus ou obtenir r\u00e9paration. \u00bb<\/strong><\/p>\n<\/blockquote>\n<p>Les d\u00e9crets se sont accumul\u00e9s : <strong>interdiction d\u2019acc\u00e8s \u00e0 l\u2019enseignement secondaire et universitaire, exclusion de nombreux emplois, fermeture des parcs publics et des salles de sport, restrictions drastiques de libert\u00e9 de mouvement.<\/strong> Ce ne sont pas des mesures isol\u00e9es, c\u2019est une politique coh\u00e9rente d\u2019effacement.<\/p>\n<h3><strong>La notion d\u2019apartheid de genre<\/strong><\/h3>\n<p>En juillet 2023, plusieurs experts ind\u00e9pendants des Nations unies ont franchi un cap en estimant que le traitement r\u00e9serv\u00e9 aux femmes en Afghanistan pourrait constituer un<em> <a target=\"_blank\" href=\"https:\/\/www.ohchr.org\/en\/stories\/2023\/07\/experts-taliban-treatment-women-may-be-gender-apartheid\" target=\"_blank\" rel=\"noopener\"><strong>\u00ab<\/strong> <strong>apartheid de genre \u00bb<\/strong><\/a><\/em>, dans une communication rendue publique par le Haut-Commissariat aux droits de l\u2019homme. Ils \u00e9voquent <strong>une discrimination institutionnalis\u00e9e \u00e0 un niveau sans pr\u00e9c\u00e9dent.<\/strong><\/p>\n<p>Le terme est lourd de sens. Il sugg\u00e8re que l\u2019<strong>on ne parle plus seulement de violations ponctuelles, mais d\u2019un r\u00e9gime structur\u00e9 d\u2019exclusion fond\u00e9 sur le sexe \u2013<\/strong> bien que les femmes sont assign\u00e9es \u00e0 un r\u00f4le genr\u00e9, elles sont cibl\u00e9es parce qu\u2019elles sont n\u00e9es femmes, en raison de leur sexe. Autrement dit : <strong>un syst\u00e8me organis\u00e9 pour priver durablement la moiti\u00e9 de la population de ses droits fondamentaux.<\/strong><\/p>\n<figure id=\"attachment_1585933\" aria-describedby=\"caption-attachment-1585933\" style=\"width: 1024px\" class=\"wp-caption aligncenter\"><img fetchpriority=\"high\" decoding=\"async\" class=\"wp-image-1585933\" src=\"https:\/\/mrmondialisation.org\/wp-content\/uploads\/2026\/03\/36-afghanistan-19-03-2026.jpg\" alt=\"\" width=\"1024\" height=\"688\" srcset=\"https:\/\/mrmondialisation.org\/wp-content\/uploads\/2026\/03\/36-afghanistan-19-03-2026.jpg 859w, https:\/\/mrmondialisation.org\/wp-content\/uploads\/2026\/03\/36-afghanistan-19-03-2026-768x516.jpg 768w, https:\/\/mrmondialisation.org\/wp-content\/uploads\/2026\/03\/36-afghanistan-19-03-2026-696x468.jpg 696w, https:\/\/mrmondialisation.org\/wp-content\/uploads\/2026\/03\/36-afghanistan-19-03-2026-625x420.jpg 625w\" sizes=\"(max-width: 1024px) 100vw, 1024px\"\/><figcaption id=\"caption-attachment-1585933\" class=\"wp-caption-text\">Jeunes filles faisant la lecture (2007) \u2013 <a target=\"_blank\" href=\"https:\/\/commons.wikimedia.org\/wiki\/File:Afghanistan_05.jpg\" target=\"_blank\" rel=\"noopener\">WikimediaCommons<\/a><\/figcaption><\/figure>\n<h2><strong>Exclusion \u00e9conomique : la d\u00e9pendance comme cons\u00e9quence directe<\/strong><\/h2>\n<p><span style=\"font-weight: 400;\">En d\u00e9cembre 2022,<strong> les talibans ont interdit aux femmes de travailler dans les ONG nationales et internationales,<\/strong> une d\u00e9cision qui a eu un impact imm\u00e9diat sur l\u2019aide humanitaire et sur les revenus des m\u00e9nages.<\/span><\/p>\n<p>Pourtant, <em>\u00ab le constat est implacable : <strong>la moiti\u00e9 de la population afghane d\u00e9pend d\u00e9sormais de l\u2019aide humanitaire. Un Afghan sur cinq souffre de la faim. Environ 3,5 millions d\u2019enfants sont en situation de malnutrition aigu\u00eb. Et plus de deux millions de filles sont priv\u00e9es d\u2019\u00e9cole au-del\u00e0 de 11 ans,<\/strong> en raison des interdictions impos\u00e9es par les autorit\u00e9s talibanes.\u00bb<\/em>, d\u00e9crit l\u2019ONU \u00e0 l\u2019\u00e9t\u00e9 2025, en parall\u00e8le de l\u2019apartheid de genre.<\/p>\n<p><span style=\"font-weight: 400;\">Dans son rapport<\/span><a target=\"_blank\" href=\"https:\/\/www.undp.org\/afghanistan\/publications\/afghanistan-socio-economic-outlook-2023\" target=\"_blank\" rel=\"noopener\"> <b>Afghanistan Socio-Economic Outlook 2023<\/b><\/a><span style=\"font-weight: 400;\">, le <\/span>Programme des Nations unies pour le d\u00e9veloppement (PNUD)<span style=\"font-weight: 400;\"> indique que<strong> plus de<\/strong> <strong>90 % des m\u00e9nages afghans font face \u00e0 des vuln\u00e9rabilit\u00e9s \u00e9conomiques s\u00e9v\u00e8res.<\/strong> <\/span><span style=\"font-weight: 400;\">Le rapport souligne que la contraction \u00e9conomique, combin\u00e9e \u00e0 <strong>la r\u00e9duction de la participation des femmes au march\u00e9 du travail, affaiblit la r\u00e9silience des foyers.<\/strong><\/span><\/p>\n<p><span style=\"font-weight: 400;\">La Mission d\u2019assistance des Nations unies en Afghanistan a d\u00e9clar\u00e9, dans une<\/span><a target=\"_blank\" href=\"https:\/\/unama.unmissions.org\/statement-un-afghanistan-de-facto-authorities%E2%80%99-decision-ban-afghan-women-working-un\" target=\"_blank\" rel=\"noopener\"> <b>communication officielle d\u2019UNAMA<\/b><\/a><span style=\"font-weight: 400;\">, que <strong>l\u2019interdiction faite aux Afghanes de travailler pour l\u2019ONU <em>\u00ab viole les principes fondamentaux des Nations unies \u00bb<\/em>.<\/strong><\/span><\/p>\n<h2><strong>Restrictions de mobilit\u00e9 et r\u00e9pression des voix dissidentes<\/strong><\/h2>\n<p><span style=\"font-weight: 400;\">Le rapport annuel d\u2019<\/span><a target=\"_blank\" href=\"https:\/\/www.amnesty.org\/en\/location\/asia-and-the-pacific\/south-asia\/afghanistan\/report-afghanistan\/?utm_source=chatgpt.com\" target=\"_blank\" rel=\"noopener\"><b>Amnesty International<\/b><\/a><span style=\"font-weight: 400;\"> documente des <strong>arrestations arbitraires, des disparitions forc\u00e9es et des actes d\u2019intimidation<\/strong> visant des femmes ayant manifest\u00e9 contre les interdictions. <\/span><\/p>\n<p><span style=\"font-weight: 400;\">Les rapports publi\u00e9s par <\/span>UNAMA<span style=\"font-weight: 400;\"> d\u00e9crivent l\u2019accumulation de <strong>d\u00e9crets restreignant la libert\u00e9 de mouvement des femmes, notamment l\u2019obligation d\u2019\u00eatre accompagn\u00e9es d\u2019un proche masculin dans certaines situations, qui sont de plus en plus nombreuses.<\/strong> Une\u00a0limitation des d\u00e9placements a des cons\u00e9quences directes sur l\u2019acc\u00e8s \u00e0 l\u2019\u00e9ducation, aux soins et \u00e0 l\u2019emploi.<\/span><\/p>\n<h2><strong>Sant\u00e9 reproductive : un champ de restriction suppl\u00e9mentaire<\/strong><\/h2>\n<article class=\"text-token-text-primary w-full focus:outline-none [--shadow-height:45px] has-data-writing-block:pointer-events-none has-data-writing-block:-mt-(--shadow-height) has-data-writing-block:pt-(--shadow-height) [&amp;:has([data-writing-block])&gt;*]:pointer-events-auto scroll-mt-[calc(var(--header-height)+min(200px,max(70px,20svh)))]\" dir=\"auto\" tabindex=\"-1\" data-turn-id=\"e2b3019c-9983-4323-a9fc-ce94fee2de14\" data-testid=\"conversation-turn-30\" data-scroll-anchor=\"true\" data-turn=\"assistant\">\n<div class=\"text-base my-auto mx-auto pb-10 [--thread-content-margin:--spacing(4)] @w-sm\/main:[--thread-content-margin:--spacing(6)] @w-lg\/main:[--thread-content-margin:--spacing(16)] px-(--thread-content-margin)\">\n<div class=\"[--thread-content-max-width:40rem] @w-lg\/main:[--thread-content-max-width:48rem] mx-auto max-w-(--thread-content-max-width) flex-1 group\/turn-messages focus-visible:outline-hidden relative flex w-full min-w-0 flex-col agent-turn\" tabindex=\"-1\">\n<div class=\"flex max-w-full flex-col grow\">\n<div class=\"min-h-8 text-message relative flex w-full flex-col items-end gap-2 text-start break-words whitespace-normal [.text-message+&amp;]:mt-1\" dir=\"auto\" data-message-author-role=\"assistant\" data-message-id=\"9177a9da-87bd-4f14-868e-f6c3d27d1c4f\" data-message-model-slug=\"gpt-5-2\">\n<div class=\"flex w-full flex-col gap-1 empty:hidden first:pt-[1px]\">\n<div class=\"markdown prose dark:prose-invert w-full wrap-break-word light markdown-new-styling\">\n<p data-start=\"68\" data-end=\"201\">D\u00e9sormais, <strong>le propre corps des femmes est un champs de bataille politique,<\/strong> sur le plan de l\u2019acc\u00e8s aux soins. Apr\u00e8s qu\u2019elles soient <a target=\"_blank\" href=\"https:\/\/www.courrierinternational.com\/article\/reportage-en-afghanistan-les-femmes-sont-volontairement-oubliees-sous-les-decombres_234864\" target=\"_blank\" rel=\"noopener\">volontairement laiss\u00e9es sous des d\u00e9combres<\/a>, <strong>on leur interdit d\u00e9sormais l\u2019acc\u00e8s \u00e0 la contraception,<\/strong> entre autres.<\/p>\n<p data-start=\"203\" data-end=\"618\">En janvier 2026, <a target=\"_blank\" href=\"https:\/\/www-theguardian-com.translate.goog\/global-development\/2026\/jan\/29\/afghanistan-taliban-women-birth-control-contraceptive-ban-lethal-pregnancies-miscarriages-violence?_x_tr_sl=auto&amp;_x_tr_tl=fr&amp;_x_tr_hl=fr\" target=\"_blank\" rel=\"noopener\">une enqu\u00eate du journal britannique <span class=\"hover:entity-accent entity-underline inline cursor-pointer align-baseline\"><span class=\"whitespace-normal\"><em>The Guardian<\/em><\/span><\/span><\/a> r\u00e9v\u00e8le que <strong>des centres de sant\u00e9, dans plusieurs provinces afghanes, ont cess\u00e9 de distribuer des contraceptifs.<\/strong> Officiellement, il s\u2019agirait de <em>\u00ab r\u00e9organisations \u00bb<\/em> ou de <em>\u00ab contraintes logistiques \u00bb<\/em>. Officieusement, les t\u00e9moignages convergent : <strong data-start=\"536\" data-end=\"617\">l\u2019acc\u00e8s \u00e0 la contraception est devenu politiquement sensible, voire d\u00e9courag\u00e9<\/strong>.<\/p>\n<p data-start=\"620\" data-end=\"937\">Cette restriction intervient dans un contexte o\u00f9 les femmes sont d\u00e9j\u00e0 priv\u00e9es d\u2019\u00e9ducation sexuelle, d\u2019acc\u00e8s libre aux soins et de mobilit\u00e9 autonome vers les structures m\u00e9dicales. <strong data-start=\"799\" data-end=\"937\">Limiter la contraception dans un tel environnement ne rel\u00e8ve pas d\u2019un simple dysfonctionnement sanitaire. C\u2019est un levier de contr\u00f4le.<\/strong><\/p>\n<p><iframe loading=\"lazy\" title=\"The Last Torch: The sisters defying the Taliban by singing - 100 Women, BBC World Service\" width=\"1110\" height=\"624\" src=\"https:\/\/www.youtube.com\/embed\/q64ef2t0fxw?feature=oembed\" frameborder=\"0\" allow=\"accelerometer; autoplay; clipboard-write; encrypted-media; gyroscope; picture-in-picture; web-share\" referrerpolicy=\"strict-origin-when-cross-origin\" allowfullscreen><\/iframe><\/p>\n<h2 data-start=\"620\" data-end=\"937\"><strong>Toujours plus loin dans le contr\u00f4le<\/strong><\/h2>\n<p data-start=\"422\" data-end=\"843\">Le m\u00e9dia ind\u00e9pendant <em><a target=\"_blank\" href=\"https:\/\/zantimes-com.translate.goog\/2026\/01\/29\/taliban-birth-control-ban-women-broken-by-lethal-pregnancies-and-untreated-miscarriages\/?_x_tr_sl=auto&amp;_x_tr_tl=fr&amp;_x_tr_hl=fr\" target=\"_blank\" rel=\"noopener\"><span class=\"hover:entity-accent entity-underline inline cursor-pointer align-baseline\"><span class=\"whitespace-normal\">Zan Times<\/span><\/span><\/a><\/em> d\u00e9crit un contexte beaucoup plus large : <strong>des centres de sant\u00e9 qui ne distribuent plus de contraceptifs, des soignants contraints au silence, des femmes incapables de consulter sans accompagnateur masculin et des fausses couches laiss\u00e9es sans suivi m\u00e9dical.<\/strong><\/p>\n<p data-start=\"845\" data-end=\"1246\">Le reportage d\u00e9taille des <strong>grossesses rapproch\u00e9es impos\u00e9es, des complications obst\u00e9tricales non trait\u00e9es et une peur constante d\u2019\u00eatre sanctionn\u00e9e pour avoir simplement cherch\u00e9 \u00e0 limiter le nombre d\u2019enfants.<\/strong> Certaines femmes interrog\u00e9es expliquent qu\u2019elles n\u2019ont plus acc\u00e8s ni \u00e0 l\u2019information, <strong>ni aux m\u00e9thodes de planification familiale, ni \u00e0 des soins d\u2019urgence en cas d\u2019h\u00e9morragie ou de fausse couche. <\/strong>Elles sont m\u00eames<strong> condamn\u00e9es \u00e0 garder un b\u00e9b\u00e9 mort dans le ventre,<\/strong> avec une issue qui peut \u00eatre fatale.<\/p>\n<blockquote>\n<p data-start=\"1248\" data-end=\"1555\"><strong>\u00ab La maternit\u00e9 cesse alors d\u2019\u00eatre un choix. Elle devient une obligation biologique dans un environnement o\u00f9 chaque grossesse suppl\u00e9mentaire augmente le risque vital. \u00bb<\/strong><\/p>\n<\/blockquote>\n<p data-start=\"1557\" data-end=\"1788\">Dans un pays o\u00f9 <a target=\"_blank\" href=\"https:\/\/www.who.int\/countries\/afg\" target=\"_blank\" rel=\"noopener\">la mortalit\u00e9 maternelle figure d\u00e9j\u00e0 parmi les plus \u00e9lev\u00e9es au monde<\/a> selon l\u2019<span class=\"hover:entity-accent entity-underline inline cursor-pointer align-baseline\"><span class=\"whitespace-normal\">Organisation mondiale de la sant\u00e9<\/span><\/span>, <strong>ce verrouillage de la sant\u00e9 reproductive transforme une vuln\u00e9rabilit\u00e9 sanitaire en crise syst\u00e9mique.<\/strong><\/p>\n<p data-start=\"1557\" data-end=\"1788\">L\u2019OMS rappelle que <strong data-start=\"1572\" data-end=\"1768\">la continuit\u00e9 des services de sant\u00e9 maternelle, <\/strong>suivi pr\u00e9natal, assistance qualifi\u00e9e \u00e0 l\u2019accouchement, acc\u00e8s \u00e0 la planification familiale<strong data-start=\"1572\" data-end=\"1768\"> est indispensable pour pr\u00e9venir des d\u00e9c\u00e8s \u00e9vitables<\/strong>.<\/p>\n<\/div>\n<\/div>\n<\/div>\n<\/div>\n<\/div>\n<\/div>\n<\/article>\n<h2><strong>Vers une qualification de pers\u00e9cution fond\u00e9e sur le genre\u2026<\/strong><\/h2>\n<p><span style=\"font-weight: 400;\">Au-del\u00e0 de la notion d\u2019\u00ab <a target=\"_blank\" href=\"https:\/\/www.pgaction.org\/fr\/ilhr\/rome-statute\/gender-apartheid.html#:~:text=L'apartheid%20de%20genre%20est,ce%20groupe%20de%20la%20vie\">apartheid de genre<\/a> \u00bb, plusieurs experts estiment que la situation pourrait relever du droit p\u00e9nal international.\u00a0<\/span><\/p>\n<p><span style=\"font-weight: 400;\">Dans son rapport A\/HRC\/54\/53, publi\u00e9 par le<\/span><a target=\"_blank\" href=\"https:\/\/www.ohchr.org\/en\/documents\/country-reports\/ahrc5453-situation-human-rights-afghanistan-report-special\" target=\"_blank\" rel=\"noopener\"> <span style=\"font-weight: 400;\">Haut-Commissariat des Nations unies aux droits de l\u2019homme<\/span><\/a><span style=\"font-weight: 400;\">, le Rapporteur sp\u00e9cial Richard Bennett indique que les actes commis \u00e0 l\u2019encontre des femmes et des filles pourraient constituer une pers\u00e9cution fond\u00e9e sur le genre, notion reconnue par le <strong>Statut de Rome de la Cour p\u00e9nale internationale.<\/strong><\/span><\/p>\n<h2><strong>\u2026 \u00c0 une qualification de \u00ab crime contre l\u2019humanit\u00e9 \u00bb<\/strong><\/h2>\n<p><span style=\"font-weight: 400;\">Le rapport souligne que la privation syst\u00e9matique d\u2019acc\u00e8s \u00e0 l\u2019\u00e9ducation, au travail et \u00e0 la libert\u00e9 de mouvement, lorsqu\u2019elle est appliqu\u00e9e de mani\u00e8re g\u00e9n\u00e9ralis\u00e9e et intentionnelle contre un groupe identifi\u00e9, <strong>peut relever de la qualification de crime contre l\u2019humanit\u00e9 si les crit\u00e8res juridiques sont remplis.<\/strong><\/span><\/p>\n<p><span style=\"font-weight: 400;\">Cette analyse s\u2019inscrit dans un d\u00e9bat plus large au sein des instances internationales. Dans des discussions rapport\u00e9es par le<\/span><a target=\"_blank\" href=\"https:\/\/www.ohchr.org\/en\/stories\/2023\/07\/experts-taliban-treatment-women-may-be-gender-apartheid\" target=\"_blank\" rel=\"noopener\"> <span style=\"font-weight: 400;\">Haut-Commissariat des Nations unies aux droits de l\u2019homme<\/span><\/a><span style=\"font-weight: 400;\">, des experts ont rappel\u00e9 que<strong> la discrimination syst\u00e9matique peut, dans certaines circonstances, franchir le seuil de la pers\u00e9cution internationale.<\/strong><\/span><\/p>\n<p><span style=\"font-weight: 400;\">Le d\u00e9bat juridique ne signifie pas qu\u2019une qualification d\u00e9finitive est act\u00e9e, mais il traduit la gravit\u00e9 exceptionnelle de la situation. La question n\u2019est plus seulement celle d\u2019un recul des droits : <strong>elle porte sur la possibilit\u00e9 qu\u2019un syst\u00e8me \u00e9tatique soit organis\u00e9 autour de la privation structur\u00e9e des droits fondamentaux d\u2019un groupe en raison de son genre \u2013 ce que le droit international utilise pour viser des violences qui, <\/strong>dans ce cas pr\u00e9cis, <strong>reposent sur le sexe f\u00e9minin.<\/strong><\/span><\/p>\n<p style=\"text-align: right;\"><em>\u2013 <strong>Mauricette Baelen<\/strong><\/em><\/p>\n<hr\/>\n<p>Photo de couverture : <span style=\"font-weight: 400;\">\u00a9<a target=\"_blank\" href=\"https:\/\/fr.wikipedia.org\/wiki\/Condition_des_femmes_en_Afghanistan#\/media\/Fichier:Women_in_burqa_with_their_children_in_Herat,_Afghanistan.jpg\" target=\"_blank\" rel=\"noopener\">Wikipedia<\/a><\/span><\/p>\n<div class=\"td-a-rec td-a-rec-id-content_bottom  tdi_2 td_block_template_1\">\n<span class=\"td-adspot-title\">&#8211; Cet article gratuit, ind\u00e9pendant et sans IA existe gr\u00e2ce aux abonn\u00e9s &#8211;<\/span><\/p>\n<div class=\"td-all-devices\">\n    <a target=\"_blank\" href=\"https:\/\/mrmondialisation.org\/donation\/\" title=\"Faire_un_don\"><img decoding=\"async\" class=\"donationArticle\" src=\"https:\/\/mrmondialisation.org\/wp-content\/uploads\/2022\/12\/220405-flikalicious-final.jpg\" alt=\"Donation\"\/><\/a>\n<\/div>\n<\/div><\/div>\n<p><br \/>\n<br \/><a href=\"https:\/\/mrmondialisation.org\/afghanistan-trois-ans-effacement-organise-femmes\/\" target=\"_blank\"\">Source link <\/a><\/p>\n","protected":false},"excerpt":{"rendered":"<p>En trois ans, les talibans ont m\u00e9thodiquement vid\u00e9 de leur substance les droits des Afghanes, jusqu\u2019\u00e0 organiser leur effacement du syst\u00e8me \u00e9ducatif \u00e0 l\u2019\u00e9chelle nationale. Mr Mondialisation \u00e9crivait d\u00e9j\u00e0 en&hellip; <\/p>\n","protected":false},"author":1,"featured_media":25487,"comment_status":"open","ping_status":"open","sticky":false,"template":"","format":"standard","meta":{"footnotes":""},"categories":[1],"tags":[],"class_list":["post-25486","post","type-post","status-publish","format-standard","has-post-thumbnail","hentry","category-non-classe"],"_links":{"self":[{"href":"https:\/\/monde25.info\/index.php\/wp-json\/wp\/v2\/posts\/25486","targetHints":{"allow":["GET"]}}],"collection":[{"href":"https:\/\/monde25.info\/index.php\/wp-json\/wp\/v2\/posts"}],"about":[{"href":"https:\/\/monde25.info\/index.php\/wp-json\/wp\/v2\/types\/post"}],"author":[{"embeddable":true,"href":"https:\/\/monde25.info\/index.php\/wp-json\/wp\/v2\/users\/1"}],"replies":[{"embeddable":true,"href":"https:\/\/monde25.info\/index.php\/wp-json\/wp\/v2\/comments?post=25486"}],"version-history":[{"count":0,"href":"https:\/\/monde25.info\/index.php\/wp-json\/wp\/v2\/posts\/25486\/revisions"}],"wp:featuredmedia":[{"embeddable":true,"href":"https:\/\/monde25.info\/index.php\/wp-json\/wp\/v2\/media\/25487"}],"wp:attachment":[{"href":"https:\/\/monde25.info\/index.php\/wp-json\/wp\/v2\/media?parent=25486"}],"wp:term":[{"taxonomy":"category","embeddable":true,"href":"https:\/\/monde25.info\/index.php\/wp-json\/wp\/v2\/categories?post=25486"},{"taxonomy":"post_tag","embeddable":true,"href":"https:\/\/monde25.info\/index.php\/wp-json\/wp\/v2\/tags?post=25486"}],"curies":[{"name":"wp","href":"https:\/\/api.w.org\/{rel}","templated":true}]}}