{"id":25492,"date":"2026-03-19T12:48:34","date_gmt":"2026-03-19T11:48:34","guid":{"rendered":"https:\/\/monde25.info\/index.php\/2026\/03\/19\/nematode-du-pin-dans-les-landes-un-nouvel-arbre-infeste\/"},"modified":"2026-03-19T12:48:34","modified_gmt":"2026-03-19T11:48:34","slug":"nematode-du-pin-dans-les-landes-un-nouvel-arbre-infeste","status":"publish","type":"post","link":"https:\/\/monde25.info\/index.php\/2026\/03\/19\/nematode-du-pin-dans-les-landes-un-nouvel-arbre-infeste\/","title":{"rendered":"N\u00e9matode du pin dans les Landes\u00a0: un nouvel arbre infest\u00e9"},"content":{"rendered":"<p> <br \/>\n<br \/><img loading=\"lazy\" decoding=\"async\" src=\"https:\/\/reporterre.net\/local\/cache-vignettes\/L700xH467\/pointdepinaveclepinpin-719d6.jpg?1773919811\" class=\"spip_logo\" width=\"700\" height=\"467\" alt=\"\" \/><\/p>\n<p>C&rsquo;est ce que tous redoutaient\u00a0: un nouvel arbre a \u00e9t\u00e9 infest\u00e9 dans la for\u00eat des Landes par le n\u00e9matode du pin, ce ver microscopique qui peut tuer un pin maritime en quelques semaines. L&rsquo;annonce de la pr\u00e9fecture de Nouvelle-Aquitaine est tomb\u00e9e le 18\u00a0mars. <br class=\"autobr\" \/><br \/>\nLe pin en question pr\u00e9sentait des sympt\u00f4mes de d\u00e9p\u00e9rissement. Il a \u00e9t\u00e9 abattu et \u00ab<small class=\"fine d-inline\">\u00a0<\/small>broy\u00e9 selon un protocole s\u00e9curis\u00e9 excluant tout risque de dispersion des n\u00e9matodes du pin et des insectes vecteurs<small class=\"fine d-inline\">\u00a0<\/small>\u00bb, pr\u00e9cise la pr\u00e9fecture. L&rsquo;arbre \u00e9tait\u00a0(\u2026)<\/p>\n<p>                    <a target=\"_blank\" href=\"https:\/\/reporterre.net\/Nematode-du-pin-dans-les-Landes-un-nouvel-arbre-infeste?utm_source=RSS&amp;utm_medium=RSS\">Lire la suite<\/a><\/p>\n<p>                    &#8211;<br \/>\n                        <a target=\"_blank\" href=\"https:\/\/reporterre.net\/Breves-20\" rel=\"directory\">En bref<\/a><\/p>\n<p>                    \/<br \/>\n                        <a target=\"_blank\" href=\"https:\/\/reporterre.net\/Forets\" rel=\"tag\">For\u00eats<\/a><br \/>\n<br \/><br \/>\n<br \/><a href=\"https:\/\/reporterre.net\/Nematode-du-pin-dans-les-Landes-un-nouvel-arbre-infeste\" target=\"_blank\"\">Source link <\/a><\/p>\n","protected":false},"excerpt":{"rendered":"<p>C&rsquo;est ce que tous redoutaient\u00a0: un nouvel arbre a \u00e9t\u00e9 infest\u00e9 dans la for\u00eat des Landes par le n\u00e9matode du pin, ce ver microscopique qui peut tuer un pin maritime&hellip; <\/p>\n","protected":false},"author":1,"featured_media":0,"comment_status":"open","ping_status":"open","sticky":false,"template":"","format":"standard","meta":{"footnotes":""},"categories":[1],"tags":[],"class_list":["post-25492","post","type-post","status-publish","format-standard","hentry","category-non-classe"],"_links":{"self":[{"href":"https:\/\/monde25.info\/index.php\/wp-json\/wp\/v2\/posts\/25492","targetHints":{"allow":["GET"]}}],"collection":[{"href":"https:\/\/monde25.info\/index.php\/wp-json\/wp\/v2\/posts"}],"about":[{"href":"https:\/\/monde25.info\/index.php\/wp-json\/wp\/v2\/types\/post"}],"author":[{"embeddable":true,"href":"https:\/\/monde25.info\/index.php\/wp-json\/wp\/v2\/users\/1"}],"replies":[{"embeddable":true,"href":"https:\/\/monde25.info\/index.php\/wp-json\/wp\/v2\/comments?post=25492"}],"version-history":[{"count":0,"href":"https:\/\/monde25.info\/index.php\/wp-json\/wp\/v2\/posts\/25492\/revisions"}],"wp:attachment":[{"href":"https:\/\/monde25.info\/index.php\/wp-json\/wp\/v2\/media?parent=25492"}],"wp:term":[{"taxonomy":"category","embeddable":true,"href":"https:\/\/monde25.info\/index.php\/wp-json\/wp\/v2\/categories?post=25492"},{"taxonomy":"post_tag","embeddable":true,"href":"https:\/\/monde25.info\/index.php\/wp-json\/wp\/v2\/tags?post=25492"}],"curies":[{"name":"wp","href":"https:\/\/api.w.org\/{rel}","templated":true}]}}