{"id":2562,"date":"2025-02-13T22:30:34","date_gmt":"2025-02-13T21:30:34","guid":{"rendered":"https:\/\/monde25.info\/index.php\/2025\/02\/13\/etudiants-se-resigner-ou-lutter-par-maelle-mariette-le-monde-diplomatique-fevrier-2025\/"},"modified":"2025-02-13T22:30:34","modified_gmt":"2025-02-13T21:30:34","slug":"etudiants-se-resigner-ou-lutter-par-maelle-mariette-le-monde-diplomatique-fevrier-2025","status":"publish","type":"post","link":"https:\/\/monde25.info\/index.php\/2025\/02\/13\/etudiants-se-resigner-ou-lutter-par-maelle-mariette-le-monde-diplomatique-fevrier-2025\/","title":{"rendered":"\u00c9tudiants, se r\u00e9signer ou lutter, par Ma\u00eblle Mariette (Le Monde diplomatique, f\u00e9vrier 2025)"},"content":{"rendered":"<p> <br \/>\n<\/p>\n<div>\n<p class=\"crayon article-surtitre-68026 surtitre\">Une jeunesse pr\u00e9caris\u00e9e, des syndicats assagis<\/p>\n<div class=\"crayon article-chapo-68026 chapo\">\n<p>Dans un pays o\u00f9 un \u00e9tudiant sur cinq ne mange pas \u00e0 sa faim, pourquoi la contestation estudiantine semble-t-elle aussi atone<small class=\"fine\">\u00a0<\/small>? Pour celles et ceux qui s\u2019engagent malgr\u00e9 tout, les r\u00e9ponses sont multiples. La pr\u00e9carit\u00e9 emp\u00eache la mobilisation, la d\u00e9fiance \u00e0 l\u2019\u00e9gard de la politique p\u00e9nalise les syndicats, et les grands th\u00e8mes f\u00e9d\u00e9rateurs sont rares. \u00c9tat des lieux d\u2019une jeunesse ballott\u00e9e d\u2019une r\u00e9forme \u00e0 l\u2019autre.<\/p>\n<\/div><\/div>\n<div couleurfade=\"ece8e5\" couleurclaire=\"e9e4e1\" couleurpale=\"e4c7b3\" couleurmi=\"766255\" couleurfoncee=\"774221\" couleursombre=\"1d1815\" couleurfond=\"5a514c\" couleurtexte=\"ffffff\">\n<div class=\"enapercu\">\n<figure class=\"spip_document_34108 spip_documents spip_documents_center justecol\" style=\"width:650px;\">\n<div class=\"limage\">\n<p>\t\t\t<img loading=\"lazy\" decoding=\"async\" src=\"https:\/\/www.monde-diplomatique.fr\/\/local\/cache-vignettes\/L650xH975\/04-10-2b538.jpg?1738680701\" width=\"650\" height=\"975\" class=\"spip_logos\" alt=\"JPEG - 48.1\u00a0ko\"\/><\/p><\/div><figcaption>\n<p>Xose Bouzas. \u2013 Manifestation d\u2019\u00e9tudiants en soutien \u00e0 la Palestine devant Sciences Po Paris, 2024<\/p>\n<p>\u00a9 Xose Bouzas \/ Hans Lucas\n<\/p>\n<\/figcaption><\/figure>\n<p><span class=\"mot-lettrine\"><span class=\"lettrine\">Q<\/span>u<\/span>\u2019est-ce qui mobilise les \u00e9tudiants d\u2019aujourd\u2019hui<small class=\"fine\">\u00a0<\/small>? Et qui se mobilise parmi les trois millions d\u2019inscrits dans l\u2019enseignement sup\u00e9rieur en France<small class=\"fine\">\u00a0<\/small>? Locaux ou nationaux, les mouvements de contestation se font moins fr\u00e9quents depuis une quinzaine d\u2019ann\u00e9es, les cort\u00e8ges plus clairsem\u00e9s. La derni\u00e8re mobilisation d\u2019envergure nationale, contre la loi relative \u00e0 l\u2019orientation et \u00e0 la r\u00e9ussite des \u00e9tudiants (dite loi ORE), date de 2018. Elle a \u00e9chou\u00e9. Avec Parcoursup, le gouvernement a impos\u00e9 la s\u00e9lection \u00e0 l\u2019entr\u00e9e des universit\u00e9s. En 1986, des centaines de milliers d\u2019\u00e9tudiants et de lyc\u00e9ens contraient la m\u00eame r\u00e9forme incarn\u00e9e par le ministre Alain Devaquet. Vingt ans plus tard, le contrat premi\u00e8re embauche (CPE) \u00e9tait abandonn\u00e9 par le gouvernement sous la pression des cort\u00e8ges.<\/p>\n<p>En Mai\u00a068 d\u00e9ferlait la vague d\u00e9mographique d\u2019apr\u00e8s-guerre<small class=\"fine\">\u00a0<\/small>; les moyens manquaient pour l\u2019absorber, en particulier dans les nouvelles universit\u00e9s<small class=\"fine\">\u00a0<\/small>; \u00e0 Nanterre, encore en chantier, le nombre d\u2019inscrits avait doubl\u00e9 en deux ans. Depuis 2010, une forte hausse des effectifs dans l\u2019enseignement sup\u00e9rieur, +\u00a030<small class=\"fine\">\u00a0<\/small>%, se combine, elle aussi, au sous-financement des fili\u00e8res universitaires, mais \u00e9galement \u00e0 une explosion de la pr\u00e9carit\u00e9 estudiantine. Syndicats, associations, organisations de jeunesse la d\u00e9noncent r\u00e9guli\u00e8rement \u2014 un \u00e9tudiant sur cinq ne mange pas \u00e0 sa faim, pr\u00e8s d\u2019un sur deux parmi ceux qui travaillent en parall\u00e8le de leurs \u00e9tudes<small class=\"fine\">\u00a0<\/small>; un \u00e9l\u00e8ve de l\u2019enseignement sup\u00e9rieur sur deux est mal log\u00e9<small class=\"fine\">\u00a0<\/small>; plus de la moiti\u00e9 ont d\u00fb renoncer \u00e0 des soins m\u00e9dicaux au cours des douze derniers mois<small class=\"fine\">\u00a0<\/small>; huit sur dix sont angoiss\u00e9s\u00a0\u2014, mais les m\u00eames structures peinent \u00e0 mobiliser contre les politiques \u00e0 l\u2019origine de cette pr\u00e9carit\u00e9 ou \u00e0 retenir l\u2019attention des m\u00e9dias.<\/p>\n<p>D\u2019autres formes d\u2019intervention, d\u2019autres causes suscitent l\u2019int\u00e9r\u00eat des journalistes. Comme les discours des \u00e9l\u00e8ves d\u2019AgroParisTech, une prestigieuse \u00e9cole d\u2019ing\u00e9nieurs, qui d\u00e9non\u00e7aient, en 2022, lors de la c\u00e9r\u00e9monie de remise des dipl\u00f4mes, <i>\u00ab<small class=\"fine\">\u00a0<\/small>une formation qui pousse globalement \u00e0\u00a0(&#8230;)<\/i><\/p>\n<\/p><\/div>\n<p>Taille de l\u2019article complet\u00a0:\u00a0<span>4\u00a0368<\/span>\u00a0mots.<\/p>\n<div class=\"promo_dispo_article\">\n<h2 class=\"avantbloc\">\n\tCet article est r\u00e9serv\u00e9 aux\u00a0abonn\u00e9s<\/p>\n<\/h2>\n<div class=\"abo_inst\">\n\t<strong>Lyc\u00e9es, biblioth\u00e8ques, administrations, entreprises,<\/strong><br \/>\n\tacc\u00e9dez \u00e0 la base de donn\u00e9es en ligne de tous les articles du <i>Monde diplomatique<\/i> de 1954 \u00e0 nos\u00a0jours.<br \/>\n\t<a target=\"_blank\" id=\"pw-institutions\" class=\"suivi\" href=\"https:\/\/www.monde-diplomatique.fr\/archives\/institutions\">Retrouvez cette\u00a0offre sp\u00e9cifique<\/a>.\n<\/div>\n<\/div><\/div>\n<p><br \/>\n<br \/><a href=\"https:\/\/www.monde-diplomatique.fr\/2025\/02\/MARIETTE\/68026\" target=\"_blank\"\">Source link <\/a><\/p>\n","protected":false},"excerpt":{"rendered":"<p>Une jeunesse pr\u00e9caris\u00e9e, des syndicats assagis Dans un pays o\u00f9 un \u00e9tudiant sur cinq ne mange pas \u00e0 sa faim, pourquoi la contestation estudiantine semble-t-elle aussi atone\u00a0? Pour celles et&hellip; <\/p>\n","protected":false},"author":1,"featured_media":2563,"comment_status":"open","ping_status":"open","sticky":false,"template":"","format":"standard","meta":{"footnotes":""},"categories":[1],"tags":[],"class_list":["post-2562","post","type-post","status-publish","format-standard","has-post-thumbnail","hentry","category-non-classe"],"_links":{"self":[{"href":"https:\/\/monde25.info\/index.php\/wp-json\/wp\/v2\/posts\/2562","targetHints":{"allow":["GET"]}}],"collection":[{"href":"https:\/\/monde25.info\/index.php\/wp-json\/wp\/v2\/posts"}],"about":[{"href":"https:\/\/monde25.info\/index.php\/wp-json\/wp\/v2\/types\/post"}],"author":[{"embeddable":true,"href":"https:\/\/monde25.info\/index.php\/wp-json\/wp\/v2\/users\/1"}],"replies":[{"embeddable":true,"href":"https:\/\/monde25.info\/index.php\/wp-json\/wp\/v2\/comments?post=2562"}],"version-history":[{"count":0,"href":"https:\/\/monde25.info\/index.php\/wp-json\/wp\/v2\/posts\/2562\/revisions"}],"wp:featuredmedia":[{"embeddable":true,"href":"https:\/\/monde25.info\/index.php\/wp-json\/wp\/v2\/media\/2563"}],"wp:attachment":[{"href":"https:\/\/monde25.info\/index.php\/wp-json\/wp\/v2\/media?parent=2562"}],"wp:term":[{"taxonomy":"category","embeddable":true,"href":"https:\/\/monde25.info\/index.php\/wp-json\/wp\/v2\/categories?post=2562"},{"taxonomy":"post_tag","embeddable":true,"href":"https:\/\/monde25.info\/index.php\/wp-json\/wp\/v2\/tags?post=2562"}],"curies":[{"name":"wp","href":"https:\/\/api.w.org\/{rel}","templated":true}]}}