{"id":2566,"date":"2025-02-13T23:36:35","date_gmt":"2025-02-13T22:36:35","guid":{"rendered":"https:\/\/monde25.info\/index.php\/2025\/02\/13\/la-torture-des-levriers-espagnols-continue\/"},"modified":"2025-02-13T23:36:35","modified_gmt":"2025-02-13T22:36:35","slug":"la-torture-des-levriers-espagnols-continue","status":"publish","type":"post","link":"https:\/\/monde25.info\/index.php\/2025\/02\/13\/la-torture-des-levriers-espagnols-continue\/","title":{"rendered":"la torture des l\u00e9vriers espagnols continue"},"content":{"rendered":"<p> <br \/>\n<\/p>\n<div>\n<h4><strong>Le 1<sup>er<\/sup> f\u00e9vrier marque la Journ\u00e9e Mondiale du galgo. Un nom que m\u00eame les amateurs de chiens ne connaissent pas forc\u00e9ment ; et une date symbolique qui co\u00efncide avec la fin de la saison de la chasse en Espagne. Explications de l\u2019enfer silencieux pour ces l\u00e9vriers, qui se reproduit chaque ann\u00e9e.\u00a0<\/strong><\/h4>\n<p>Les galgos sont<strong> des chiens \u00e9lev\u00e9s depuis des g\u00e9n\u00e9rations <a target=\"_blank\" href=\"https:\/\/mrmondialisation.org\/pourquoi-puissants-defendent-chasse-histoire-pouvoirs\/\">pour la chasse,<\/a><\/strong> et connaissent souvent <strong>un sort encore moins enviable que celui des animaux qu\u2019ils poursuivent. <\/strong><\/p>\n<p><strong>Zoom sur ces martyrs ib\u00e9riques qui m\u00e9ritent tous les regards, <a target=\"_blank\" href=\"https:\/\/mrmondialisation.org\/le-calvaire-des-galgos-ces-chiens-martyrs-de-lespagne\/\">dont nous vous parlions d\u00e9j\u00e0 en 2022<\/a>\u2026<\/strong><\/p>\n<h2><strong>Les l\u00e9vriers, des coureurs victimes de leur talent<\/strong><\/h2>\n<p>Les galgos, et leurs cousins moins connus les podencos, appartiennent \u00e0 la famille des l\u00e9vriers.<strong> Des chiens taill\u00e9s pour la course<\/strong> et g\u00e9n\u00e9ralement \u00e9lev\u00e9s pour ces m\u00eames raisons.<\/p>\n<p><strong>En France, la course de l\u00e9vriers avec pari est interdite depuis 2020<\/strong> : seules les courses de loisir restent organis\u00e9es, g\u00e9n\u00e9ralement par des passionn\u00e9s de la race. Cette absence d\u2019argent et de sp\u00e9culation a globalement permis <strong>de couper court \u00e0 la maltraitance.<\/strong><\/p>\n<p>Toutefois, <a target=\"_blank\" href=\"https:\/\/fr.wikipedia.org\/wiki\/Course_de_l\u00e9vriers#:~:text=Un arr\u00eat\u00e9 publi\u00e9 au journal,pas le pari d'argent.\"><strong>ces courses lucratives persistent dans d\u2019autres pays<\/strong><\/a> comme<strong> le Royaume-Uni, la Chine, les \u00c9tats-Unis, la Nouvelle Z\u00e9lande ou encore le Br\u00e9sil.<\/strong> Le sort des chiens y est peu enviable, \u00e0 l\u2019instar de celui des chevaux de courses : <strong>surentra\u00een\u00e9s, ab\u00eem\u00e9s, bless\u00e9s,<\/strong> ils sont r\u00e9form\u00e9s t\u00f4t et ne finissent pas toujours leur vie sur un canap\u00e9.<\/p>\n<p>En 2018, <strong>un cynodrome de Macao, en Chine,<a target=\"_blank\" href=\"https:\/\/mrmondialisation.org\/en-chine-la-vie-de-centaines-de-levriers-de-course-menacee\/\"> a ferm\u00e9 ses portes<\/a> suite \u00e0 la pression des associations de d\u00e9fense animale,<\/strong> accusant le site de maltraiter et tuer ses animaux.<\/p>\n<figure id=\"attachment_690066\" aria-describedby=\"caption-attachment-690066\" style=\"width: 1500px\" class=\"wp-caption alignnone\"><img fetchpriority=\"high\" decoding=\"async\" class=\"wp-image-690066 size-full\" src=\"https:\/\/mrmondialisation.org\/wp-content\/uploads\/2025\/01\/galgos.jpg\" alt=\"\" width=\"1500\" height=\"990\" srcset=\"https:\/\/mrmondialisation.org\/wp-content\/uploads\/2025\/01\/galgos.jpg 1500w, https:\/\/mrmondialisation.org\/wp-content\/uploads\/2025\/01\/galgos-1024x676.jpg 1024w, https:\/\/mrmondialisation.org\/wp-content\/uploads\/2025\/01\/galgos-768x507.jpg 768w, https:\/\/mrmondialisation.org\/wp-content\/uploads\/2025\/01\/galgos-696x459.jpg 696w, https:\/\/mrmondialisation.org\/wp-content\/uploads\/2025\/01\/galgos-1068x705.jpg 1068w, https:\/\/mrmondialisation.org\/wp-content\/uploads\/2025\/01\/galgos-636x420.jpg 636w\" sizes=\"(max-width: 1500px) 100vw, 1500px\"\/><figcaption id=\"caption-attachment-690066\" class=\"wp-caption-text\">Course de l\u00e9vriers. Source :<a target=\"_blank\" href=\"https:\/\/pxhere.com\/fr\/photo\/869959\"> pxhere<\/a><\/figcaption><\/figure>\n<p><strong>Mais le d\u00e9cor ib\u00e9rique offre une vie autrement plus cruelle \u00e0 ses l\u00e9vriers.<\/strong> Appel\u00e9s galgos (proches du greyhound en terme de morphologie) et podencos (descendants directs du l\u00e9vrier \u00e9gyptien, \u00e0 la robe souvent rousse), <strong>les l\u00e9vriers espagnols sont \u00e9lev\u00e9s pour la chasse sans fusil depuis des g\u00e9n\u00e9rations. Une tradition qui ferme les yeux sur le traitement inflig\u00e9 aux animaux.<\/strong><\/p>\n<blockquote>\n<p><strong>\u00ab\u00a0une loi espagnole de 2017 atteste que les animaux sont \u00ab\u00a0des \u00eatres vivants dou\u00e9s de sensibilit\u00e9\u00a0\u00bb Mais les galgos et podencos en sont exclus car consid\u00e9r\u00e9s comme des outils de travail\u00a0\u00bb<\/strong><\/p>\n<\/blockquote>\n<p>Jean-Philippe Pascal, pr\u00e9sident de <a target=\"_blank\" href=\"https:\/\/www.association-galgos.fr\/\">l\u2019association G.A.L.G.O.S<\/a> fond\u00e9e en 2012 en r\u00e9gion Rh\u00f4ne-Alpes, rappelle qu\u2019il existe <strong>une loi espagnole de 2017 attestant que les animaux sont <em>\u00ab\u00a0des \u00eatres vivants dou\u00e9s de sensibilit\u00e9\u00a0\u00bb.<\/em> Toutefois, sous la pression des chasseurs, les galgos et podencos en ont \u00e9t\u00e9 exclus<\/strong> <strong>car consid\u00e9r\u00e9s comme des outils de travail :<\/strong><\/p>\n<p><em>\u00ab\u00a0Il existe toujours <strong>une forme d\u2019omerta<\/strong><\/em>, ajoute Jean-Philippe Pascal. <em>Chacun se cache derri\u00e8re un consensus officieux du <strong>\u00ab\u00a0rien vu, rien entendu\u00a0\u00bb.<\/strong> Il y a quelques ann\u00e9es, la pr\u00e9sidente d\u2019une association espagnole avait d\u00e9nonc\u00e9 la maltraitance d\u2019un galgo aupr\u00e8s de la Guardia civile. Sauf que ce sont les copains des chasseurs\u2026 Elle a retrouv\u00e9 son chien pendu quelques jours plus tard.<strong> Le silence est de mise, sous peine de repr\u00e9sailles.\u00a0\u00bb<\/strong> <\/em>A l\u2019instar de la France, le lobby de la chasse est tr\u00e8s puissant en Espagne !<\/p>\n<div class=\"td-a-rec td-a-rec-id-content_inline  tdi_1 td_block_template_1\">\n<span class=\"td-adspot-title\">&#8211; Pour une information libre ! &#8211;<\/span><a target=\"_blank\" href=\"https:\/\/fr.tipeee.com\/mr-mondialisation\" class=\"tipeee-project-small\">Soutenir Mr Japanization sur Tipeee<\/a>\n<\/div>\n<h2><strong>Des animaux trait\u00e9s comme des d\u00e9chets, sous couvert de tradition<\/strong><\/h2>\n<p>L\u2019honneur comme pr\u00e9texte \u00e0 la torture : voil\u00e0 ce que plaident <strong>les galgueros<\/strong> lorsqu\u2019un de leur chien n\u2019a pas attrap\u00e9 le gibier escompt\u00e9.<\/p>\n<p>Les chasses sans fusil sont g\u00e9n\u00e9ralement organis\u00e9es \u00e0 deux chiens : <strong>tandis que le \u00ab\u00a0gagnant\u00a0\u00bb remportera les honneurs, celui qui n\u2019a pas su se montrer \u00e0 la hauteur sera victime des pires s\u00e9vices.<\/strong><\/p>\n<blockquote>\n<p><strong>\u00ab\u00a0Pendu avec les pattes fr\u00f4lant le sol,<\/strong>\u00a0<strong>jet\u00e9 vivant dans un puits ou du haut d\u2019un pont,<\/strong> <strong>tra\u00een\u00e9 derri\u00e8re une voiture, br\u00fbl\u00e9 vif, asperg\u00e9 d\u2019eau de Javel, abandonn\u00e9 agonisant dans une poubelle\u2026\u00a0\u00bb<\/strong><\/p>\n<\/blockquote>\n<p><strong>Pendu avec les pattes fr\u00f4lant le sol,<\/strong>\u00a0<strong>jet\u00e9 vivant dans un puits ou du haut d\u2019un pont,<\/strong> <strong>tra\u00een\u00e9 derri\u00e8re une voiture, br\u00fbl\u00e9 vif, asperg\u00e9 d\u2019eau de Javel, abandonn\u00e9 agonisant dans une poubelle\u2026<\/strong> <a target=\"_blank\" href=\"https:\/\/mrmondialisation.org\/le-calvaire-des-galgos-ces-chiens-martyrs-de-lespagne\/\"><strong>Une imagination dans l\u2019horreur qui d\u00e9passe l\u2019entendement<\/strong><\/a>, car la douleur du chien doit \u00eatre \u00e0 l\u2019image du d\u00e9shonneur de son ma\u00eetre : un pr\u00e9texte amoral, sadique et moyen\u00e2geux qui perdure \u00e0 notre \u00e9poque sur des milliers d\u2019innocents.<\/p>\n<figure id=\"attachment_690057\" aria-describedby=\"caption-attachment-690057\" style=\"width: 1500px\" class=\"wp-caption alignnone\"><img loading=\"lazy\" decoding=\"async\" class=\"wp-image-690057 size-full\" src=\"https:\/\/mrmondialisation.org\/wp-content\/uploads\/2025\/01\/katrin-selsam-unsplash-5.jpg\" alt=\"\" width=\"1500\" height=\"958\" srcset=\"https:\/\/mrmondialisation.org\/wp-content\/uploads\/2025\/01\/katrin-selsam-unsplash-5.jpg 1500w, https:\/\/mrmondialisation.org\/wp-content\/uploads\/2025\/01\/katrin-selsam-unsplash-5-1024x654.jpg 1024w, https:\/\/mrmondialisation.org\/wp-content\/uploads\/2025\/01\/katrin-selsam-unsplash-5-768x490.jpg 768w, https:\/\/mrmondialisation.org\/wp-content\/uploads\/2025\/01\/katrin-selsam-unsplash-5-696x445.jpg 696w, https:\/\/mrmondialisation.org\/wp-content\/uploads\/2025\/01\/katrin-selsam-unsplash-5-1068x682.jpg 1068w, https:\/\/mrmondialisation.org\/wp-content\/uploads\/2025\/01\/katrin-selsam-unsplash-5-658x420.jpg 658w\" sizes=\"auto, (max-width: 1500px) 100vw, 1500px\"\/><figcaption id=\"caption-attachment-690057\" class=\"wp-caption-text\">Les podencos, comme les galgos, passent la majeure partie de leur vie enferm\u00e9s, ce qui limite leur sociabilisation. Photo de <a target=\"_blank\" href=\"https:\/\/unsplash.com\/fr\/@fraunhoferisc?utm_content=creditCopyText&amp;utm_medium=referral&amp;utm_source=unsplash\">Katrin Selsam<\/a> sur <a target=\"_blank\" href=\"https:\/\/unsplash.com\/fr\/photos\/un-chien-debout-dans-lembrasure-dune-porte-dun-batiment-J1tGJgGQRiQ?utm_content=creditCopyText&amp;utm_medium=referral&amp;utm_source=unsplash\">Unsplash<\/a><\/figcaption><\/figure>\n<p>Jean-Philippe Pascal confirme : <em><strong>\u00ab\u00a0Nous savons que les traditions barbares persistent sur les galgos car les b\u00e9n\u00e9voles espagnols retrouvent encore des cadavres de chiens pendus ou couverts de blessures. Heureusement, leur travail tend \u00e0 diminuer ce genre de pratiques.<\/strong> En parall\u00e8le, la population de chasseurs rajeunit et s\u2019int\u00e9resse de moins en moins \u00e0 la chasse avec des l\u00e9vriers. Toutefois, nous sommes tr\u00e8s loin d\u2019en avoir vu le bout.\u00a0\u00bb<\/em><\/p>\n<p>Le martyre des galgos et des podencos est d\u2019autant plus troublant qu\u2019il s\u2019abat sur <strong>des chiens d\u2019une douceur d\u00e9sarmante.<\/strong> Les l\u00e9vriers sont des chiens d\u2019un temp\u00e9rament naturellement docile, conciliant et tr\u00e8s peu enclin \u00e0 l\u2019agressivit\u00e9. L\u2019horreur qu\u2019ils subissent est inversement proportionn\u00e9e \u00e0 leur fid\u00e9lit\u00e9, leur abn\u00e9gation et leur qui\u00e9tude : <strong>un acharnement qui d\u00e9range donc au-del\u00e0 du raisonnable, car ces \u00e2mes innocentes subissent des tourments qu\u2019elles ne sont pas en mesure de rendre au milli\u00e8me.<\/strong> De l\u00e0 \u00e0 en d\u00e9duire que leurs tortionnaires se d\u00e9lectent de leur incapacit\u00e9 \u00e0 se d\u00e9fendre, il n\u2019y a qu\u2019un pas.<\/p>\n<h2><strong>Les nombreuses associations au secours des martyrs espagnols<\/strong><\/h2>\n<p>Les \u00e9levages de galgos et podencos font figure d\u2019exception en France et dans le monde. <strong>Les galgueros espagnols s\u2019occupent \u00ab\u00a0naturellement\u00a0\u00bb de la perp\u00e9tuit\u00e9 de la race<\/strong>, encha\u00eenant les port\u00e9es d\u2019ann\u00e9e en ann\u00e9e et <a target=\"_blank\" href=\"https:\/\/www.lemonde.fr\/planete\/article\/2014\/03\/28\/en-espagne-le-calvaire-des-levriers_4389935_3244.html\">entra\u00eenant des vagues d\u2019abandon incroyables<\/a>, notamment pass\u00e9e la p\u00e9riode de chasse, en f\u00e9vrier.<\/p>\n<p><strong>Galgos et podencos sont avant tout des chiens \u00e0 adopter.<\/strong> Bless\u00e9s, peu convaincants \u00e0 la course, \u00e9chapp\u00e9s ou vieillissants, ils sont quotidiennement r\u00e9cup\u00e9r\u00e9s par les associations espagnoles via des perreras (fourri\u00e8res locales), certains galgueros, ou la rue. Femelles gestantes ou allaitantes sont \u00e9galement r\u00e9guli\u00e8rement d\u00e9couvertes et prises en charge dans les refuges, avant d\u2019\u00eatre propos\u00e9es \u00e0 l\u2019adoption. <strong>Ces chiens au lourd pass\u00e9 se voient alors offrir une seconde chance.<\/strong><\/p>\n<figure id=\"attachment_690058\" aria-describedby=\"caption-attachment-690058\" style=\"width: 1500px\" class=\"wp-caption alignnone\"><img loading=\"lazy\" decoding=\"async\" class=\"wp-image-690058 size-full\" src=\"https:\/\/mrmondialisation.org\/wp-content\/uploads\/2025\/01\/pxhere-4.jpg\" alt=\"\" width=\"1500\" height=\"1163\" srcset=\"https:\/\/mrmondialisation.org\/wp-content\/uploads\/2025\/01\/pxhere-4.jpg 1500w, https:\/\/mrmondialisation.org\/wp-content\/uploads\/2025\/01\/pxhere-4-1024x794.jpg 1024w, https:\/\/mrmondialisation.org\/wp-content\/uploads\/2025\/01\/pxhere-4-768x595.jpg 768w, https:\/\/mrmondialisation.org\/wp-content\/uploads\/2025\/01\/pxhere-4-696x540.jpg 696w, https:\/\/mrmondialisation.org\/wp-content\/uploads\/2025\/01\/pxhere-4-1068x828.jpg 1068w, https:\/\/mrmondialisation.org\/wp-content\/uploads\/2025\/01\/pxhere-4-542x420.jpg 542w\" sizes=\"auto, (max-width: 1500px) 100vw, 1500px\"\/><figcaption id=\"caption-attachment-690058\" class=\"wp-caption-text\">Une fois adopt\u00e9s, les galgos acc\u00e8dent enfin \u00e0 l\u2019amour qu\u2019ils m\u00e9ritent\u2026 mais qui ne cache pas les cicatrices du pass\u00e9. Source : <a target=\"_blank\" href=\"https:\/\/pxhere.com\/fr\/photo\/414804\">pxhere<\/a><\/figcaption><\/figure>\n<p>En Espagne,<strong> les refuges pour galgos et podencos <\/strong>\u2013 qui accueillent souvent d\u2019autres races dans le besoin \u2013<strong> se sont beaucoup d\u00e9velopp\u00e9s ces derni\u00e8res d\u00e9cennies.<\/strong><\/p>\n<p>Leur nombre est difficile \u00e0 chiffrer mais pour Jean-Philippe Pascal, <strong>elles sont <em>\u00ab\u00a0tr\u00e8s nombreuses et font un travail remarquable.\u00a0\u00bb<\/em><\/strong> Leur d\u00e9vouement pour r\u00e9cup\u00e9rer des animaux dans le besoin est sans faille. <em>\u00ab\u00a0Ces associations font de la <strong>p\u00e9dagogie aupr\u00e8s des \u00e9coles<\/strong>, afin que les nouvelles g\u00e9n\u00e9rations ne voient plus que de la barbarie dans ces pratiques. <strong>Elles tentent \u00e9galement d\u2019ouvrir le dialogue avec les chasseurs, de fa\u00e7on tr\u00e8s diplomatique. <\/strong>En les convaincant d\u2019abandonner leurs chiens dans des refuges et non de s\u2019en d\u00e9barrasser de la pire mani\u00e8re qui soit, ces associations sauvent de plus en plus de chiens chaque ann\u00e9e.\u00a0\u00bb<\/em><\/p>\n<p>Elles travaillent g\u00e9n\u00e9ralement en relais avec des associations d\u2019autres pays, principalement situ\u00e9es en Europe et en Am\u00e9rique du Nord, o\u00f9 leur nombre a augment\u00e9 ces derni\u00e8res ann\u00e9es. Il est fr\u00e9quent de <strong>retrouver des l\u00e9vriers espagnols dans des foyers canadiens, finlandais ou allemands \u2013 avec le pull qui va bien<\/strong> pour affronter des temp\u00e9ratures que leur absence de graisse et de sous-poil peine \u00e0 endurer naturellement !<\/p>\n<h2><strong>Que faire pour leur venir en aide ?<\/strong><\/h2>\n<p>Comme souvent, le nerf de la guerre reste l\u2019argent : <strong>les associations ont besoin de fonds pour fonctionner correctement.<\/strong> Infrastructures d\u2019accueil, nourriture, soins et frais v\u00e9t\u00e9rinaires, transferts d\u2019un pays \u00e0 l\u2019autre\u2026<\/p>\n<p>En cela, il est possible de contribuer m\u00eame avec une toute petite somme : <a target=\"_blank\" href=\"https:\/\/www.teaming.net\/group\/list?q=galgos\"><strong>la plateforme Teaming<\/strong><\/a><strong>, par exemple, propose des dons mensuels \u00e0 partir de 1\u20ac.<\/strong> Sachant que les petits ruisseaux forment les grandes rivi\u00e8res, l\u2019accumulation de ces sommes aide \u00e9norm\u00e9ment \u00e0 financer <strong>les besoins des associations b\u00e9n\u00e9ficiaires.<\/strong><\/p>\n<p>Des dons ponctuels, plus \u00e9lev\u00e9s, sont \u00e9galement tr\u00e8s utiles, ainsi que des dons en nature. <em>\u00ab\u00a0<a target=\"_blank\" href=\"https:\/\/www.association-galgos.fr\/\">Notre association<\/a> ne vit que des dons<\/em>, confirme Jean-Philippe Pascal. <strong><em>Chaque ann\u00e9e, nous descendons en Espagne avec des camionnettes charg\u00e9es de nourriture, jouets, couvertures\u2026 En 2024, nous avons d\u00e9pos\u00e9 60 tonnes de croquettes et mat\u00e9riels divers \u00e0 22 associations diff\u00e9rentes.<\/em><\/strong><em>\u00ab\u00a0<\/em><\/p>\n<figure id=\"attachment_690056\" aria-describedby=\"caption-attachment-690056\" style=\"width: 1500px\" class=\"wp-caption alignnone\"><img loading=\"lazy\" decoding=\"async\" class=\"wp-image-690056 size-full\" src=\"https:\/\/mrmondialisation.org\/wp-content\/uploads\/2025\/01\/juan-gomez-unsplash-2.jpg\" alt=\"\" width=\"1500\" height=\"1998\" srcset=\"https:\/\/mrmondialisation.org\/wp-content\/uploads\/2025\/01\/juan-gomez-unsplash-2.jpg 1500w, https:\/\/mrmondialisation.org\/wp-content\/uploads\/2025\/01\/juan-gomez-unsplash-2-769x1024.jpg 769w, https:\/\/mrmondialisation.org\/wp-content\/uploads\/2025\/01\/juan-gomez-unsplash-2-1144x1524.jpg 1144w, https:\/\/mrmondialisation.org\/wp-content\/uploads\/2025\/01\/juan-gomez-unsplash-2-768x1023.jpg 768w, https:\/\/mrmondialisation.org\/wp-content\/uploads\/2025\/01\/juan-gomez-unsplash-2-1153x1536.jpg 1153w, https:\/\/mrmondialisation.org\/wp-content\/uploads\/2025\/01\/juan-gomez-unsplash-2-696x927.jpg 696w, https:\/\/mrmondialisation.org\/wp-content\/uploads\/2025\/01\/juan-gomez-unsplash-2-1068x1423.jpg 1068w, https:\/\/mrmondialisation.org\/wp-content\/uploads\/2025\/01\/juan-gomez-unsplash-2-315x420.jpg 315w\" sizes=\"auto, (max-width: 1500px) 100vw, 1500px\"\/><figcaption id=\"caption-attachment-690056\" class=\"wp-caption-text\">Les l\u00e9vriers sont des chiens qui appr\u00e9cient particuli\u00e8rement le confort et la douceur. Photo de <a target=\"_blank\" href=\"https:\/\/unsplash.com\/fr\/@nosoylasonia?utm_content=creditCopyText&amp;utm_medium=referral&amp;utm_source=unsplash\">Juan Gomez<\/a> sur <a target=\"_blank\" href=\"https:\/\/unsplash.com\/fr\/photos\/chien-blanc-a-poil-court-couche-sur-un-textile-marron-rfIRuSnmBZw?utm_content=creditCopyText&amp;utm_medium=referral&amp;utm_source=unsplash\">Unsplash<\/a><\/figcaption><\/figure>\n<blockquote>\n<p><em><strong>\u00ab\u00a0Nous cherchons surtout des b\u00e9n\u00e9voles pouvant r\u00e9aliser des collectes un peu partout en France\u00a0\u00bb<\/strong><\/em><\/p>\n<\/blockquote>\n<p>Il est \u00e9galement pertinent d\u2019agir en donnant de son temps aupr\u00e8s de structures fran\u00e7aises. <em><strong>\u00ab\u00a0Nous cherchons surtout des b\u00e9n\u00e9voles pouvant r\u00e9aliser des collectes un peu partout en France<\/strong>,<\/em> pr\u00e9cise le directeur de G.A.L.G.O.S. <em>Ces actions sont un moyen de r\u00e9cup\u00e9rer le mat\u00e9riel n\u00e9cessaire pour aider les refuges espagnols, mais \u00e9galement de <strong>faire conna\u00eetre la cause des galgos aupr\u00e8s du grand public.\u00a0\u00bb<\/strong><\/em><\/p>\n<p>Pour celles et ceux qui en ont le temps et les moyens financiers, <strong>se rendre directement dans les refuges espagnols est une excellente fa\u00e7on d\u2019aider.<\/strong> Nombre d\u2019entre eux recherchent des b\u00e9n\u00e9voles, avec quelques p\u00e9riodes plus tendues que d\u2019autres, notamment \u00e0 la fin de la p\u00e9riode de chasse.<\/p>\n<p><strong>Attention, le b\u00e9n\u00e9volat est souvent payant<\/strong> car sa prise en charge repr\u00e9sente un co\u00fbt pour les associations : transport, logement et une partie de la nourriture sont \u00e0 la charge du b\u00e9n\u00e9vole, en plus des frais souvent demand\u00e9s par l\u2019association h\u00f4te. Il s\u2019agit toutefois <strong>d\u2019une d\u00e9marche solidaire enrichissante,<\/strong> qui permet de d\u00e9couvrir ce que vivent les chiens et leurs aidants sur le terrain en s\u2019impliquant de mani\u00e8re concr\u00e8te et de revenir avec l\u2019envie d\u2019en parler autour de soi.<\/p>\n<h2><strong>Adopter un l\u00e9vrier espagnol : la voix du c\u0153ur<\/strong><\/h2>\n<p>Entrer dans la d\u00e9marche d\u2019adoption d\u2019un galgo ou d\u2019un podenco constitue un acte tangible de r\u00e9sistance face au martyr subi par ces chiens en leur offrant (enfin) une vie digne, s\u00e9curisante et aimante. <em>\u00ab\u00a0Nous sommes environ 25 associations en France,<\/em> pr\u00e9cise Jean-Philippe Pascal, <em>mais <strong>nous faisons face \u00e0 une saturation des adoptions, qui stagnent voire r\u00e9gressent. Les personnes touch\u00e9es par le sort des l\u00e9vriers ne peuvent souvent pas ou plus prendre de chiens. Nous avons vraiment besoin que la cause soit plus largement connue, afin de renouveler les potentiels adoptants<\/strong>.\u00a0\u00bb<\/em><\/p>\n<p>Comme <a target=\"_blank\" href=\"https:\/\/mrmondialisation.org\/pourquoi-il-ne-faut-pas-offrir-danimal-pour-noel\/\">toute adoption responsable,<\/a> <strong>cette d\u00e9marche n\u00e9cessite quelques pr\u00e9-requis,<\/strong> comme une habitation s\u00e9curis\u00e9e contre les risques de fugue, mais reste ouverte \u00e0 toute personne pr\u00eate \u00e0 s\u2019engager en faveur d\u2019un animal en d\u00e9tresse.<\/p>\n<p><a target=\"_blank\" href=\"https:\/\/www.sciencesetavenir.fr\/animaux\/chiens\/le-galgo-quelles-sont-les-caracteristiques-de-cette-race-de-chien_165188\">Se renseigner au pr\u00e9alable sur la race est \u00e9galement conseill\u00e9<\/a> :<strong> les l\u00e9vriers sont des chiens un peu \u00ab\u00a0\u00e0 part\u00a0\u00bb. Sensibles, r\u00e9serv\u00e9s, peu enclins aux exercices d\u2019ob\u00e9issance, souvent t\u00eatus, chasseurs dans l\u2019\u00e2me, frileux, amoureux des fauteuils et canap\u00e9s\u2026 <\/strong>La compr\u00e9hension de leurs besoins et de leur temp\u00e9rament est le premier pas vers une adoption r\u00e9ussie.<\/p>\n<figure id=\"attachment_690060\" aria-describedby=\"caption-attachment-690060\" style=\"width: 1500px\" class=\"wp-caption alignnone\"><img loading=\"lazy\" decoding=\"async\" class=\"wp-image-690060 size-full\" src=\"https:\/\/mrmondialisation.org\/wp-content\/uploads\/2025\/01\/valeriano-g-unsplash-1.jpg\" alt=\"\" width=\"1500\" height=\"2250\" srcset=\"https:\/\/mrmondialisation.org\/wp-content\/uploads\/2025\/01\/valeriano-g-unsplash-1.jpg 1500w, https:\/\/mrmondialisation.org\/wp-content\/uploads\/2025\/01\/valeriano-g-unsplash-1-683x1024.jpg 683w, https:\/\/mrmondialisation.org\/wp-content\/uploads\/2025\/01\/valeriano-g-unsplash-1-1016x1524.jpg 1016w, https:\/\/mrmondialisation.org\/wp-content\/uploads\/2025\/01\/valeriano-g-unsplash-1-768x1152.jpg 768w, https:\/\/mrmondialisation.org\/wp-content\/uploads\/2025\/01\/valeriano-g-unsplash-1-1024x1536.jpg 1024w, https:\/\/mrmondialisation.org\/wp-content\/uploads\/2025\/01\/valeriano-g-unsplash-1-1365x2048.jpg 1365w, https:\/\/mrmondialisation.org\/wp-content\/uploads\/2025\/01\/valeriano-g-unsplash-1-696x1044.jpg 696w, https:\/\/mrmondialisation.org\/wp-content\/uploads\/2025\/01\/valeriano-g-unsplash-1-1068x1602.jpg 1068w, https:\/\/mrmondialisation.org\/wp-content\/uploads\/2025\/01\/valeriano-g-unsplash-1-280x420.jpg 280w\" sizes=\"auto, (max-width: 1500px) 100vw, 1500px\"\/><figcaption id=\"caption-attachment-690060\" class=\"wp-caption-text\">Les galgos sont des chiens naturellement athl\u00e9tiques, toujours pr\u00eats \u00e0 piquer un sprint. Photo de <a target=\"_blank\" href=\"https:\/\/unsplash.com\/fr\/@valeriano78?utm_content=creditCopyText&amp;utm_medium=referral&amp;utm_source=unsplash\">Valeriano G<\/a> sur <a target=\"_blank\" href=\"https:\/\/unsplash.com\/fr\/photos\/un-chien-courant-sur-la-plage-avec-un-frisbee-dans-la-gueule-XPkGGQGxmng?utm_content=creditCopyText&amp;utm_medium=referral&amp;utm_source=unsplash\">Unsplash<\/a><\/figcaption><\/figure>\n<p><em>\u00ab\u00a0<strong>Il ne faut pas oublier les podencos,<\/strong><\/em> souligne Jean-Philippe Pascal, <em>qui passent souvent au second plan. Leur physique est moins typ\u00e9 et \u00e9lanc\u00e9 que celui des galgos, et ils souffrent moins des traditions barbares qui s\u2019abattent sur leurs cousins. Pourtant, <strong>les podencos sont \u00e9galement victimes de la chasse et beaucoup sont r\u00e9cup\u00e9r\u00e9s compl\u00e8tement traumatis\u00e9s.<\/strong> Ce sont des chiens qui m\u00e9ritent tout autant d\u2019\u00eatre adopt\u00e9s.\u00a0\u00bb<\/em><\/p>\n<p>Malgr\u00e9 le travail incroyable des b\u00e9n\u00e9voles espagnols et des associations relais \u00e0 travers le monde, <strong>la loi espagnole de 2017 rappelle que les galgos et podencos sont encore loin de voir leur sort s\u2019am\u00e9liorer.<\/strong> <em>\u00ab\u00a0Il faut absolument m\u00e9diatiser ce sujet,<\/em> insiste le directeur de G.A.L.G.O.S. <strong><em>La commission europ\u00e9enne ne cesse de botter en touche, et cela n\u2019int\u00e9resse pas les grands m\u00e9dias. Pourtant, pour aider les galgos et podencos, il n\u2019y a rien de mieux que de <a target=\"_blank\" href=\"https:\/\/blog.levriers-sans-frontieres.com\/2019\/09\/10\/diana-et-doody-deux-galgos-martyrs-victimes-de-la-cruaute-de-lhomme\/comment-page-1\/\">les rendre visibles<\/a> aux yeux du grand public. Seul un r\u00e9el r\u00e9veil international pourra changer leur des<\/em><em>tin.<\/em><em>\u00ab\u00a0<\/em><\/strong><\/p>\n<p style=\"text-align: right;\"><em>\u2013 M\u00e9lusine L.<\/em><\/p>\n<hr\/>\n<p>Photo d\u2019en-t\u00eate de <a target=\"_blank\" href=\"https:\/\/unsplash.com\/fr\/@dada0101?utm_content=creditCopyText&amp;utm_medium=referral&amp;utm_source=unsplash\">Dada Mar<\/a> sur <a target=\"_blank\" href=\"https:\/\/unsplash.com\/fr\/photos\/photo-de-chien-brun-et-blanc-vW3TSK0KQAc?utm_content=creditCopyText&amp;utm_medium=referral&amp;utm_source=unsplash\">Unsplash<\/a><\/p>\n<p>\u00a0<\/p>\n<div class=\"td-a-rec td-a-rec-id-content_bottom  tdi_2 td_block_template_1\">\n<span class=\"td-adspot-title\">&#8211; Cet article gratuit et ind\u00e9pendant existe gr\u00e2ce \u00e0 vous &#8211;<\/span><\/p>\n<div class=\"td-all-devices\">\n    <a target=\"_blank\" href=\"https:\/\/mrmondialisation.org\/donation\/\" title=\"Faire_un_don\"><img decoding=\"async\" class=\"donationArticle\" src=\"https:\/\/mrmondialisation.org\/wp-content\/uploads\/2022\/12\/220405-flikalicious-final.jpg\" alt=\"Donation\"\/><\/a>\n<\/div>\n<\/div><\/div>\n<p><br \/>\n<br \/><a href=\"https:\/\/mrmondialisation.org\/galgos-podencos-souffrance-chiens-espagnols\/\" target=\"_blank\"\">Source link <\/a><\/p>\n","protected":false},"excerpt":{"rendered":"<p>Le 1er f\u00e9vrier marque la Journ\u00e9e Mondiale du galgo. Un nom que m\u00eame les amateurs de chiens ne connaissent pas forc\u00e9ment ; et une date symbolique qui co\u00efncide avec la&hellip; <\/p>\n","protected":false},"author":1,"featured_media":2567,"comment_status":"open","ping_status":"open","sticky":false,"template":"","format":"standard","meta":{"footnotes":""},"categories":[1],"tags":[],"class_list":["post-2566","post","type-post","status-publish","format-standard","has-post-thumbnail","hentry","category-non-classe"],"_links":{"self":[{"href":"https:\/\/monde25.info\/index.php\/wp-json\/wp\/v2\/posts\/2566","targetHints":{"allow":["GET"]}}],"collection":[{"href":"https:\/\/monde25.info\/index.php\/wp-json\/wp\/v2\/posts"}],"about":[{"href":"https:\/\/monde25.info\/index.php\/wp-json\/wp\/v2\/types\/post"}],"author":[{"embeddable":true,"href":"https:\/\/monde25.info\/index.php\/wp-json\/wp\/v2\/users\/1"}],"replies":[{"embeddable":true,"href":"https:\/\/monde25.info\/index.php\/wp-json\/wp\/v2\/comments?post=2566"}],"version-history":[{"count":0,"href":"https:\/\/monde25.info\/index.php\/wp-json\/wp\/v2\/posts\/2566\/revisions"}],"wp:featuredmedia":[{"embeddable":true,"href":"https:\/\/monde25.info\/index.php\/wp-json\/wp\/v2\/media\/2567"}],"wp:attachment":[{"href":"https:\/\/monde25.info\/index.php\/wp-json\/wp\/v2\/media?parent=2566"}],"wp:term":[{"taxonomy":"category","embeddable":true,"href":"https:\/\/monde25.info\/index.php\/wp-json\/wp\/v2\/categories?post=2566"},{"taxonomy":"post_tag","embeddable":true,"href":"https:\/\/monde25.info\/index.php\/wp-json\/wp\/v2\/tags?post=2566"}],"curies":[{"name":"wp","href":"https:\/\/api.w.org\/{rel}","templated":true}]}}