{"id":257,"date":"2024-11-16T15:00:25","date_gmt":"2024-11-16T14:00:25","guid":{"rendered":"https:\/\/monde25.info\/index.php\/2024\/11\/16\/thierry-agriculteur-brise-le-tabou-des-pesticides-et-recoit-des-menaces\/"},"modified":"2024-11-16T15:00:25","modified_gmt":"2024-11-16T14:00:25","slug":"thierry-agriculteur-brise-le-tabou-des-pesticides-et-recoit-des-menaces","status":"publish","type":"post","link":"https:\/\/monde25.info\/index.php\/2024\/11\/16\/thierry-agriculteur-brise-le-tabou-des-pesticides-et-recoit-des-menaces\/","title":{"rendered":"Thierry, agriculteur, brise le tabou des pesticides et re\u00e7oit des menaces"},"content":{"rendered":"<p> <br \/>\n<\/p>\n<div>\n<p class=\"indication_lieu\">Salon-de-Provence (Bouches-du-Rh\u00f4ne), reportage<\/p>\n<p>Sa terre est meuble comme un matelas moelleux. Thierry Gozzerino traverse son champ de poireaux et met ses mains dans un rang de patates douces pour en r\u00e9colter une de la taille d\u2019un ballon de rugby. <i>\u00ab<small class=\"fine d-inline\">\u00a0<\/small>J\u2019ai un taux de mati\u00e8res organiques dans mon sol \u00e0 6,5<small class=\"fine d-inline\">\u00a0<\/small>%, c\u2019est extraordinaire<small class=\"fine d-inline\">\u00a0<\/small>!<small class=\"fine d-inline\">\u00a0<\/small>\u00bb<\/i> dit-il avec \u00e9merveillement, les yeux rieurs, ses cheveux trop longs pour tous rentrer dans sa casquette. Le r\u00e9sultat d\u2019un travail de longue haleine pour l\u2019agriculteur de 48\u00a0ans, copr\u00e9sident des Paniers marseillais, qui a totalement chang\u00e9 de mod\u00e8le en 2007 en convertissant son exploitation \u00e0 l\u2019agriculture biologique.<\/p>\n<p>\u00c0 la t\u00eate d\u2019une ferme de 6 hectares \u00e0 Salon-de-Provence dans la Crau verte, plaine fertile entre la Camargue et l\u2019\u00e9tang de Berre, le mara\u00eecher produit d\u00e9sormais, avec l\u2019appui de cinq salari\u00e9s \u00e0 l\u2019ann\u00e9e, une cinquantaine de vari\u00e9t\u00e9s de l\u00e9gumes par an \u00e0 destination de 460\u00a0familles adh\u00e9rentes au r\u00e9seau des Associations pour le maintien d\u2019une agriculture paysanne (Amap).<\/p>\n<div class=\"spip_document_86199 spip_document spip_documents spip_document_image spip_documents_center spip_document_center spip_document_avec_legende\" data-legende-len=\"104\" data-legende-lenx=\"xx\">\n<figure class=\"spip_doc_inner\">\n      <picture><source type=\"image\/webp\" srcset=\"https:\/\/reporterre.net\/local\/cache-vignettes\/L1050xH700\/rid241105-3-cdfa1.jpg@.webp?1731675415\"><img decoding=\"async\" src=\"https:\/\/reporterre.net\/IMG\/jpg\/rid241105-3.jpg\" width=\"1200\" height=\"800\" loading=\"lazy\" alt=\"\"\/><br \/>\n    <\/source><\/picture><figcaption class=\"spip_doc_legende\">\n<p>L\u2019agriculteur produit une cinquantaine de vari\u00e9t\u00e9s de l\u00e9gumes bio par an.<br \/>\n<i>\u00a9 David Richard \/ Reporterre<\/i><\/p>\n<\/figcaption><\/figure>\n<\/p><\/div>\n<h2 class=\"spip\">Sa certification bio en p\u00e9ril<\/h2>\n<p>En mai dernier, lors d\u2019un contr\u00f4le inopin\u00e9 de son organisme certicateur Ecocert, une inspectrice a constat\u00e9 un risque de contamination de ses parcelles <i>\u00ab<small class=\"fine d-inline\">\u00a0<\/small>par les ruisseaux<small class=\"fine d-inline\">\u00a0<\/small>\u00bb<\/i>, remettant en cause son label bio. <i>\u00ab<small class=\"fine d-inline\">\u00a0<\/small>Elle a observ\u00e9 de l\u2019herbe jaunie dans les canaux d\u2019irrigation qui longent les parcelles de mes voisins, des traces caract\u00e9ristiques de l\u2019utilisation de glyphosate<small class=\"fine d-inline\">\u00a0<\/small>\u00bb<\/i>, explique Thierry Gozzerino.<\/p>\n<p>Les prairies alentour \u00e9taient alors inond\u00e9es selon la tradition d\u2019irrigation par submersion pratiqu\u00e9e depuis le <span class=\"caps\">XVI<\/span><sup class=\"typo_exposants\">e<\/sup> si\u00e8cle dans la plaine de la Crau. Pour l\u2019organisme Ecocert, le glyphosate des parcelles voisines pourrait bien finir par \u00e9coulement naturel dans son forage. <i>\u00ab<small class=\"fine d-inline\">\u00a0<\/small>Certains agriculteurs ont vu leur certification sauter pour cela. Je dois faire des analyses compl\u00e9mentaires, mais j\u2019ai peur des r\u00e9sultats<small class=\"fine d-inline\">\u00a0<\/small>\u00bb<\/i>, avoue-t-il, l\u2019air grave.<\/p>\n<div class=\"spip_document_86210 spip_document spip_documents spip_document_image spip_documents_center spip_document_center spip_document_avec_legende\" data-legende-len=\"134\" data-legende-lenx=\"xxx\">\n<figure class=\"spip_doc_inner\">\n      <picture><source type=\"image\/webp\" srcset=\"https:\/\/reporterre.net\/local\/cache-vignettes\/L1050xH700\/rid241105-17-a6f87.jpg@.webp?1731675415\"><img decoding=\"async\" src=\"https:\/\/reporterre.net\/IMG\/jpg\/rid241105-17.jpg\" width=\"1200\" height=\"800\" loading=\"lazy\" alt=\"\"\/><br \/>\n    <\/source><\/picture><figcaption class=\"spip_doc_legende\">\n<p>\u00ab<small class=\"fine d-inline\">\u00a0<\/small><small class=\"fine d-inline\">\u00a0<\/small>Je savais que c\u2019\u00e9tait un sujet sensible. J\u2019y suis donc all\u00e9 en douceur<small class=\"fine d-inline\">\u00a0<\/small><small class=\"fine d-inline\">\u00a0<\/small>\u00bb, explique Thierry Gozzerino.<br \/>\n<i>\u00a9 David Richard \/ Reporterre<\/i><\/p>\n<\/figcaption><\/figure>\n<\/p><\/div>\n<p>Cela fait plusieurs ann\u00e9es que l\u2019agriculteur interpelle ses voisins, les \u00e9lus locaux et la chambre d\u2019agriculture des Bouches-du-Rh\u00f4ne, photos \u00e0 l\u2019appui, sur l\u2019utilisation de d\u00e9sherbants chimiques dans les foss\u00e9s et canaux qui sillonnent par centaines la plaine de la Crau. <i>\u00ab<small class=\"fine d-inline\">\u00a0<\/small>Je savais que c\u2019\u00e9tait un sujet sensible. J\u2019y suis donc all\u00e9 en douceur en demandant \u00e0 ce que ce soit mis \u00e0 l\u2019ordre du jour de la commission agricole du quartier en 2020.<small class=\"fine d-inline\">\u00a0<\/small>\u00bb<\/i> En vain. En 2021, des clients venant chercher leur panier de l\u00e9gumes sur sa ferme lui ont signal\u00e9 des traitements r\u00e9alis\u00e9s depuis le bord des routes.<\/p>\n<p>Pour faire changer les pratiques, Thierry Gozzerino a invit\u00e9 ses voisins pour \u00e9changer sur le travail du sol et les alternatives aux mol\u00e9cules chimiques. Il leur a propos\u00e9 de signer une charte pour qu\u2019ils s\u2019engagent \u00e0 ne plus utiliser de d\u00e9sherbants de synth\u00e8se. Sans plus de succ\u00e8s. Il est m\u00eame all\u00e9 jusqu\u2019\u00e0 leur mettre \u00e0 disposition gratuitement de l\u2019acide p\u00e9largonique. Ce d\u00e9sherbant est, selon lui, <i>\u00ab<small class=\"fine d-inline\">\u00a0<\/small>moins impactant que le glyphosate<small class=\"fine d-inline\">\u00a0<\/small>\u00bb<\/i>.<\/p>\n<h2 class=\"spip\">Une plainte contre X d\u00e9pos\u00e9e<\/h2>\n<p>Entre deux haies de cypr\u00e8s, Thierry enjambe le canal enherb\u00e9 qui longe son terrain. <i>\u00ab<small class=\"fine d-inline\">\u00a0<\/small>Moi aussi, j\u2019ai utilis\u00e9 du glyphosate \u00e0 mes d\u00e9buts. On me disait de traiter, je le faisais. Je me retrouve exactement dans la peau de ces gars-l\u00e0.<small class=\"fine d-inline\">\u00a0<\/small>\u00bb<\/i><\/p>\n<p>Thierry Gozzerino fait r\u00e9f\u00e9rence aux dix agriculteurs auditionn\u00e9s ces derniers mois par l\u2019Office fran\u00e7ais de la biodiversit\u00e9 (<span class=\"caps\">OFB<\/span>) \u00e0 la demande du parquet d\u2019Aix-en-Provence. Ils sont suspect\u00e9s d\u2019avoir pulv\u00e9ris\u00e9 du glyphosate alors que la r\u00e9glementation l\u2019interdit dans les canaux et foss\u00e9s d\u2019irrigation reli\u00e9s au r\u00e9seau hydrographique. Une plainte contre X a \u00e9t\u00e9 d\u00e9pos\u00e9e par France Nature Environnement (<span class=\"caps\">FNE<\/span>) Bouches-du-Rh\u00f4ne et Provence-Alpes-C\u00f4te d\u2019Azur (Paca) le 5\u00a0juin pour non-respect de ces zones de non-traitement.<\/p>\n<blockquote class=\"spip\">\n<p>\u00ab<small class=\"fine d-inline\">\u00a0<\/small>On m\u2019a dit qu\u2019on allait <br class=\"manualbr\"\/>\u201cs\u2019occuper\u201d de moi<small class=\"fine d-inline\">\u00a0<\/small>\u00bb<\/p>\n<\/blockquote>\n<p>La plainte mentionne Thierry Gozzerino comme lanceur d\u2019alerte. Depuis, il est la cible d\u2019intimidations et d\u2019appels t\u00e9l\u00e9phoniques mena\u00e7ants. <i>\u00ab<small class=\"fine d-inline\">\u00a0<\/small>On m\u2019a dit qu\u2019on allait \u201cs\u2019occuper\u201d de moi. J\u2019ai dormi quelques nuits dans ma caravane parce que je n\u2019avais pas envie qu\u2019on me br\u00fble mon hangar.<small class=\"fine d-inline\">\u00a0<\/small>\u00bb<\/i> Le 12\u00a0juillet, il a d\u00e9pos\u00e9 une main courante pour menaces et injures. <i>\u00ab<small class=\"fine d-inline\">\u00a0<\/small>Je suis trait\u00e9 de \u201cd\u00e9lateur\u201d. Mais, moi, je suis persuad\u00e9 que je sauve des vies.<small class=\"fine d-inline\">\u00a0<\/small>\u00bb<\/i><\/p>\n<div class=\"spip_document_86204 spip_document spip_documents spip_document_image spip_documents_center spip_document_center spip_document_avec_legende\" data-legende-len=\"116\" data-legende-lenx=\"xx\">\n<figure class=\"spip_doc_inner\">\n      <picture><source type=\"image\/webp\" srcset=\"https:\/\/reporterre.net\/local\/cache-vignettes\/L1050xH700\/rid241105-6-d29bd.jpg@.webp?1731675676\"><img decoding=\"async\" src=\"https:\/\/reporterre.net\/IMG\/jpg\/rid241105-6.jpg\" width=\"1200\" height=\"800\" loading=\"lazy\" alt=\"\"\/><br \/>\n    <\/source><\/picture><figcaption class=\"spip_doc_legende\">\n<p>\u00ab<small class=\"fine d-inline\">\u00a0<\/small><small class=\"fine d-inline\">\u00a0<\/small>On m\u2019a dit qu\u2019on allait \u201cs\u2019occuper\u201d de moi<small class=\"fine d-inline\">\u00a0<\/small><small class=\"fine d-inline\">\u00a0<\/small>\u00bb, s\u2019inqui\u00e8te l\u2019agriculteur.<br \/>\n<i>\u00a9 David Richard \/ Reporterre<\/i><\/p>\n<\/figcaption><\/figure>\n<\/p><\/div>\n<p><i>\u00ab<small class=\"fine d-inline\">\u00a0<\/small>Ce n\u2019est pas normal que Thierry endosse seul les risques. C\u2019est un lanceur d\u2019alerte et nous consid\u00e9rons qu\u2019il a parl\u00e9 en notre nom<small class=\"fine d-inline\">\u00a0<\/small>\u00bb<\/i>, r\u00e9agit Laurence Suzanne, copr\u00e9sidente des Paniers marseillais, un r\u00e9seau d\u2019Amap qui fournit 5\u00a0500\u00a0adh\u00e9rents en fruits et l\u00e9gumes \u00e0 Marseille.<\/p>\n<p>L\u2019association a sollicit\u00e9 un rendez-vous avec le pr\u00e9sident de la chambre d\u2019agriculture des Bouches-du-Rh\u00f4ne, Patrick L\u00e9v\u00eaque, <i>\u00ab<small class=\"fine d-inline\">\u00a0<\/small>afin d\u2019apaiser la situation<small class=\"fine d-inline\">\u00a0<\/small>\u00bb<\/i>. Ce dernier refuse, jugeant le moment inopportun en raison des \u00e9lections professionnelles agricoles de janvier prochain.<\/p>\n<h2 class=\"spip\">Une g\u00e9n\u00e9ration d\u2019agriculteurs \u00ab<small class=\"fine d-inline\">\u00a0<\/small>tomb\u00e9e comme des mouches<small class=\"fine d-inline\">\u00a0<\/small>\u00bb<\/h2>\n<p>Rien ne pr\u00e9destinait Thierry Gozzerino \u00e0 devenir un d\u00e9fenseur chevronn\u00e9 de l\u2019agriculture biologique. Fils et petit-fils de paysan d\u2019origine italienne, il se revoit derri\u00e8re le tracteur de son p\u00e8re <i>\u00ab<small class=\"fine d-inline\">\u00a0<\/small>en train d\u2019enfouir des produits chimiques dans le sol<small class=\"fine d-inline\">\u00a0<\/small>\u00bb<\/i>. Une fois install\u00e9 \u00e0 son compte, il a poursuivi sur le m\u00eame fonctionnement en monoculture\u00a0: salade en hiver, tomate en \u00e9t\u00e9. Alors qu\u2019il fr\u00f4le la faillite en 2005, il se tourne vers le bio et la vente directe avant tout dans l\u2019espoir de trouver un mod\u00e8le \u00e9conomique r\u00e9mun\u00e9rateur.<\/p>\n<p>Son regard se fige au moment d\u2019\u00e9voquer les gens autour de lui <a target=\"_blank\" href=\"https:\/\/reporterre.net\/Pesticides-le-combat-des-familles-d-agriculteurs-souffrant-de-tumeurs\">tomb\u00e9s malades<\/a>. Cancer de la prostate, lymphome, leuc\u00e9mie, parkinson. Dans sa famille, c\u2019\u00e9tait l\u2019h\u00e9catombe. Son p\u00e8re est mort en 2012 d\u2019un lymphome reconnu comme maladie professionnelle par la Mutualit\u00e9 sociale agricole (<span class=\"caps\">MSA<\/span>) en raison de son exposition aux pesticides. <i>\u00ab<small class=\"fine d-inline\">\u00a0<\/small>Le seul de mes quatre oncles encore en vie est celui qui a arr\u00eat\u00e9 l\u2019agriculture \u00e0 40\u00a0ans. Nous avons clairement une g\u00e9n\u00e9ration qui est tomb\u00e9e comme des mouches.<small class=\"fine d-inline\">\u00a0<\/small>\u00bb<\/i><\/p>\n<div class=\"spip_document_86201 spip_document spip_documents spip_document_image spip_documents_center spip_document_center spip_document_avec_legende\" data-legende-len=\"128\" data-legende-lenx=\"xxx\">\n<figure class=\"spip_doc_inner\">\n      <picture><source type=\"image\/webp\" srcset=\"https:\/\/reporterre.net\/local\/cache-vignettes\/L1050xH700\/rid241105-4-525ab.jpg@.webp?1731675415\"><img decoding=\"async\" src=\"https:\/\/reporterre.net\/IMG\/jpg\/rid241105-4.jpg\" width=\"1200\" height=\"800\" loading=\"lazy\" alt=\"\"\/><br \/>\n    <\/source><\/picture><figcaption class=\"spip_doc_legende\">\n<p>Pour Thierry Gozzerino, \u00ab<small class=\"fine d-inline\">\u00a0<\/small><small class=\"fine d-inline\">\u00a0<\/small>le monde agricole doit aussi \u00eatre capable de se remettre en question<small class=\"fine d-inline\">\u00a0<\/small><small class=\"fine d-inline\">\u00a0<\/small>\u00bb.<br \/>\n<i>\u00a9 David Richard \/ Reporterre<\/i><\/p>\n<\/figcaption><\/figure>\n<\/p><\/div>\n<p>Pourtant, le sujet des pesticides est rest\u00e9 un gros tabou. <i>\u00ab<small class=\"fine d-inline\">\u00a0<\/small>\u00c0 la maison on ne parlait jamais d\u2019agriculture chimique<small class=\"fine d-inline\">\u00a0<\/small>! Mon p\u00e8re \u00e9tait juste content que je sois pass\u00e9 en bio.<small class=\"fine d-inline\">\u00a0<\/small>\u00bb<\/i> Lors de sa derni\u00e8re formation Certiphyto \u2014 certificat obligatoire pour utiliser des herbicides, fongicides et insecticides\u00a0\u2014, il a observ\u00e9 des agriculteurs <i>\u00ab<small class=\"fine d-inline\">\u00a0<\/small>se boucher physiquement les oreilles quand la formatrice \u00e9voquait les maladies provoqu\u00e9es par les produits phytosanitaires<small class=\"fine d-inline\">\u00a0<\/small>\u00bb<\/i>.<\/p>\n<p><i>\u00ab<small class=\"fine d-inline\">\u00a0<\/small>Contrairement au probl\u00e8me de l\u2019amiante dans l\u2019industrie, o\u00f9 les autorit\u00e9s ont fini par r\u00e9agir, quand il s\u2019agit des agriculteurs personne ne bouge. On continue d\u2019autoriser des mol\u00e9cules qui nous tuent \u00e0 petit feu, j\u2019en veux aux d\u00e9cideurs politiques de laisser-faire<small class=\"fine d-inline\">\u00a0<\/small>\u00bb<\/i>, appuie Thierry.<\/p>\n<div class=\"spip_document_86200 spip_document spip_documents spip_document_image spip_documents_center spip_document_center spip_document_avec_legende\" data-legende-len=\"153\" data-legende-lenx=\"xxx\">\n<figure class=\"spip_doc_inner\">\n      <picture><source type=\"image\/webp\" srcset=\"https:\/\/reporterre.net\/local\/cache-vignettes\/L1050xH700\/rid241105-1-97ff3.jpg@.webp?1731675676\"><img decoding=\"async\" src=\"https:\/\/reporterre.net\/IMG\/jpg\/rid241105-1.jpg\" width=\"1200\" height=\"800\" loading=\"lazy\" alt=\"\"\/><br \/>\n    <\/source><\/picture><figcaption class=\"spip_doc_legende\">\n<p>\u00ab<small class=\"fine d-inline\">\u00a0<\/small><small class=\"fine d-inline\">\u00a0<\/small>On continue d\u2019autoriser des mol\u00e9cules qui nous tuent \u00e0 petit feu, j\u2019en veux aux d\u00e9cideurs politiques de laisser-faire.<small class=\"fine d-inline\">\u00a0<\/small><small class=\"fine d-inline\">\u00a0<\/small>\u00bb<br \/>\n<i>\u00a9 David Richard \/ Reporterre<\/i><\/p>\n<\/figcaption><\/figure>\n<\/p><\/div>\n<h2 class=\"spip\">Responsabilit\u00e9 envers ses adh\u00e9rents<\/h2>\n<p>Lui est d\u00e9termin\u00e9 \u00e0 mettre le sujet sur la place publique. Le fourgon rempli de l\u00e9gumes et les mains incrust\u00e9es de terre sur son volant, Thierry regarde par la fen\u00eatre la trentaine <i>\u00ab<small class=\"fine d-inline\">\u00a0<\/small>d\u2019Amapiens<small class=\"fine d-inline\">\u00a0<\/small>\u00bb<\/i> qui l\u2019attend sous les lampadaires d\u2019un parking \u00e0 Martigues. <i>\u00ab<small class=\"fine d-inline\">\u00a0<\/small>Vous allez voir, ils sont horribles<small class=\"fine d-inline\">\u00a0<\/small>\u00bb<\/i>, rit-il, jamais avide d\u2019une blague, avant de se reprendre\u00a0: <i>\u00ab<small class=\"fine d-inline\">\u00a0<\/small>Je les adore<small class=\"fine d-inline\">\u00a0<\/small>!<small class=\"fine d-inline\">\u00a0<\/small>\u00bb<\/i><\/p>\n<p>L\u2019agriculteur ne cache rien \u00e0 ses adh\u00e9rents\u00a0: sa certification bio menac\u00e9e, sa maladie de la thyro\u00efde li\u00e9e \u00e0 son exposition aux pesticides, les malades autour de lui&#8230; <i>\u00ab<small class=\"fine d-inline\">\u00a0<\/small>C\u2019est r\u00e9voltant<\/i>, r\u00e9agit Catherine Dumont, membre de l\u2019Amap de Martigues depuis vingt\u00a0ans. <i>Le pire serait que son alerte retombe comme un soufflet, que tout le monde passe \u00e0 autre chose.<small class=\"fine d-inline\">\u00a0<\/small>\u00bb<\/i><\/p>\n<p>L\u2019adh\u00e9rente a sign\u00e9 <a target=\"_blank\" href=\"https:\/\/www.openpetition.eu\/fr\/petition\/online\/pour-la-sante-des-paysans-et-des-citoyens\" class=\"spip_out\" rel=\"external\">la p\u00e9tition<\/a> du collectif Z\u00e9ro phyto dans nos canaux. Ce dernier, form\u00e9 par des adh\u00e9rents du r\u00e9seau des Amap de Provence en juillet, esp\u00e8re <i>\u00ab<small class=\"fine d-inline\">\u00a0<\/small>alerter, \u00e9changer et pr\u00e9senter des alternatives au glyphosate<small class=\"fine d-inline\">\u00a0<\/small>\u00bb<\/i>. Une r\u00e9union avec des agriculteurs de la Crau sur le sujet est pr\u00e9vue le 29\u00a0novembre prochain.<\/p>\n<div class=\"spip_document_86212 spip_document spip_documents spip_document_image spip_documents_center spip_document_center spip_document_avec_legende\" data-legende-len=\"89\" data-legende-lenx=\"xx\">\n<figure class=\"spip_doc_inner\">\n      <picture><source type=\"image\/webp\" srcset=\"https:\/\/reporterre.net\/local\/cache-vignettes\/L1050xH700\/rid241105-20-4a986.jpg@.webp?1731675416\"><img decoding=\"async\" src=\"https:\/\/reporterre.net\/IMG\/jpg\/rid241105-20.jpg\" width=\"1200\" height=\"800\" loading=\"lazy\" alt=\"\"\/><br \/>\n    <\/source><\/picture><figcaption class=\"spip_doc_legende\">\n<p>Distribution des paniers \u00e0 l\u2019Amap A Tout Bio, \u00e0 Martigues.<br \/>\n<i>\u00a9 David Richard \/ Reporterre<\/i><\/p>\n<\/figcaption><\/figure>\n<\/p><\/div>\n<p>Pour l\u2019adjointe \u00e0 l\u2019agriculture et \u00e0 l\u2019urbanisme de Salon-de-Provence, Maryl\u00e8ne Bonfillon, contact\u00e9e par <i>Reporterre<\/i>, l\u2019utilisation de glyphosate dans les canaux reste tr\u00e8s marginale\u00a0: <i>\u00ab<small class=\"fine d-inline\">\u00a0<\/small>La grande majorit\u00e9 des agriculteurs utilisent le focardage m\u00e9canique pour les d\u00e9sherber. Et nous avons une eau de bonne qualit\u00e9. Ceux qui utilisent le glyphosate \u00e9taient tr\u00e8s \u00e9tonn\u00e9s que l\u2019on remette en cause leur pratique. Ils pensaient que c\u2019\u00e9tait autoris\u00e9.<small class=\"fine d-inline\">\u00a0<\/small>\u00bb<\/i><\/p>\n<p>La question des herbicides dans les canaux d\u2019irrigation est un sujet sensible. L\u2019irrigation gravitaire, utilis\u00e9e pour la production du foin de Crau, permet le remplissage \u00e0 70<small class=\"fine d-inline\">\u00a0<\/small>% de la nappe qui alimente en eau potable 300\u00a0000\u00a0personnes selon le syndicat Symcrau. Personne ne veut entacher l\u2019image des producteurs de l\u2019<span class=\"caps\">AOP<\/span> Foin de Crau dans un contexte de r\u00e9volte agricole sous le slogan <i>\u00ab<small class=\"fine d-inline\">\u00a0<\/small>On marche sur la t\u00eate<small class=\"fine d-inline\">\u00a0<\/small>\u00bb<\/i>. Thierry, qui participait au blocage de l\u2019autoroute en janvier dernier, aime bien cette formule\u00a0: <i>\u00ab<small class=\"fine d-inline\">\u00a0<\/small>La s\u00e9mantique du \u201con\u201d int\u00e8gre celui qui le scande. Le monde agricole doit aussi \u00eatre capable de se remettre en question.<small class=\"fine d-inline\">\u00a0<\/small>\u00bb<\/i><\/p>\n<p><center><br \/>\n  <\/p>\n<p><\/center><\/p>\n<aside class=\"boite_encarts\">\n<div class=\"encart encart_gris noprint\">\n<p><strong>Il est de retour.<\/strong><\/p>\n<p>Dans quelques semaines, Donald Trump se r\u00e9-installera \u00e0 la Maison Blanche.<\/p>\n<p>Un milliardaire, pour qui le r\u00e9chauffement climatique est \u00ab<small class=\"fine d-inline\">\u00a0<\/small>un canular<small class=\"fine d-inline\">\u00a0<\/small>\u00bb, sera \u00e0 la t\u00eate de la plus grande puissance mondiale.<\/p>\n<p>Dans une d\u00e9cennie cruciale pour l\u2019\u00e9cologie, nous ne pouvons pas nous permettre de perdre plus de temps.<\/p>\n<p>La soci\u00e9t\u00e9 civile doit continuer de se soulever, de se mobiliser et de faire pression sur les puissants.<\/p>\n<p>Mais pour agir, il faut savoir.<\/p>\n<p><strong>Depuis 11 ans, nous publions des articles de qualit\u00e9 sur l\u2019\u00e9cologie, en acc\u00e8s libre et sans publicit\u00e9, pour tous.<\/strong><\/p>\n<p>Nous avons la conviction que l\u2019urgence \u00e9cologique est l\u2019enjeu majeur de notre \u00e9poque.<br class=\"autobr\"\/><br \/>\n Et comme plus de 2 millions de lectrices et lecteurs chaque mois, vous partagez sans doute cette conviction&#8230;<\/p>\n<p>Alors si vous en avez les moyens, sachez qu\u2019un don, m\u00eame d\u20191\u20ac, est un acte de soutien fort pour l\u2019\u00e9cologie et le journalisme ind\u00e9pendant.<br class=\"autobr\"\/><br \/>\n (Et \u00e7a vous prendra moins de temps que la lecture de ce texte).<\/p>\n<p><strong>Si vous le pouvez, choisissez un soutien mensuel. Merci.<\/strong><\/p>\n<p><a target=\"_blank\" href=\"https:\/\/reporterre.net\/dons\" class=\"bt_soutenir\">Je soutiens <i>Reporterre<\/i><\/a><\/p>\n<\/p><\/div>\n<div class=\"encart encart_vert noprint montre_1023\">\n<div class=\"infolettre-form-container noprint\">\n<p>Abonnez-vous \u00e0 la lettre d\u2019info de Reporterre<\/p>\n<\/div><\/div>\n<\/aside>\n<aside class=\"boite_apresarticle encart_note\">\n<h4>Apr\u00e8s cet article<\/h4>\n<p>      <a target=\"_blank\" href=\"https:\/\/reporterre.net\/Un-cancer-a-33-ans-victimes-des-pesticides-ils-temoignent-en-lycee-agricole\" class=\"lien_article\">\n      <picture class=\"vignette_gauche\"><source type=\"image\/webp\" srcset=\"https:\/\/reporterre.net\/local\/cache-gd2\/93\/b3c5e7edfdd1476c7c70c8f23cd35a.jpg@.webp?1730133735\"><img decoding=\"async\" src=\"https:\/\/reporterre.net\/local\/cache-gd2\/93\/b3c5e7edfdd1476c7c70c8f23cd35a.jpg?1730133735\" width=\"450\" height=\"300\" alt=\"\" class=\"marge12\" loading=\"lazy\"\/><br \/>\n<\/source><\/picture>\n<p class=\"libelle\">\n<p>          Reportage \u2014<\/p>\n<p>      Pesticides\n    <\/p>\n<p class=\"titre pol20\">Un cancer \u00e0 33 ans\u00a0: victimes des pesticides, ils t\u00e9moignent en lyc\u00e9e agricole<\/p>\n<p>      <\/a><br \/>\n    <\/aside>\n<aside class=\"boite_complement texte\">\n<p>      <!-- zone_forum --><br \/>\n          <\/aside>\n<aside class=\"boite_lireaussi noprint\">\n<\/aside>\n<aside class=\"colonne\">\n<div class=\"article_info cache_1023 noprint\">\n<p>    <span class=\"date\">16 novembre 2024  \u00e0 09h09<\/span><\/p>\n<p class=\"duree_lecture\">\n        Dur\u00e9e de lecture : 8 minutes\n      <\/p>\n<\/p><\/div>\n<div class=\"bloc_infolettre\">\n<div class=\"infolettre-form-container noprint\">\n<p>Abonnez-vous \u00e0 la lettre d\u2019info de Reporterre<\/p>\n<\/div><\/div>\n<\/aside><\/div>\n<p><br \/>\n<br \/><a href=\"https:\/\/reporterre.net\/Thierry-agriculteur-brise-le-tabou-des-pesticides-et-recoit-des-menaces\" target=\"_blank\"\">Source link <\/a><\/p>\n","protected":false},"excerpt":{"rendered":"<p>Salon-de-Provence (Bouches-du-Rh\u00f4ne), reportage Sa terre est meuble comme un matelas moelleux. Thierry Gozzerino traverse son champ de poireaux et met ses mains dans un rang de patates douces pour en&hellip; <\/p>\n","protected":false},"author":1,"featured_media":258,"comment_status":"open","ping_status":"open","sticky":false,"template":"","format":"standard","meta":{"footnotes":""},"categories":[1],"tags":[],"class_list":["post-257","post","type-post","status-publish","format-standard","has-post-thumbnail","hentry","category-non-classe"],"_links":{"self":[{"href":"https:\/\/monde25.info\/index.php\/wp-json\/wp\/v2\/posts\/257","targetHints":{"allow":["GET"]}}],"collection":[{"href":"https:\/\/monde25.info\/index.php\/wp-json\/wp\/v2\/posts"}],"about":[{"href":"https:\/\/monde25.info\/index.php\/wp-json\/wp\/v2\/types\/post"}],"author":[{"embeddable":true,"href":"https:\/\/monde25.info\/index.php\/wp-json\/wp\/v2\/users\/1"}],"replies":[{"embeddable":true,"href":"https:\/\/monde25.info\/index.php\/wp-json\/wp\/v2\/comments?post=257"}],"version-history":[{"count":0,"href":"https:\/\/monde25.info\/index.php\/wp-json\/wp\/v2\/posts\/257\/revisions"}],"wp:featuredmedia":[{"embeddable":true,"href":"https:\/\/monde25.info\/index.php\/wp-json\/wp\/v2\/media\/258"}],"wp:attachment":[{"href":"https:\/\/monde25.info\/index.php\/wp-json\/wp\/v2\/media?parent=257"}],"wp:term":[{"taxonomy":"category","embeddable":true,"href":"https:\/\/monde25.info\/index.php\/wp-json\/wp\/v2\/categories?post=257"},{"taxonomy":"post_tag","embeddable":true,"href":"https:\/\/monde25.info\/index.php\/wp-json\/wp\/v2\/tags?post=257"}],"curies":[{"name":"wp","href":"https:\/\/api.w.org\/{rel}","templated":true}]}}