{"id":2570,"date":"2025-02-14T00:42:37","date_gmt":"2025-02-13T23:42:37","guid":{"rendered":"https:\/\/monde25.info\/index.php\/2025\/02\/14\/les-reglementations-europeennes-sattaquent-a-lappellation-kefir-de-fruits\/"},"modified":"2025-02-14T00:42:37","modified_gmt":"2025-02-13T23:42:37","slug":"les-reglementations-europeennes-sattaquent-a-lappellation-kefir-de-fruits","status":"publish","type":"post","link":"https:\/\/monde25.info\/index.php\/2025\/02\/14\/les-reglementations-europeennes-sattaquent-a-lappellation-kefir-de-fruits\/","title":{"rendered":"Les r\u00e9glementations europ\u00e9ennes s&rsquo;attaquent \u00e0 l&rsquo;appellation \u00ab\u00a0k\u00e9fir\u00a0\u00bb de fruits"},"content":{"rendered":"<p> <br \/>\n<\/p>\n<div>\n<p><strong>Une loi europ\u00e9enne menace les producteurs fran\u00e7ais de k\u00e9fir de fruits en interdisant l\u2019usage de cette appellation. En r\u00e9ponse, chercheurs et producteurs d\u00e9noncent une d\u00e9rive r\u00e9glementaire qui fragiliserait une fili\u00e8re en plein essor. Il faut dire qu&rsquo;il y a peut-\u00eatre des probl\u00e8mes plus urgents&#8230;<\/strong><\/p>\n<p>Faute d&rsquo;avoir suffisamment de sujets \u00e0 traiter, la r\u00e9glementation europ\u00e9enne pourrait bient\u00f4t forcer les producteurs de k\u00e9fir de fruits \u00e0 abandonner leur nom historique au profit d\u2019une d\u00e9signation plus floue. Une d\u00e9cision administrative qui risque de d\u00e9stabiliser une jeune industrie, pourtant porteuse d\u2019alternatives saines face aux sodas industriels. Ce n\u2019est pas simplement une question de s\u00e9mantique : une telle d\u00e9cision pourrait engendrer des pertes \u00e9conomiques importantes pour les producteurs fran\u00e7ais. Mais comment en est-on arriv\u00e9 l\u00e0 ?<\/p>\n<p>En cause, la d\u00e9finition europ\u00e9enne du \u00ab k\u00e9fir \u00bb, r\u00e9serv\u00e9e aux produits laitiers. Depuis quelques mois, la Direction g\u00e9n\u00e9rale de la concurrence, de la consommation et de la r\u00e9pression des fraudes (DGCCRF) ordonne aux producteurs de k\u00e9fir de fruits de renoncer \u00e0 cette appellation, au motif que le k\u00e9fir doit imp\u00e9rativement \u00eatre \u00e0 base de lait. Comme le rapporte <a target=\"_blank\" href=\"https:\/\/reporterre.net\/Nous-refusons-d-abandonner-le-kefir-de-fruits\"><em>Reporterre<\/em><\/a>, cette d\u00e9cision semble davantage aliment\u00e9e par des lobbys industriels que par une r\u00e9elle volont\u00e9 de prot\u00e9ger les consommateurs. En effet, les produits \u00e0 base de lait sont massivement industrialis\u00e9s, tandis que les k\u00e9firs de fruits, bien plus artisanaux, n\u2019ont pas su trouver leur place dans cette r\u00e9glementation. Ce vide l\u00e9gislatif s&rsquo;av\u00e8re \u00eatre une aubaine pour les grandes entreprises.<\/p>\n<p>Pourtant, aucune confusion n&rsquo;est possible entre k\u00e9fir de lait et k\u00e9fir de fruits. Leur apparence, leur go\u00fbt et leurs usages sont radicalement diff\u00e9rents. Par ailleurs, la science et les pratiques anciennes le confirment : le k\u00e9fir de fruits est bel et bien un k\u00e9fir, tout comme son homologue lact\u00e9. Les deux boissons partagent une m\u00eame m\u00e9thode de fabrication \u00e0 base de grains, mais se distinguent par leur composition microbiologique et leur fermentation. Bref, il s&rsquo;agit d\u2019une question de tradition et de sant\u00e9 publique, que les lobbys ont pris \u00e0 bras-le-corps.<\/p>\n<\/div>\n<p><script>(function(d, s, id) {  var js, fjs = d.getElementsByTagName(s)[0];  if (d.getElementById(id)) return;  js = d.createElement(s); js.id = id;  js.src = \"\/\/connect.facebook.net\/fr_FR\/sdk.js#xfbml=1&version=v2.3\";  fjs.parentNode.insertBefore(js, fjs);}(document, \"script\", \"facebook-jssdk\"));<\/script><br \/>\n<br \/><br \/>\n<br \/><a href=\"https:\/\/www.francesoir.fr\/societe-faits-divers\/les-reglementations-europeennes-s-attaquent-l-appellation-kefir-de-fruits\" target=\"_blank\"\">Source link <\/a><\/p>\n","protected":false},"excerpt":{"rendered":"<p>Une loi europ\u00e9enne menace les producteurs fran\u00e7ais de k\u00e9fir de fruits en interdisant l\u2019usage de cette appellation. En r\u00e9ponse, chercheurs et producteurs d\u00e9noncent une d\u00e9rive r\u00e9glementaire qui fragiliserait une fili\u00e8re&hellip; <\/p>\n","protected":false},"author":1,"featured_media":2571,"comment_status":"open","ping_status":"open","sticky":false,"template":"","format":"standard","meta":{"footnotes":""},"categories":[1],"tags":[],"class_list":["post-2570","post","type-post","status-publish","format-standard","has-post-thumbnail","hentry","category-non-classe"],"_links":{"self":[{"href":"https:\/\/monde25.info\/index.php\/wp-json\/wp\/v2\/posts\/2570","targetHints":{"allow":["GET"]}}],"collection":[{"href":"https:\/\/monde25.info\/index.php\/wp-json\/wp\/v2\/posts"}],"about":[{"href":"https:\/\/monde25.info\/index.php\/wp-json\/wp\/v2\/types\/post"}],"author":[{"embeddable":true,"href":"https:\/\/monde25.info\/index.php\/wp-json\/wp\/v2\/users\/1"}],"replies":[{"embeddable":true,"href":"https:\/\/monde25.info\/index.php\/wp-json\/wp\/v2\/comments?post=2570"}],"version-history":[{"count":0,"href":"https:\/\/monde25.info\/index.php\/wp-json\/wp\/v2\/posts\/2570\/revisions"}],"wp:featuredmedia":[{"embeddable":true,"href":"https:\/\/monde25.info\/index.php\/wp-json\/wp\/v2\/media\/2571"}],"wp:attachment":[{"href":"https:\/\/monde25.info\/index.php\/wp-json\/wp\/v2\/media?parent=2570"}],"wp:term":[{"taxonomy":"category","embeddable":true,"href":"https:\/\/monde25.info\/index.php\/wp-json\/wp\/v2\/categories?post=2570"},{"taxonomy":"post_tag","embeddable":true,"href":"https:\/\/monde25.info\/index.php\/wp-json\/wp\/v2\/tags?post=2570"}],"curies":[{"name":"wp","href":"https:\/\/api.w.org\/{rel}","templated":true}]}}