{"id":2574,"date":"2025-02-14T01:48:38","date_gmt":"2025-02-14T00:48:38","guid":{"rendered":"https:\/\/monde25.info\/index.php\/2025\/02\/14\/negociations-de-paix-en-ukraine-les-europeens-redoutent-detre-les-laisses-pour-compte-dun-accord-trump\/"},"modified":"2025-02-14T01:48:38","modified_gmt":"2025-02-14T00:48:38","slug":"negociations-de-paix-en-ukraine-les-europeens-redoutent-detre-les-laisses-pour-compte-dun-accord-trump","status":"publish","type":"post","link":"https:\/\/monde25.info\/index.php\/2025\/02\/14\/negociations-de-paix-en-ukraine-les-europeens-redoutent-detre-les-laisses-pour-compte-dun-accord-trump\/","title":{"rendered":"N\u00e9gociations de paix en Ukraine : les Europ\u00e9ens redoutent d&rsquo;\u00eatre les laiss\u00e9s pour compte d&rsquo;un accord Trump"},"content":{"rendered":"<p> <br \/>\n<br \/><img decoding=\"async\" src=\"https:\/\/mf.b37mrtl.ru\/french\/images\/2025.02\/thumbnail\/67ae022b87f3ec335a6c8d05.jpg\" \/><\/p>\n<div>\n<p class=\"text__summary\">\n                                        Apr\u00e8s l\u2019entretien t\u00e9l\u00e9phonique entre Vladimir Poutine et Donald Trump et leur d\u00e9cision de lancer des n\u00e9gociations pour mettre fin au conflit en Ukraine, les dirigeants de l\u2019Union europ\u00e9enne ont exprim\u00e9 leur frustration. La chef de la diplomatie europ\u00e9enne, Kaja Kallas, avertit qu\u2019aucun accord ne pourra aboutir sans la participation des Europ\u00e9ens.\n                                    <\/p>\n<p>L&rsquo;annonce par\u00a0Donald Trump, le 12 f\u00e9vrier au soir, d&rsquo;avoir convenu avec Vladimir Poutine d\u2019engager des n\u00e9gociations \u00abimm\u00e9diates\u00bb sur l\u2019Ukraine a d\u00e9clench\u00e9 une vague de r\u00e9actions au sein de l\u2019Union europ\u00e9enne. R\u00e9unis \u00e0 Bruxelles ce 13 f\u00e9vrier, plusieurs dirigeants europ\u00e9ens ont d\u00e9nonc\u00e9 leur mise \u00e0 l\u2019\u00e9cart du processus de paix, jugeant qu\u2019un accord n\u00e9goci\u00e9 sans eux serait vou\u00e9 \u00e0 l\u2019\u00e9chec.<\/p>\n<p>Parmi les premi\u00e8res voix \u00e0 s\u2019\u00e9lever, celle de Kaja Kallas, chef de la diplomatie europ\u00e9enne. \u00abAucun accord dans notre dos ne fonctionnera, n\u2019importe quel accord aura aussi besoin de la participation de l\u2019Ukraine et de l\u2019Europe\u00bb, a-t-elle d\u00e9clar\u00e9 \u00e0 son arriv\u00e9e au si\u00e8ge de l&rsquo;OTAN. Un avertissement repris par plusieurs responsables europ\u00e9ens, soucieux que les discussions entre Moscou et Washington ne se fassent pas au d\u00e9triment des int\u00e9r\u00eats de Kiev et des chancelleries du Vieux continent.<\/p>\n<p>John Healey, ministre britannique de la D\u00e9fense, a insist\u00e9 sur la n\u00e9cessit\u00e9 d\u2019inclure directement l\u2019Ukraine dans tout processus diplomatique. \u00abIl ne peut pas y avoir de n\u00e9gociation sur l\u2019Ukraine sans l\u2019Ukraine\u00bb, a-t-il affirm\u00e9. La France, l\u2019Allemagne et l\u2019Espagne ont exprim\u00e9 la veille une position similaire. \u00abIl n\u2019y aura aucune paix juste et durable en Ukraine sans la participation des Europ\u00e9ens\u00bb, a ainsi <a target=\"_blank\" href=\"https:\/\/www.leparisien.fr\/international\/ukraine-aucune-paix-juste-et-durable-sans-la-participation-des-europeens-affirme-jean-noel-barrot-12-02-2025-ZN5KEK7PZBB6XCP4X7HVDLUDXM.php\" target=\"_blank\" rel=\"noopener noreferrer\">d\u00e9clar\u00e9<\/a> Jean-No\u00ebl Barrot, ministre fran\u00e7ais des Affaires \u00e9trang\u00e8res.<\/p>\n<p>Les inqui\u00e9tudes europ\u00e9ennes se sont renforc\u00e9es apr\u00e8s les d\u00e9clarations de Donald Trump \u00e0 la presse, qui a \u00e9voqu\u00e9 la possibilit\u00e9 d\u2019un cessez-le-feu \u00abdans un futur pas si lointain\u00bb, tout en jugeant qu\u2019une adh\u00e9sion de l\u2019Ukraine \u00e0 l\u2019Otan n\u2019\u00e9tait \u00abpas r\u00e9aliste\u00bb. Le ministre allemand de la D\u00e9fense, Boris Pistorius, a r\u00e9agi \u00e0 ces propos en estimant qu\u2019il \u00e9tait \u00abregrettable\u00bb que Trump ait fait \u00abdes concessions\u00bb \u00e0 Vladimir Poutine \u00abavant m\u00eame le d\u00e9but des n\u00e9gociations\u00bb.<\/p>\n<p>De son c\u00f4t\u00e9, le secr\u00e9taire g\u00e9n\u00e9ral de l\u2019Otan, Mark Rutte, a insist\u00e9 sur l\u2019importance d\u2019impliquer directement Kiev dans tout processus diplomatique. \u00abC\u2019est crucial quand on parle de l\u2019Ukraine, que l\u2019Ukraine soit \u00e9troitement engag\u00e9e dans tout ce qui peut la concerner\u00bb, a-t-il d\u00e9clar\u00e9 \u00e0 la presse.<\/p>\n<h2>OTAN : un \u00abgrand moment de v\u00e9rit\u00e9\u00bb, selon Lecornu<\/h2>\n<p>Le d\u00e9bat autour de ces n\u00e9gociations met \u00e9galement en lumi\u00e8re les interrogations sur l\u2019avenir de l\u2019Otan. S\u00e9bastien Lecornu, ministre fran\u00e7ais de la D\u00e9fense, a estim\u00e9 que l\u2019Alliance atlantique traversait un \u00abgrand moment de v\u00e9rit\u00e9\u00bb. \u00abOn dit que c&rsquo;est l&rsquo;alliance militaire la plus robuste de l&rsquo;histoire. La vraie question, c&rsquo;est : est-ce que dans 10 ou 15 ans, ce sera toujours le cas ?\u00bb, a-t-il d\u00e9clar\u00e9.<\/p>\n<p>Face aux critiques, le secr\u00e9taire am\u00e9ricain \u00e0 la D\u00e9fense Pete Hegseth a d\u00e9fendu l\u2019initiative de Donald Trump, affirmant qu\u2019il n\u2019y avait \u00abpas de trahison\u00bb envers l\u2019Ukraine. \u00abIl y a la reconnaissance que le monde entier et les \u00c9tats-Unis sont investis dans la paix, une paix n\u00e9goci\u00e9e\u00bb, a ajout\u00e9 le chef du Pentagone.<\/p>\n<p>Mais alors que la plupart des dirigeants europ\u00e9ens s\u2019inqui\u00e8tent du d\u00e9roulement de ces n\u00e9gociations annonc\u00e9es, une voix discordante s\u2019est fait entendre au sein m\u00eame de l\u2019Union europ\u00e9enne. Le Premier ministre hongrois Viktor Orban a vivement critiqu\u00e9 la position de la Commission europ\u00e9enne.<\/p>\n<p>\u00abLa position de Bruxelles, qui consiste \u00e0 soutenir le massacre aussi longtemps qu\u2019il le faut, est moralement et politiquement inacceptable\u00bb, a-t-il d\u00e9clar\u00e9 dans un message post\u00e9 sur X, en r\u00e9ponse \u00e0 un message de la chef de la diplomatie europ\u00e9enne.\u00a0<\/p>\n<p>Alors que les discussions entre Moscou et Washington s\u2019organisent, l\u2019Europe appara\u00eet divis\u00e9e. D\u2019un c\u00f4t\u00e9, la majorit\u00e9 des dirigeants r\u00e9clament une place \u00e0 la table des n\u00e9gociations ; de l\u2019autre, certains, comme Viktor Orban, remettent en question la strat\u00e9gie de Bruxelles et appellent \u00e0 une approche diff\u00e9rente vis-\u00e0-vis de la Russie.<\/p>\n<\/div>\n<p><br \/>\n<br \/><a href=\"https:\/\/francais.rt.com\/international\/116882-europeens-redoutent-accord-trump-poutine\" target=\"_blank\"\">Source link <\/a><\/p>\n","protected":false},"excerpt":{"rendered":"<p>Apr\u00e8s l\u2019entretien t\u00e9l\u00e9phonique entre Vladimir Poutine et Donald Trump et leur d\u00e9cision de lancer des n\u00e9gociations pour mettre fin au conflit en Ukraine, les dirigeants de l\u2019Union europ\u00e9enne ont exprim\u00e9&hellip; <\/p>\n","protected":false},"author":1,"featured_media":2575,"comment_status":"open","ping_status":"open","sticky":false,"template":"","format":"standard","meta":{"footnotes":""},"categories":[1],"tags":[],"class_list":["post-2574","post","type-post","status-publish","format-standard","has-post-thumbnail","hentry","category-non-classe"],"_links":{"self":[{"href":"https:\/\/monde25.info\/index.php\/wp-json\/wp\/v2\/posts\/2574","targetHints":{"allow":["GET"]}}],"collection":[{"href":"https:\/\/monde25.info\/index.php\/wp-json\/wp\/v2\/posts"}],"about":[{"href":"https:\/\/monde25.info\/index.php\/wp-json\/wp\/v2\/types\/post"}],"author":[{"embeddable":true,"href":"https:\/\/monde25.info\/index.php\/wp-json\/wp\/v2\/users\/1"}],"replies":[{"embeddable":true,"href":"https:\/\/monde25.info\/index.php\/wp-json\/wp\/v2\/comments?post=2574"}],"version-history":[{"count":0,"href":"https:\/\/monde25.info\/index.php\/wp-json\/wp\/v2\/posts\/2574\/revisions"}],"wp:featuredmedia":[{"embeddable":true,"href":"https:\/\/monde25.info\/index.php\/wp-json\/wp\/v2\/media\/2575"}],"wp:attachment":[{"href":"https:\/\/monde25.info\/index.php\/wp-json\/wp\/v2\/media?parent=2574"}],"wp:term":[{"taxonomy":"category","embeddable":true,"href":"https:\/\/monde25.info\/index.php\/wp-json\/wp\/v2\/categories?post=2574"},{"taxonomy":"post_tag","embeddable":true,"href":"https:\/\/monde25.info\/index.php\/wp-json\/wp\/v2\/tags?post=2574"}],"curies":[{"name":"wp","href":"https:\/\/api.w.org\/{rel}","templated":true}]}}