{"id":2581,"date":"2025-02-14T05:39:39","date_gmt":"2025-02-14T04:39:39","guid":{"rendered":"https:\/\/monde25.info\/index.php\/2025\/02\/14\/a-la-saint-valentin-nos-fleurs-sont-bourrees-de-pesticides\/"},"modified":"2025-02-14T05:39:39","modified_gmt":"2025-02-14T04:39:39","slug":"a-la-saint-valentin-nos-fleurs-sont-bourrees-de-pesticides","status":"publish","type":"post","link":"https:\/\/monde25.info\/index.php\/2025\/02\/14\/a-la-saint-valentin-nos-fleurs-sont-bourrees-de-pesticides\/","title":{"rendered":"\u00c0 la Saint-Valentin, nos fleurs sont bourr\u00e9es de pesticides"},"content":{"rendered":"<p> <br \/>\n<\/p>\n<div>\n<p>    <span class=\"date\">14 f\u00e9vrier 2025  \u00e0 05h00<\/span><\/p>\n<p class=\"duree_lecture\">\n        Dur\u00e9e de lecture : 4 minutes\n      <\/p>\n<\/p><\/div>\n<div>\n<p>Les roses de la Saint-Valentin \u2014 et les fleurs en g\u00e9n\u00e9ral \u2014 ont un parfum suspect depuis quelques ann\u00e9es. En cause\u00a0: la pr\u00e9sence av\u00e9r\u00e9e de pesticides dans leurs p\u00e9tales et leurs tiges. L\u2019\u00e9tude que publie le magazine <i><a target=\"_blank\" href=\"https:\/\/www.quechoisir.org\/enquete-roses-gerberas-chrysanthemes-petales-toxiques-n149144\/\" class=\"spip_out\" rel=\"external\">Que choisir<\/a><\/i> en cette f\u00eate des amoureux 2025 confirme une toxicit\u00e9 g\u00e9n\u00e9ralis\u00e9e des bouquets. Le journal consum\u00e9riste a fait rechercher, en laboratoire, environ 600\u00a0r\u00e9sidus de pesticides diff\u00e9rents dans 15 bouquets de fleurs achet\u00e9s chez des fleuristes, en grande distribution et en ligne\u00a0: des roses, mais \u00e9galement des gerberas et des chrysanth\u00e8mes, soit trois des vari\u00e9t\u00e9s les plus vendues en France.<\/p>\n<p><i>\u00ab<small class=\"fine d-inline\">\u00a0<\/small>Les r\u00e9sultats sont effarants<\/i>, alertent les autrices de l\u2019enqu\u00eate. <i>Nous avons identifi\u00e9, dans chaque bouquet, de 7\u00a0\u00e0\u00a046\u00a0r\u00e9sidus de pesticides diff\u00e9rents, parmi lesquels pr\u00e8s de 12, en moyenne, pr\u00e9sentent possiblement ou certainement un danger pour la sant\u00e9.<small class=\"fine d-inline\">\u00a0<\/small>\u00bb<\/i> Autrement dit, 100<small class=\"fine d-inline\">\u00a0<\/small>% des fleurs test\u00e9es sont contamin\u00e9es. M\u00eame dans le bouquet fran\u00e7ais, 14\u00a0r\u00e9sidus de pesticides ont \u00e9t\u00e9 d\u00e9tect\u00e9s, dont 7 pr\u00e9sentant un danger pour la sant\u00e9 av\u00e9r\u00e9 ou suspect\u00e9 (perturbateur endocrinien, canc\u00e9rig\u00e8ne ou encore d\u00e9l\u00e9t\u00e8re pour la fertilit\u00e9 ou le f\u0153tus).<\/p>\n<h2 class=\"spip\">Aucun contr\u00f4le sur les fleurs<\/h2>\n<p>Plus inqui\u00e9tant encore\u00a0: 33 r\u00e9sidus de pesticides interdits en Europe ont \u00e9t\u00e9 retrouv\u00e9s dans les deux tiers des bouquets analys\u00e9s (3\u00a0de roses, 5\u00a0de chrysanth\u00e8mes et 2\u00a0de gerberas). Ces r\u00e9sultats corroborent ceux de plusieurs \u00e9tudes men\u00e9es d\u00e8s 2016 <a target=\"_blank\" href=\"https:\/\/orbi.uliege.be\/bitstream\/2268\/225960\/1\/Th%C3%A8se%20de%20doctorat_Khaoula%20TOUMI_version%20finale.pdf\" class=\"spip_out\" rel=\"external\">en Belgique<\/a> et 2017 <a target=\"_blank\" href=\"https:\/\/www.60millions-mag.com\/2017\/02\/10\/des-roses-la-saint-valentin-mais-pas-des-pesticides-10960\" class=\"spip_out\" rel=\"external\">en France<\/a>.<\/p>\n<p>Cette pr\u00e9sence massive de polluants montre une nouvelle fois <i>\u00ab<small class=\"fine d-inline\">\u00a0<\/small>l\u2019absence criante de r\u00e9glementation<small class=\"fine d-inline\">\u00a0<\/small>\u00bb<\/i>, juge l\u2019<span class=\"caps\">UFC<\/span>-Que choisir. En effet, contrairement aux fruits et l\u00e9gumes, les fleurs ne sont soumises \u00e0 aucune limite maximale de r\u00e9sidus (<span class=\"caps\">LMR<\/span>) de pesticides. Et donc \u00e0 aucun contr\u00f4le. Or 80<small class=\"fine d-inline\">\u00a0<\/small>% de fleurs vendues en France sont import\u00e9es de pays qui autorisent encore l\u2019usage de substances hautement toxiques.<\/p>\n<p>L\u2019association r\u00e9clame la mise en place d\u2019une r\u00e9glementation stricte en la mati\u00e8re. Et d\u2019interdire imm\u00e9diatement l\u2019importation de fleurs trait\u00e9es avec des produits interdits en Europe et de renforcer les contr\u00f4les des autorit\u00e9s sanitaires et douani\u00e8res.<\/p>\n<p><a target=\"_blank\" href=\"https:\/\/reporterre.net\/Les-fleuristes-exposes-aux-pesticides-le-grand-deni-de-la-profession\" class=\"lien_lireaussi\"><strong>Lire aussi : <\/strong> <span>Les fleuristes expos\u00e9s aux pesticides, le grand d\u00e9ni de la profession<\/span><\/a><\/p>\n<p>Les premi\u00e8res victimes de ces polluants <a target=\"_blank\" href=\"https:\/\/reporterre.net\/Les-fleuristes-exposes-aux-pesticides-le-grand-deni-de-la-profession\" class=\"spip_in\">sont les fleuristes<\/a>. En 2024, une histoire a \u00e9t\u00e9 particuli\u00e8rement m\u00e9diatis\u00e9e\u00a0: <a target=\"_blank\" href=\"https:\/\/reporterre.net\/Le-combat-de-la-mere-d-Emmy-fillette-morte-d-un-cancer-lie-aux-pesticides\">celle d\u2019Emmy Marivain<\/a>, emport\u00e9e par une leuc\u00e9mie \u00e0 11\u00a0ans. Des experts ont reconnu que la maladie de la fillette \u00e9tait li\u00e9e \u00e0 son exposition in utero aux pesticides. Sa m\u00e8re, fleuriste, manipulait sans le savoir des fleurs bourr\u00e9es de produits toxiques pendant sa grossesse.<\/p>\n<p>Depuis, nombre de fleuristes s\u2019interrogent et s\u2019inqui\u00e8tent, comme <i>Reporterre<\/i> a pu le constater lors d\u2019<a target=\"_blank\" href=\"https:\/\/reporterre.net\/Pesticides-des-fleuristes-temoignent-de-problemes-de-sante\">une enqu\u00eate sur le sujet<\/a>. Suite \u00e0 la r\u00e9v\u00e9lation de cette affaire, l\u2019Agence nationale de s\u00e9curit\u00e9 sanitaire (Anses) a \u00e9t\u00e9 saisie et m\u00e8ne une expertise sur les risques pour les fleuristes, grossistes, importateurs, etc. du secteur et sur les mesures de protection \u00e0 mettre en place.<\/p>\n<h2 class=\"spip\">Vers un affichage de l\u2019origine des fleurs<small class=\"fine d-inline\">\u00a0<\/small>?<\/h2>\n<p>Quid des consommateurs<small class=\"fine d-inline\">\u00a0<\/small>? Aucune donn\u00e9e n\u2019existe sur ce sujet. Aussi l\u2019<span class=\"caps\">UFC<\/span>-Que choisir appelle-t-elle les autorit\u00e9s \u00e0 \u00e9valuer \u00e9galement les risques pour les consommateurs, en particulier ceux qui manipulent r\u00e9guli\u00e8rement des fleurs. Elle plaide enfin pour une obligation d\u2019\u00e9tiquetage de l\u2019origine et des traitements subis par les fleurs.<\/p>\n<p>Un v\u0153u qui pourrait bien rester lettre morte. L\u2019Union nationale des fleuristes (<span class=\"caps\">UNF<\/span>) <a target=\"_blank\" href=\"https:\/\/reporterre.net\/Comment-trouver-des-fleurs-made-in-France\">s\u2019\u00e9tait d\u00e9j\u00e0 engag\u00e9e<\/a> \u00e0 \u00eatre plus transparente \u00e0 partir du 1<sup class=\"typo_exposants\">er<\/sup>\u00a0juillet 2023 en incitant les professionnels \u00e0 afficher l\u2019origine de leurs fleurs et le nom des producteurs. Un an et demi plus tard, d\u00e9goter une rose en sachant o\u00f9 elle a \u00e9t\u00e9 cultiv\u00e9e reste une gageure.<\/p>\n<p><a target=\"_blank\" href=\"https:\/\/reporterre.net\/Comment-trouver-des-fleurs-made-in-France\" class=\"lien_lireaussi\"><strong>Lire aussi : <\/strong> <span>Comment trouver des fleurs made in France<small class=\"fine d-inline\">\u00a0<\/small>? <\/span><\/a><\/p>\n<p>Si vous souhaitez offrir des fleurs \u00e0 la Saint-Valentin, le mieux est encore d\u2019\u00e9viter les roses. En f\u00e9vrier, vous n\u2019en trouverez pas de <i>made in France<\/i>. La plupart des floriculteurs du Sud ont renonc\u00e9 \u00e0 cette culture car elle n\u00e9cessitait des serres chauff\u00e9es, beaucoup trop co\u00fbteuses. Heureusement, l\u2019hiver a aussi ses fleurs de saison\u00a0: hell\u00e9bores, mimosas, renoncules, an\u00e9mones&#8230; et puis les premi\u00e8res tulipes et jonquilles arrivent sur le march\u00e9.<\/p>\n<p>Pour \u00eatre s\u00fbr d\u2019acheter des fleurs fran\u00e7aises, on peut se tourner vers le label <a target=\"_blank\" href=\"https:\/\/www.valhor.fr\/developper-votre-activite\/nos-labels-et-certifications\/fleurs-de-france\" class=\"spip_out\" rel=\"external\">Fleurs de France<\/a> ou bien vers un fleuriste du <a target=\"_blank\" href=\"https:\/\/app.collectifdelafleurfrancaise.com\/\" class=\"spip_out\" rel=\"external\">Collectif de la fleur fran\u00e7aise<\/a>. N\u2019oublions pas enfin le bouquet de fleurs <a target=\"_blank\" href=\"https:\/\/reporterre.net\/Pour-la-Saint-Valentin-offrez-des-fleurs-francaises-a-deguster\" class=\"spip_in\">\u00e0 d\u00e9guster<\/a> ou s\u00e9ch\u00e9es, id\u00e9al pour f\u00eater un amour \u00e9ternel.<\/p>\n<aside class=\"boite_encarts\">\n<div class=\"encart encart_gris noprint\">\n<p><strong>Puisque vous \u00eates l\u00e0&#8230;<\/strong><\/p>\n<p>&#8230; nous avons un petit service \u00e0 vous demander.<br class=\"autobr\"\/><br \/>\nEntre la pr\u00e9sence d\u2019un climatosceptique \u00e0 la t\u00eate de la premi\u00e8re puissance mondiale, un gouvernement fran\u00e7ais qui flirte avec l\u2019extr\u00eame-droite, et les catastrophes climatiques qui s\u2019enchainent&#8230; Faire vivre l\u2019\u00e9cologie dans le d\u00e9bat public est un enjeu crucial.<\/p>\n<p>Personne ne modifie ce que nous publions. Nous n\u2019avons ni actionnaire, ni propri\u00e9taire milliardaire \u2014 seulement une \u00e9quipe d\u2019irr\u00e9ductibles journalistes, pleine de d\u00e9termination.<\/p>\n<p>Nous avons la conviction que l\u2019urgence \u00e9cologique est l\u2019enjeu majeur de notre \u00e9poque. Et comme plus de 2 millions de lectrices et lecteurs chaque mois, vous partagez sans doute cette conviction&#8230;<\/p>\n<p><strong>Depuis 12 ans, nous publions des articles de qualit\u00e9 sur l\u2019\u00e9cologie, en acc\u00e8s libre et sans publicit\u00e9, pour tous.<\/strong><br class=\"autobr\"\/><br \/>\nMais ce travail demande beaucoup de temps et de ressources.<\/p>\n<p>Alors, si vous en avez les moyens, sachez qu\u2019un don, m\u00eame d\u20191\u20ac, est un acte de soutien fort pour l\u2019\u00e9cologie et le journalisme ind\u00e9pendant.<br class=\"autobr\"\/><br \/>\n(Et \u00e7a vous prendra moins de temps que la lecture de ce texte).<\/p>\n<p><strong>Si vous le pouvez, choisissez un soutien mensuel. Merci.<\/strong><\/p>\n<p><a target=\"_blank\" href=\"https:\/\/reporterre.net\/dons\" class=\"bt_soutenir\">Je soutiens <i>Reporterre<\/i><\/a><\/p>\n<\/p><\/div>\n<div class=\"encart encart_vert noprint montre_1023\">\n<div class=\"infolettre-form-container noprint\">\n<p>Abonnez-vous \u00e0 la lettre d\u2019info de Reporterre<\/p>\n<\/div><\/div>\n<\/aside>\n<aside class=\"boite_apresarticle encart_note\">\n<h4>Apr\u00e8s cet article<\/h4>\n<p>      <a target=\"_blank\" href=\"https:\/\/reporterre.net\/Les-fleuristes-exposes-aux-pesticides-le-grand-deni-de-la-profession\" class=\"lien_article\">\n      <picture class=\"vignette_gauche\"><source type=\"image\/webp\" srcset=\"https:\/\/reporterre.net\/https:\/\/reporterre.net\/local\/cache-vignettes\/L450xH300\/fleuriste2-c41b7.jpg@.webp?1737368131\"><img decoding=\"async\" src=\"https:\/\/reporterre.net\/local\/cache-vignettes\/L450xH300\/fleuriste2-c41b7.jpg?1737368131\" width=\"450\" height=\"300\" alt=\"\" class=\"marge12\" loading=\"lazy\"\/><br \/>\n<\/source><\/picture>\n<p class=\"libelle\">\n<p>          Enqu\u00eate \u2014<\/p>\n<p>      Pesticides\n    <\/p>\n<p class=\"titre pol20\">Les fleuristes expos\u00e9s aux pesticides, le grand d\u00e9ni de la profession<\/p>\n<p>      <\/a><br \/>\n    <\/aside>\n<aside class=\"boite_complement texte\">\n<p>      <!-- zone_forum --><br \/>\n          <\/aside>\n<aside class=\"boite_lireaussi noprint\">\n<\/aside>\n<aside class=\"colonne\">\n<div class=\"article_info cache_1023 noprint\">\n<p>    <span class=\"date\">14 f\u00e9vrier 2025  \u00e0 05h00<\/span><\/p>\n<p class=\"duree_lecture\">\n        Dur\u00e9e de lecture : 4 minutes\n      <\/p>\n<\/p><\/div>\n<div class=\"bloc_infolettre\">\n<div class=\"infolettre-form-container noprint\">\n<p>Abonnez-vous \u00e0 la lettre d\u2019info de Reporterre<\/p>\n<\/div><\/div>\n<\/aside>\n<div id=\"galerie\">\n  <img decoding=\"async\" src=\"\" class=\"principale\" id=\"principale\"\/><\/p>\n<p id=\"legende\">legende<\/p>\n<\/div>\n<footer class=\"noprint\">\n<\/footer>\n<\/div>\n<p><br \/>\n<br \/><a href=\"https:\/\/reporterre.net\/A-la-Saint-Valentin-nos-fleurs-sont-bourrees-de-pesticides\" target=\"_blank\"\">Source link <\/a><\/p>\n","protected":false},"excerpt":{"rendered":"<p>14 f\u00e9vrier 2025 \u00e0 05h00 Dur\u00e9e de lecture : 4 minutes Les roses de la Saint-Valentin \u2014 et les fleurs en g\u00e9n\u00e9ral \u2014 ont un parfum suspect depuis quelques ann\u00e9es.&hellip; <\/p>\n","protected":false},"author":1,"featured_media":2582,"comment_status":"open","ping_status":"open","sticky":false,"template":"","format":"standard","meta":{"footnotes":""},"categories":[1],"tags":[],"class_list":["post-2581","post","type-post","status-publish","format-standard","has-post-thumbnail","hentry","category-non-classe"],"_links":{"self":[{"href":"https:\/\/monde25.info\/index.php\/wp-json\/wp\/v2\/posts\/2581","targetHints":{"allow":["GET"]}}],"collection":[{"href":"https:\/\/monde25.info\/index.php\/wp-json\/wp\/v2\/posts"}],"about":[{"href":"https:\/\/monde25.info\/index.php\/wp-json\/wp\/v2\/types\/post"}],"author":[{"embeddable":true,"href":"https:\/\/monde25.info\/index.php\/wp-json\/wp\/v2\/users\/1"}],"replies":[{"embeddable":true,"href":"https:\/\/monde25.info\/index.php\/wp-json\/wp\/v2\/comments?post=2581"}],"version-history":[{"count":0,"href":"https:\/\/monde25.info\/index.php\/wp-json\/wp\/v2\/posts\/2581\/revisions"}],"wp:featuredmedia":[{"embeddable":true,"href":"https:\/\/monde25.info\/index.php\/wp-json\/wp\/v2\/media\/2582"}],"wp:attachment":[{"href":"https:\/\/monde25.info\/index.php\/wp-json\/wp\/v2\/media?parent=2581"}],"wp:term":[{"taxonomy":"category","embeddable":true,"href":"https:\/\/monde25.info\/index.php\/wp-json\/wp\/v2\/categories?post=2581"},{"taxonomy":"post_tag","embeddable":true,"href":"https:\/\/monde25.info\/index.php\/wp-json\/wp\/v2\/tags?post=2581"}],"curies":[{"name":"wp","href":"https:\/\/api.w.org\/{rel}","templated":true}]}}