{"id":2583,"date":"2025-02-14T06:12:38","date_gmt":"2025-02-14T05:12:38","guid":{"rendered":"https:\/\/monde25.info\/index.php\/2025\/02\/14\/1ere-ville-a-bannir-la-publicite-fossile-des-rues\/"},"modified":"2025-02-14T06:12:38","modified_gmt":"2025-02-14T05:12:38","slug":"1ere-ville-a-bannir-la-publicite-fossile-des-rues","status":"publish","type":"post","link":"https:\/\/monde25.info\/index.php\/2025\/02\/14\/1ere-ville-a-bannir-la-publicite-fossile-des-rues\/","title":{"rendered":"1\u00e8re ville \u00e0 bannir la publicit\u00e9 fossile des rues"},"content":{"rendered":"<p> <br \/>\n<\/p>\n<div>\n<div class=\"td-post-featured-image\"><img loading=\"lazy\" decoding=\"async\" width=\"696\" height=\"418\" class=\"entry-thumb\" src=\"https:\/\/mrmondialisation.org\/wp-content\/uploads\/2025\/02\/design-sans-titre-696x418.jpg\" srcset=\"https:\/\/mrmondialisation.org\/wp-content\/uploads\/2025\/02\/design-sans-titre-696x418.jpg 696w, https:\/\/mrmondialisation.org\/wp-content\/uploads\/2025\/02\/design-sans-titre-1024x614.jpg 1024w, https:\/\/mrmondialisation.org\/wp-content\/uploads\/2025\/02\/design-sans-titre-768x461.jpg 768w, https:\/\/mrmondialisation.org\/wp-content\/uploads\/2025\/02\/design-sans-titre-1068x641.jpg 1068w, https:\/\/mrmondialisation.org\/wp-content\/uploads\/2025\/02\/design-sans-titre-700x420.jpg 700w, https:\/\/mrmondialisation.org\/wp-content\/uploads\/2025\/02\/design-sans-titre.jpg 1500w\" sizes=\"auto, (max-width: 696px) 100vw, 696px\" alt=\"\" title=\"@Flickr\"\/><\/div>\n<div class=\"td-a-rec td-a-rec-id-content_top_mob \"><span class=\"td-adspot-title\">&#8211; Information &#8211;<\/span><a target=\"_blank\" href=\"https:\/\/fr.tipeee.com\/mr-mondialisation\" class=\"tipeee-project-small\">Soutenir Mr Japanization sur Tipeee<\/a>\n<\/div>\n<h4><strong>Depuis janvier 2025, La Haye aux Pays-Bas a interdit la publicit\u00e9 pour les produits et services li\u00e9es aux \u00e9nergies fossiles. Retour sur cette avanc\u00e9e et les enjeux cruciaux qu\u2019elle soul\u00e8ve. <\/strong><\/h4>\n<p>Cette interdiction s\u2019appliquera<strong> aux entreprises de production et distribution de gaz, p\u00e9trole et charbon,<\/strong> ainsi qu\u2019aux <strong>voitures thermiques, voyages en avion et croisi\u00e8res.<\/strong><\/p>\n<p>Bien que d\u2019autres villes aient d\u00e9j\u00e0 mis en place des restrictions similaires, l\u2019approche de La Haye sera la premi\u00e8re \u00e0 \u00eatre <strong>juridiquement contraignante.<\/strong> De mani\u00e8re plus g\u00e9n\u00e9rale, il serait grand temps de remettre en question<strong><a target=\"_blank\" href=\"https:\/\/mrmondialisation.org\/larret-de-la-publicite-devient-une-urgence\/\"> la place de la publicit\u00e9 dans l\u2019espace public<\/a><\/strong> compte tenu de <strong>ses effets n\u00e9fastes et de son incompatibilit\u00e9 avec les enjeux environnementaux actuels.<\/strong><\/p>\n<figure id=\"attachment_715254\" aria-describedby=\"caption-attachment-715254\" style=\"width: 1500px\" class=\"wp-caption alignnone\"><img fetchpriority=\"high\" decoding=\"async\" class=\"wp-image-715254 size-full\" src=\"https:\/\/mrmondialisation.org\/wp-content\/uploads\/2025\/02\/design-sans-titre-1-1.jpg\" alt=\"\" width=\"1500\" height=\"900\" srcset=\"https:\/\/mrmondialisation.org\/wp-content\/uploads\/2025\/02\/design-sans-titre-1-1.jpg 1500w, https:\/\/mrmondialisation.org\/wp-content\/uploads\/2025\/02\/design-sans-titre-1-1-1024x614.jpg 1024w, https:\/\/mrmondialisation.org\/wp-content\/uploads\/2025\/02\/design-sans-titre-1-1-768x461.jpg 768w, https:\/\/mrmondialisation.org\/wp-content\/uploads\/2025\/02\/design-sans-titre-1-1-696x418.jpg 696w, https:\/\/mrmondialisation.org\/wp-content\/uploads\/2025\/02\/design-sans-titre-1-1-1068x641.jpg 1068w, https:\/\/mrmondialisation.org\/wp-content\/uploads\/2025\/02\/design-sans-titre-1-1-700x420.jpg 700w\" sizes=\"(max-width: 1500px) 100vw, 1500px\"\/><figcaption id=\"caption-attachment-715254\" class=\"wp-caption-text\">@Pexels<\/figcaption><\/figure>\n<h2><strong>Un signal politique fort<\/strong><\/h2>\n<blockquote>\n<p><strong> \u00ab <\/strong><i><strong>Il serait illogique et intenable d\u2019accepter la publicit\u00e9 d\u2019une industrie qui cause des d\u00e9g\u00e2ts aussi \u00e9vidents \u00e0 notre plan\u00e8te et \u00e0 ses habitants\u00a0\u00bb<\/strong><\/i><\/p>\n<\/blockquote>\n<p align=\"justify\">Le <b>conseil municipal de La Haye <\/b>a adopt\u00e9 en septembre 2024<b> une loi interdisant les publicit\u00e9s pour des entreprises de charbon, p\u00e9trole ou gaz naturel, <\/b>de voitures \u00e0 moteurs thermiques ou hybrides, de compagnies a\u00e9riennes ou de croisi\u00e8res en bateau sur les panneaux d\u2019affichage, abribus ou encore \u00e9crans num\u00e9riques de la ville, <b>que ces supports publicitaires soient priv\u00e9s ou publics<\/b><strong>.<\/strong><\/p>\n<p align=\"justify\">L\u2019interdiction, qui <b>a pris effet le 1<\/b><sup><b>er<\/b><\/sup><b> janvier 2025<\/b>, s\u2019inscrit dans la strat\u00e9gie de la ville pour atteindre la neutralit\u00e9 carbone d\u2019ici 2030.<\/p>\n<p align=\"justify\">Cette interdiction, initialement<b> port\u00e9e par le Partij voor de Dieren<\/b> <strong>(PvdD, Parti pour les animaux),<\/strong> a \u00e9t\u00e9 adopt\u00e9e au terme de deux ans de n\u00e9gociations difficiles face \u00e0 <strong>l\u2019opposition d\u2019autres partis du conseil municipal<\/strong> et au <strong>refus des op\u00e9rateurs de publicit\u00e9s<\/strong> de s\u2019y plier.<\/p>\n<p align=\"justify\">Apr\u00e8s l\u2019adoption de la loi, la conseill\u00e8re municipale de PvdD, Leonie Gerritsen, d\u00e9clarait au quotidien De Volkskrant\u00a0:<strong> \u00ab <\/strong><i><strong>Il serait illogique et intenable d\u2019accepter la publicit\u00e9 d\u2019une industrie qui cause des d\u00e9g\u00e2ts aussi \u00e9vidents \u00e0 notre plan\u00e8te et \u00e0 ses habitants\u00a0\u00bb<\/strong> et<\/i> rappelait par l\u2019occasion que, malgr\u00e9 l\u2019inaction des gouvernements nationaux, <strong>les autorit\u00e9s locales peuvent jouer un r\u00f4le moteur dans la d\u00e9fense de l\u2019environnement.<\/strong><\/p>\n<h2><b>Interdiction d\u00e9j\u00e0 appliqu\u00e9e dans d\u2019autres villes<\/b><\/h2>\n<p align=\"justify\"><b>Certaines villes avaient d\u00e9j\u00e0 interdit les publicit\u00e9s pour les \u00e9nergies fossiles<\/b>, comme <b>Sydney<\/b> <strong>en 2022<\/strong> pour ses activit\u00e9s municipales ou <b>\u00c9dimbourg<\/b> <strong>en mai 2024.<\/strong> Ces interdictions reposent cependant sur <b>des accords volontaires avec les op\u00e9rateurs ou sur des motions municipales<\/b>, et ne sont donc pas juridiquement contraignantes, contrairement au cas de La Haye qui repr\u00e9sente une premi\u00e8re mondiale \u00e0 cet \u00e9gard.<\/p>\n<p align=\"justify\">La <b>municipalit\u00e9 d\u2019Amsterdam a \u00e9galement banni la publicit\u00e9 fossile de son m\u00e9tro, ses b\u00e2timents municipaux et \u00e9v\u00e9nements de la ville depuis 2021<\/b> suite aux actions du collectif <strong>Reclame Fossielvrij.<\/strong> Le parti \u00e9cologiste d\u2019Amsterdam a r\u00e9cemment propos\u00e9 d\u2019\u00e9tendre cette mesure \u00e0 tout l\u2019espace public de la capitale.<\/p>\n<figure id=\"attachment_715251\" aria-describedby=\"caption-attachment-715251\" style=\"width: 1024px\" class=\"wp-caption alignnone\"><img loading=\"lazy\" decoding=\"async\" class=\"wp-image-715251 size-full\" src=\"https:\/\/mrmondialisation.org\/wp-content\/uploads\/2025\/02\/photo-en-tete-publicite-la-haye.jpg\" alt=\"\" width=\"1024\" height=\"683\" srcset=\"https:\/\/mrmondialisation.org\/wp-content\/uploads\/2025\/02\/photo-en-tete-publicite-la-haye.jpg 1024w, https:\/\/mrmondialisation.org\/wp-content\/uploads\/2025\/02\/photo-en-tete-publicite-la-haye-768x512.jpg 768w, https:\/\/mrmondialisation.org\/wp-content\/uploads\/2025\/02\/photo-en-tete-publicite-la-haye-696x464.jpg 696w, https:\/\/mrmondialisation.org\/wp-content\/uploads\/2025\/02\/photo-en-tete-publicite-la-haye-630x420.jpg 630w\" sizes=\"auto, (max-width: 1024px) 100vw, 1024px\"\/><figcaption id=\"caption-attachment-715251\" class=\"wp-caption-text\">@LaHaye<\/figcaption><\/figure>\n<div class=\"td-a-rec td-a-rec-id-content_inline_mob \"><span class=\"td-adspot-title\">&#8211; Information &#8211;<\/span><a target=\"_blank\" href=\"https:\/\/fr.tipeee.com\/mr-mondialisation\" class=\"tipeee-project-small\">Soutenir Mr Japanization sur Tipeee<\/a>\n<\/div>\n<p align=\"justify\">Depuis septembre, la <b>d\u00e9cision de la ville de La Haye<\/b> d\u2019interdire compl\u00e8tement la publicit\u00e9 fossile <b>a eu un \u00e9cho mondial<\/b><strong>.<\/strong> Robert Barker, conseiller municipal responsable de la politique publicitaire et membre du PvdD, <b>esp\u00e8re un effet boule de neige dans le monde entier<\/b> pour mettre fin \u00e0 la promotion d\u2019entreprises d\u00e9gradantes de l\u2019environnement.<\/p>\n<blockquote>\n<p style=\"text-align: center;\" align=\"justify\"><strong><i>\u00ab\u00a0La publicit\u00e9 normalise des comportements que nous devons d\u00e9courager\u00a0\u00bb<\/i><\/strong><\/p>\n<\/blockquote>\n<p align=\"justify\">Selon lui,<strong> \u00ab <\/strong><i><strong>autoriser les publicit\u00e9s pour les combustibles fossiles tout en essayant de r\u00e9duire les \u00e9missions de CO\u2082 est contre-productif.<\/strong> La publicit\u00e9 normalise des comportements que nous devons d\u00e9courager, comme les vols fr\u00e9quents ou la d\u00e9pendance aux combustibles fossiles. Cette interdiction est un pas dans la bonne direction. <\/i>\u00bb<\/p>\n<p align=\"justify\">Ce message est \u00e9galement <strong>appuy\u00e9 par<\/strong> <b>le Secr\u00e9taire G\u00e9n\u00e9ral des Nations Unies, Antonio Guterres<\/b>, qui plus t\u00f4t dans l\u2019ann\u00e9e encourageait vivement les gouvernements et m\u00e9dias <b>\u00e0 interdire les publicit\u00e9s des entreprises du secteur des \u00e9nergies fossiles<\/b>, les qualifiant \u00e0 l\u2019occasion <strong>de \u00ab\u00a0<i>parrains du chaos climatique\u00a0\u00bb. <\/i><\/strong><\/p>\n<p align=\"justify\">Selon lui, <i>\u201cde nombreux gouvernements limitent ou interdisent la publicit\u00e9 pour les produits qui nuisent \u00e0 la sant\u00e9 humaine, comme le tabac,\u00a0a-t-il d\u00e9clar\u00e9.\u00a0<strong>Je demande donc \u00e0 tous les pays d\u2019interdire la publicit\u00e9 pour les entreprises produisant des combustibles fossiles.<\/strong> Et j\u2019exhorte les m\u00e9dias et les entreprises technologiques \u00e0 cesser d\u2019accepter la publicit\u00e9 pour les combustibles fossiles.\u201d<\/i><\/p>\n<h2><b>Les effets n\u00e9fastes de la publicit\u00e9<\/b><\/h2>\n<blockquote>\n<p><strong><em>\u00ab\u00a0Selon une \u00e9tude, un citoyen serait confront\u00e9 de 1.200 \u00e0 2.200 messages publicitaires par jour.\u00a0\u00bb <\/em><\/strong><\/p>\n<\/blockquote>\n<p align=\"justify\">Ce d\u00e9bat soul\u00e8ve plus largement <b>la\u00a0question de la place qu\u2019occupe la publicit\u00e9 dans l\u2019espace public<\/b><strong>.<\/strong> Selon une \u00e9tude,<a target=\"_blank\" href=\"https:\/\/www.lesechos.fr\/weekend\/planete\/lhorizon-vert-de-la-pub-1915268\"> un citoyen serait confront\u00e9 de<strong> 1.200 \u00e0 2.200 messages publicitaires par jour.<\/strong><\/a> Une surexposition inqui\u00e9tante compte tenu <b>des impacts sociaux, environnementaux et \u00e9conomiques de ceux-ci<\/b>.<\/p>\n<p align=\"justify\">De fait, la <b>publicit\u00e9 incite \u00e0 la surconsommation et au gaspillage<\/b>, alors que la sobri\u00e9t\u00e9 s\u2019impose face \u00e0 l\u2019urgence climatique, et les principaux annonceurs \u00e9tant de surcro\u00eet des entreprises peu soucieuses de l\u2019environnement.<\/p>\n<p align=\"justify\">En France, en 2019,<strong> environ 600 grandes entreprises sur 3 millions<\/strong> <b>ont effectu\u00e9 \u00e0 elles seules 80% des d\u00e9penses publicitair<\/b><strong>es,<\/strong> repr\u00e9sentant principalement <strong>la grande distribution et l\u2019automobile.<\/strong> Pour ne rien arranger, ces entreprises polluantes utilisent de plus en plus des techniques de <a target=\"_blank\" href=\"https:\/\/mrmondialisation.org\/pire-methodes-greenwashing\/\"><b>greenwashing<\/b><\/a> pour donner l\u2019illusion de produits plus respectueux de l\u2019environnement.<\/p>\n<p align=\"justify\"><img loading=\"lazy\" decoding=\"async\" class=\"alignnone size-full wp-image-715255\" src=\"https:\/\/mrmondialisation.org\/wp-content\/uploads\/2025\/02\/design-sans-titre.jpg\" alt=\"\" width=\"1500\" height=\"900\" srcset=\"https:\/\/mrmondialisation.org\/wp-content\/uploads\/2025\/02\/design-sans-titre.jpg 1500w, https:\/\/mrmondialisation.org\/wp-content\/uploads\/2025\/02\/design-sans-titre-1024x614.jpg 1024w, https:\/\/mrmondialisation.org\/wp-content\/uploads\/2025\/02\/design-sans-titre-768x461.jpg 768w, https:\/\/mrmondialisation.org\/wp-content\/uploads\/2025\/02\/design-sans-titre-696x418.jpg 696w, https:\/\/mrmondialisation.org\/wp-content\/uploads\/2025\/02\/design-sans-titre-1068x641.jpg 1068w, https:\/\/mrmondialisation.org\/wp-content\/uploads\/2025\/02\/design-sans-titre-700x420.jpg 700w\" sizes=\"auto, (max-width: 1500px) 100vw, 1500px\"\/><\/p>\n<p align=\"justify\">A cet \u00e9gard, le <b>rapport du GIEC de 2022<\/b> sur l\u2019att\u00e9nuation des changements climatiques soulignait <b>la n\u00e9cessit\u00e9 de r\u00e9guler la publicit\u00e9 dans le but d\u2019atteindre les objectifs de r\u00e9duction des \u00e9missions de gaz \u00e0 effet de serre<\/b> n\u00e9cessaire \u00e0 maintenir la limite du r\u00e9chauffement \u00e0 1,5\u00b0C par rapport \u00e0 l\u2019\u00e8re pr\u00e9industrielle (<a target=\"_blank\" href=\"https:\/\/mrmondialisation.org\/2024-annee-plus-chaude-jamais-enregistree\/\">atteinte en 2024\u2026<\/a>)<\/p>\n<p align=\"justify\">Sans compter que <strong>les panneaux publicitaires num\u00e9riques<\/strong> sont ultra polluants\u00a0<b>: \u00a0la consommation \u00e9lectrique annuelle d\u2019un panneau de deux m\u00e8tres carr\u00e9s \u00e9quivaut \u00e0 celle d\u2019un m\u00e9nage fran\u00e7ais<\/b>,\u00a0selon un rapport de l\u2019Ademe.<\/p>\n<p align=\"justify\">L\u2019image consum\u00e9riste v\u00e9hicul\u00e9e par les publicit\u00e9s<b> associant le bonheur au fait de consommer<\/b> et de poss\u00e9der toujours plus, en plus de nuire \u00e0 l\u2019environnement en nourrissant un imaginaire collectif obsol\u00e8te, jouerait par ailleurs<b> un r\u00f4le n\u00e9gatif sur notre sant\u00e9 mentale et nous rendrait plus malheureux.<\/b><\/p>\n<p align=\"justify\">Enfin, <b>l\u2019argument \u00e9conomique selon lequel la publicit\u00e9 profite aux collectivit\u00e9s a \u00e9t\u00e9 largement r\u00e9fut\u00e9<\/b>. Une \u00e9tude britannique r\u00e9alis\u00e9e par la New Economics Foundation a estim\u00e9 <b>qu\u20191\u00a3 de valeur cr\u00e9\u00e9e par la publicit\u00e9 g\u00e9n\u00e8re l\u2019\u00e9quivalent de 11\u00a3 d\u2019externalit\u00e9s n\u00e9gatives<\/b>, qu\u2019elles soient environnementales, sociales ou sanitaires.<\/p>\n<p align=\"justify\">La publicit\u00e9 <strong>co\u00fbte donc davantage aux collectivit\u00e9s<\/strong> qui doivent r\u00e9parer les dommages qu\u2019elle cause, que ce qu\u2019elle ne leur rapporte.<\/p>\n<h2 align=\"justify\"><b>Moins et mieux de pub<\/b><\/h2>\n<figure id=\"attachment_715256\" aria-describedby=\"caption-attachment-715256\" style=\"width: 2048px\" class=\"wp-caption alignnone\"><img loading=\"lazy\" decoding=\"async\" class=\"size-full wp-image-715256\" src=\"https:\/\/mrmondialisation.org\/wp-content\/uploads\/2025\/02\/50379461187-f60bb322a1-k.jpg\" alt=\"\" width=\"2048\" height=\"1365\" srcset=\"https:\/\/mrmondialisation.org\/wp-content\/uploads\/2025\/02\/50379461187-f60bb322a1-k.jpg 2048w, https:\/\/mrmondialisation.org\/wp-content\/uploads\/2025\/02\/50379461187-f60bb322a1-k-1024x683.jpg 1024w, https:\/\/mrmondialisation.org\/wp-content\/uploads\/2025\/02\/50379461187-f60bb322a1-k-1524x1016.jpg 1524w, https:\/\/mrmondialisation.org\/wp-content\/uploads\/2025\/02\/50379461187-f60bb322a1-k-768x512.jpg 768w, https:\/\/mrmondialisation.org\/wp-content\/uploads\/2025\/02\/50379461187-f60bb322a1-k-1536x1024.jpg 1536w, https:\/\/mrmondialisation.org\/wp-content\/uploads\/2025\/02\/50379461187-f60bb322a1-k-696x464.jpg 696w, https:\/\/mrmondialisation.org\/wp-content\/uploads\/2025\/02\/50379461187-f60bb322a1-k-1068x712.jpg 1068w, https:\/\/mrmondialisation.org\/wp-content\/uploads\/2025\/02\/50379461187-f60bb322a1-k-630x420.jpg 630w\" sizes=\"auto, (max-width: 2048px) 100vw, 2048px\"\/><figcaption id=\"caption-attachment-715256\" class=\"wp-caption-text\">Activistes anti-pub, Lille, 2019 @Flickr<\/figcaption><\/figure>\n<p align=\"justify\">Face \u00e0 ces constats, <b>plusieurs collectifs citoyens appellent \u00e0 diminuer la place de l\u2019affichage publicitaire dans leurs villes,<\/b> \u00e0 l\u2019image du mouvement Reclame fossielvrij qui a r\u00e9ussi \u00e0 faire pression \u00e0 Amsterdam et \u00e0 la Haye.<\/p>\n<p align=\"justify\"><b>La <a target=\"_blank\" href=\"https:\/\/www.conventioncitoyennepourleclimat.fr\/\">Convention citoyenne pour le Climat<\/a> avait \u00e9galement inclus la r\u00e9gulation de la publicit\u00e9 parmi ses mesures<\/b>, proposant \u00ab\u00a0<i>une meilleure gestion de l\u2019espace publicitaire fran\u00e7ais afin de r\u00e9duire l\u2019exposition aux comportements et produits nocifs pour le climat tout en favorisant <strong>la promotion des comportements et produits les plus vertueux<\/strong><\/i><strong>\u00a0\u00bb.<\/strong><\/p>\n<p align=\"justify\">En bref, les citoyens demandent<em><strong> \u00ab\u00a0<\/strong><\/em><b><em>moins et mieux\u00a0\u00bb<\/em> d\u2019affichage publicitaire<\/b>, c\u2019est-\u00e0-dire limiter les publicit\u00e9s nocives et intrusives et favoriser<strong> l\u2019affichage culturel, associatif et communal.<\/strong><\/p>\n<p align=\"justify\">La <b>ville de Grenoble a mis en place cette mesure depuis 2015<\/b>, en supprimant la publicit\u00e9 commerciale afin de s\u2019inscrire dans un \u00ab\u00a0<i>espace public plus humain, mieux partag\u00e9\u00a0\u00bb. <\/i>Seuls les panneaux consacr\u00e9s \u00e0 une expression libre, aux informations de la ville ou campagnes d\u2019int\u00e9r\u00eat g\u00e9n\u00e9ral, ainsi qu\u2019aux informations culturelles, ont \u00e9t\u00e9 maintenus.<\/p>\n<p align=\"justify\">La <b>publicit\u00e9 devrait s\u2019adapter aux changements de comportements de consommation plus que n\u00e9cessaires \u00e0 l\u2019heure actuelle<\/b>. De m\u00eame, si les pays veulent respecter leurs engagements climatiques comme ceux de l\u2019Accord de Paris, cela doit se faire \u00e0 tous les niveaux, y compris en <b>encourageant la sobri\u00e9t\u00e9<\/b>.<strong>\u00a0<\/strong>L\u2019interdiction de publicit\u00e9 d\u2019activit\u00e9s et produits li\u00e9es aux \u00e9nergies fossiles en est <b>un bon d\u00e9but.<\/b><\/p>\n<p align=\"right\"><em><span lang=\"en-GB\">\u2013 Delphine de H.<\/span><\/em><\/p>\n<hr\/>\n<p><span lang=\"en-GB\"><b>Sources<\/b><\/span><\/p>\n<p><span lang=\"en-GB\">\u00ab\u00a0How The Hague became the first city in the world to ban fossil fuel advertising\u201d, 17\/12\/2024, <\/span><span style=\"color: #467886;\"><u><a target=\"_blank\" href=\"https:\/\/storiesofpurpose.thehague.com\/legal-policy\/how-hague-became-first-city-world-ban-fossil-fuel-advertising\"><span lang=\"en-GB\">https:\/\/storiesofpurpose.thehague.com\/legal-policy\/how-hague-became-first-city-world-ban-fossil-fuel-advertising<\/span><\/a><\/u><\/span><\/p>\n<p>\u201cLimiter la publicit\u00e9 dans l\u2019espace public, une id\u00e9e qui fait son chemin\u00a0\u00bb, Bernard Deljarrie, 17\/04\/2020, <span style=\"color: #467886;\"><u><a target=\"_blank\" href=\"https:\/\/www.cap-com.org\/actualit%C3%A9s\/limiter-la-publicite-dans-lespace-public-une-idee-qui-fait-son-chemin\">https:\/\/www.cap-com.org\/actualit%C3%A9s\/limiter-la-publicite-dans-lespace-public-une-idee-qui-fait-son-chemin<\/a><\/u><\/span><\/p>\n<p>\u00ab\u00a0Lib\u00e9rons l\u2019espace public de l\u2019affichage publicitaire\u00a0\u00bb, Canopea, 5\/09\/2024, https:\/\/www.canopea.be\/liberons-lespace-public-de-laffichage-publicitaire\/<\/p>\n<p>\u00a0<\/p>\n<div class=\"td-a-rec td-a-rec-id-content_bottom_mob \"><span class=\"td-adspot-title\">&#8211; Information &#8211;<\/span><\/p>\n<div class=\"td-all-devices\">\n    <a target=\"_blank\" href=\"https:\/\/mrmondialisation.org\/donation\/\" title=\"Faire_un_don\"><img decoding=\"async\" class=\"donationArticle\" src=\"https:\/\/mrmondialisation.org\/wp-content\/uploads\/2022\/12\/220405-flikalicious-final.jpg\" alt=\"Donation\"\/><\/a>\n<\/div>\n<\/div><\/div>\n<p><br \/>\n<br \/><a href=\"https:\/\/mrmondialisation.org\/la-haye-premiere-ville-interdire-pub-fossile\/\" target=\"_blank\"\">Source link <\/a><\/p>\n","protected":false},"excerpt":{"rendered":"<p>&#8211; Information &#8211;Soutenir Mr Japanization sur Tipeee Depuis janvier 2025, La Haye aux Pays-Bas a interdit la publicit\u00e9 pour les produits et services li\u00e9es aux \u00e9nergies fossiles. Retour sur cette&hellip; <\/p>\n","protected":false},"author":1,"featured_media":2584,"comment_status":"open","ping_status":"open","sticky":false,"template":"","format":"standard","meta":{"footnotes":""},"categories":[1],"tags":[],"class_list":["post-2583","post","type-post","status-publish","format-standard","has-post-thumbnail","hentry","category-non-classe"],"_links":{"self":[{"href":"https:\/\/monde25.info\/index.php\/wp-json\/wp\/v2\/posts\/2583","targetHints":{"allow":["GET"]}}],"collection":[{"href":"https:\/\/monde25.info\/index.php\/wp-json\/wp\/v2\/posts"}],"about":[{"href":"https:\/\/monde25.info\/index.php\/wp-json\/wp\/v2\/types\/post"}],"author":[{"embeddable":true,"href":"https:\/\/monde25.info\/index.php\/wp-json\/wp\/v2\/users\/1"}],"replies":[{"embeddable":true,"href":"https:\/\/monde25.info\/index.php\/wp-json\/wp\/v2\/comments?post=2583"}],"version-history":[{"count":0,"href":"https:\/\/monde25.info\/index.php\/wp-json\/wp\/v2\/posts\/2583\/revisions"}],"wp:featuredmedia":[{"embeddable":true,"href":"https:\/\/monde25.info\/index.php\/wp-json\/wp\/v2\/media\/2584"}],"wp:attachment":[{"href":"https:\/\/monde25.info\/index.php\/wp-json\/wp\/v2\/media?parent=2583"}],"wp:term":[{"taxonomy":"category","embeddable":true,"href":"https:\/\/monde25.info\/index.php\/wp-json\/wp\/v2\/categories?post=2583"},{"taxonomy":"post_tag","embeddable":true,"href":"https:\/\/monde25.info\/index.php\/wp-json\/wp\/v2\/tags?post=2583"}],"curies":[{"name":"wp","href":"https:\/\/api.w.org\/{rel}","templated":true}]}}