{"id":259,"date":"2024-11-16T15:32:56","date_gmt":"2024-11-16T14:32:56","guid":{"rendered":"https:\/\/monde25.info\/index.php\/2024\/11\/16\/lagroecologie-pourrait-nourrir-95-milliards-dhumains\/"},"modified":"2024-11-16T15:32:56","modified_gmt":"2024-11-16T14:32:56","slug":"lagroecologie-pourrait-nourrir-95-milliards-dhumains","status":"publish","type":"post","link":"https:\/\/monde25.info\/index.php\/2024\/11\/16\/lagroecologie-pourrait-nourrir-95-milliards-dhumains\/","title":{"rendered":"L\u2019agro\u00e9cologie pourrait nourrir 9,5 milliards d\u2019humains"},"content":{"rendered":"<p> <br \/>\n<\/p>\n<div>\n<h4 class=\"p1\"><b>\u00ab\u00a0<\/b><b><i>En nous inspirant de l\u2019agro\u00e9cologie, nous pourrions produire de quoi alimenter sainement une population mondiale de plus de 9,5 milliards d\u2019habitants en 2050\u00a0<\/i><\/b><b>\u00bb : voil\u00e0 la promesse de Marc Dufumier, ing\u00e9nieur agronome. Son nouvel ouvrage intitul\u00e9 <\/b><em><a target=\"_blank\" href=\"https:\/\/www.terrevivante.org\/boutique\/livres\/societe-engagement\/la-transition-agroecologique\/\"><span class=\"s1\"><b>La transition agro\u00e9cologique, qu\u2019est-ce qu\u2019on attend ?<\/b><\/span><\/a><\/em><b>, publi\u00e9 aux \u00e9ditions Terre Vivante, dresse un plaidoyer inspir\u00e9 et convaincant. \u00c0 d\u00e9couvrir sans attendre !<\/b><\/h4>\n<p class=\"p1\">R\u00e9forme radicale de la <a target=\"_blank\" href=\"https:\/\/mrmondialisation.org\/souverainete-alimentaire-la-pac-doit-faire-sa-revolution-verte-durgence\/\">politique agricole commune europ\u00e9enne (PAC)<\/a>, valorisation de l\u2019agriculture paysanne, r\u00e9mun\u00e9ration des services environnementaux rendus par les agriculteurs ou encore ren\u00e9gociation des accords de libre-\u00e9change \u2026 <a target=\"_blank\" href=\"https:\/\/www.terrevivante.org\/boutique\/livres\/societe-engagement\/la-transition-agroecologique\/\">D<span class=\"s1\">ans son nouvel ouvrage paru aux \u00e9ditions Terre Vivante<\/span><\/a>, Marc Dufumier offre <strong>une vision sans concession des conditions socio-\u00e9conomiques \u00e0 mettre en place pour que les pratiques agricoles vertueuses s\u2019imposent,<\/strong> au profit du plus grand nombre.<\/p>\n<p><iframe loading=\"lazy\" title=\"Conf\u00e9rence Marc Dufumier 2024 - Agriculture biologique\" width=\"1110\" height=\"624\" src=\"https:\/\/www.youtube.com\/embed\/ZvJ256hYCrI?feature=oembed\" frameborder=\"0\" allow=\"accelerometer; autoplay; clipboard-write; encrypted-media; gyroscope; picture-in-picture; web-share\" referrerpolicy=\"strict-origin-when-cross-origin\" allowfullscreen><\/iframe><\/p>\n<p class=\"p1\">En moins d\u2019une centaine de pages, <b>l\u2019auteur assemble les rouages d\u2019un syst\u00e8me agricole <\/b>bas\u00e9 sur une agro\u00e9cologie scientifique et <b>place la production alimentaire au coeur de la transition \u00e9cologique et sociale.<\/b><\/p>\n<h2 class=\"p1\"><b>Un plaidoyer pour l\u2019agro\u00e9cologie<\/b><\/h2>\n<p class=\"p1\">Impliqu\u00e9 dans la formulation, la mise en \u0153uvre et l\u2019\u00e9valuation de nombreux projets de\u00a0d\u00e9veloppement agricole dans son pays natal comme \u00e0 l\u2019\u00e9tranger, <strong>l\u2019agronome s\u2019est longuement interrog\u00e9 sur les formes d\u2019agricultures qui seraient les plus \u00e0 m\u00eames de fournir une alimentation saine aux populations<\/strong>, sans occasionner de pollutions majeures \u00e0 l\u2019environnement. Aujourd\u2019hui, il se dit \u00ab\u00a0<i>convaincu<\/i>\u00a0\u00bb qu\u2019il serait \u00ab\u00a0<i>techniquement possible<\/i> \u00bb de<strong>\u00a0<a target=\"_blank\" href=\"https:\/\/mrmondialisation.org\/sol-assurer-la-souverainete-alimentaire-par-lagroecologie-paysanne\/\">nourrir l\u2019humanit\u00e9 gr\u00e2ce aux pratiques qui rel\u00e8vent de l\u2019agro\u00e9cologie.<\/a><\/strong><\/p>\n<figure id=\"attachment_688528\" aria-describedby=\"caption-attachment-688528\" style=\"width: 1024px\" class=\"wp-caption alignnone\"><img fetchpriority=\"high\" decoding=\"async\" class=\"wp-image-688528 size-medium\" src=\"https:\/\/mrmondialisation.org\/wp-content\/uploads\/2024\/11\/marc-dufumier-festival-des-insectes-viscomtat-63-scaled-e1730722256214-1024x746.jpg\" alt=\"\" width=\"1024\" height=\"746\" srcset=\"https:\/\/mrmondialisation.org\/wp-content\/uploads\/2024\/11\/marc-dufumier-festival-des-insectes-viscomtat-63-scaled-e1730722256214-1024x746.jpg 1024w, https:\/\/mrmondialisation.org\/wp-content\/uploads\/2024\/11\/marc-dufumier-festival-des-insectes-viscomtat-63-scaled-e1730722256214-1524x1110.jpg 1524w, https:\/\/mrmondialisation.org\/wp-content\/uploads\/2024\/11\/marc-dufumier-festival-des-insectes-viscomtat-63-scaled-e1730722256214-768x559.jpg 768w, https:\/\/mrmondialisation.org\/wp-content\/uploads\/2024\/11\/marc-dufumier-festival-des-insectes-viscomtat-63-scaled-e1730722256214-1536x1118.jpg 1536w, https:\/\/mrmondialisation.org\/wp-content\/uploads\/2024\/11\/marc-dufumier-festival-des-insectes-viscomtat-63-scaled-e1730722256214-696x507.jpg 696w, https:\/\/mrmondialisation.org\/wp-content\/uploads\/2024\/11\/marc-dufumier-festival-des-insectes-viscomtat-63-scaled-e1730722256214-1068x778.jpg 1068w, https:\/\/mrmondialisation.org\/wp-content\/uploads\/2024\/11\/marc-dufumier-festival-des-insectes-viscomtat-63-scaled-e1730722256214-577x420.jpg 577w, https:\/\/mrmondialisation.org\/wp-content\/uploads\/2024\/11\/marc-dufumier-festival-des-insectes-viscomtat-63-scaled-e1730722256214-324x235.jpg 324w, https:\/\/mrmondialisation.org\/wp-content\/uploads\/2024\/11\/marc-dufumier-festival-des-insectes-viscomtat-63-scaled-e1730722256214.jpg 1920w\" sizes=\"(max-width: 1024px) 100vw, 1024px\"\/><figcaption id=\"caption-attachment-688528\" class=\"wp-caption-text\">Marc Dufumier. Wikimedia.<\/figcaption><\/figure>\n<p class=\"p1\">Si la solution parait si \u00e9vidente, <strong>pourquoi ces techniques agricoles vertueuses sur tous les plans peinent-elles \u00e0 s\u2019imposer massivement ?<\/strong> \u00ab\u00a0<i>La production\u00a0!<\/i> \u00bb, r\u00e9pondent en coeur les partisans d\u2019une agriculture industrielle et intensive, <strong>qui avancent la n\u00e9cessit\u00e9 de r\u00e9pondre aux besoins alimentaires d\u2019une population croissante<\/strong> \u00e0 l\u2019\u00e9chelle du globe et d\u00e9noncent des rendements potentiellement insuffisants de l\u2019agro\u00e9cologie.<\/p>\n<h2 class=\"p1\"><b>Faim dans le monde : produire plus ou partager mieux ?<\/b><\/h2>\n<p class=\"p1\">Parmi les 8 milliards d\u2019habitants que nous sommes aujourd\u2019hui sur la plan\u00e8te :<\/p>\n<blockquote>\n<p class=\"p1\"><strong><i>\u00ab\u00a0il y en a encore plus de 700 millions, dont 98% vivant dans les pays du Sud, qui souffrent d\u2019une faim chronique, avec une ration \u00e9nerg\u00e9tique nettement inf\u00e9rieure \u00e0 l\u2019apport de 2400 kcal par jour conseill\u00e9e pour un homme en moyenne<\/i> \u00bb<\/strong><\/p>\n<\/blockquote>\n<p class=\"p1\">Bien loin d\u2019une croyance largement r\u00e9pandue, <strong>l\u2019enjeu majeur de notre syst\u00e8me agricole ne se r\u00e9sume pourtant pas \u00e0 atteindre une production suffisante pour nourrir une population mondiale en croissance<\/strong>. \u00ab\u00a0<i>Pour nourrir correctement un adulte sans aucune insuffisance nutritive, <strong>il faut disposer annuellement de l\u2019ordre de 200 kg de c\u00e9r\u00e9ales (ou son \u00e9quivalent en pommes de terre, manioc, patates douces, etc\u2026) par habitant.<\/strong> Or, la production mondiale d\u00e9passe d\u00e9j\u00e0 aujourd\u2019hui en moyenne les 330 kg d\u2019\u00e9quivalent-c\u00e9r\u00e9ales par personne et par an<\/i>\u00a0\u00bb, explique le chercheur.<\/p>\n<figure id=\"attachment_688427\" aria-describedby=\"caption-attachment-688427\" style=\"width: 1024px\" class=\"wp-caption alignnone\"><img loading=\"lazy\" decoding=\"async\" class=\"size-medium wp-image-688427\" src=\"https:\/\/mrmondialisation.org\/wp-content\/uploads\/2024\/10\/capture-decran-2024-10-31-a-115108-1024x714.png\" alt=\"\" width=\"1024\" height=\"714\" srcset=\"https:\/\/mrmondialisation.org\/wp-content\/uploads\/2024\/10\/capture-decran-2024-10-31-a-115108-1024x714.png 1024w, https:\/\/mrmondialisation.org\/wp-content\/uploads\/2024\/10\/capture-decran-2024-10-31-a-115108-768x536.png 768w, https:\/\/mrmondialisation.org\/wp-content\/uploads\/2024\/10\/capture-decran-2024-10-31-a-115108-696x485.png 696w, https:\/\/mrmondialisation.org\/wp-content\/uploads\/2024\/10\/capture-decran-2024-10-31-a-115108-1068x745.png 1068w, https:\/\/mrmondialisation.org\/wp-content\/uploads\/2024\/10\/capture-decran-2024-10-31-a-115108-602x420.png 602w, https:\/\/mrmondialisation.org\/wp-content\/uploads\/2024\/10\/capture-decran-2024-10-31-a-115108-100x70.png 100w, https:\/\/mrmondialisation.org\/wp-content\/uploads\/2024\/10\/capture-decran-2024-10-31-a-115108.png 1200w\" sizes=\"auto, (max-width: 1024px) 100vw, 1024px\"\/><figcaption id=\"caption-attachment-688427\" class=\"wp-caption-text\">L\u2019ouvrage d\u00e9taille de mani\u00e8re concise et pourtant compl\u00e8te les diff\u00e9rents enjeux qui traversent les syst\u00e8mes alimentaires actuels. Cr\u00e9dits : Terre Vivante : https:\/\/www.terrevivante.org\/boutique\/livres\/societe-engagement\/la-transition-agroecologique\/<\/figcaption><\/figure>\n<p class=\"p1\">\u00ab\u00a0<i>Toutefois le drame est que <strong>les populations les plus pauvres ne b\u00e9n\u00e9ficient toujours pas d\u2019un pouvoir d\u2019achat suffisant<\/strong> pour se les procurer<\/i>\u00a0\u00bb. La priorit\u00e9 n\u2019est donc pas tant de vouloir produire plus de nourriture que <strong>de mettre fin aux in\u00e9galit\u00e9s de revenus pour que l\u2019acc\u00e8s aux productions alimentaires existantes soit assur\u00e9 \u00e0 travers le globe<\/strong>.<\/p>\n<h2 class=\"p1\"><b>Quand nourrir le monde ne suffit plus pour nourrir son foyer<\/b><\/h2>\n<p class=\"p1\">Au-del\u00e0 de la r\u00e9duction des in\u00e9galit\u00e9s, <strong>Marc Dufumier plaide \u00e9galement pour une revalorisation consid\u00e9rable du m\u00e9tier nourricier, <\/strong>\u00e0 la base de nos syst\u00e8mes alimentaires. \u00ab\u00a0<i>Entre <strong>une concurrence exerc\u00e9e par des producteurs nettement plus comp\u00e9titifs sur le march\u00e9 mondial, des conditions iniques impos\u00e9es par certaines entreprises<\/strong> situ\u00e9es en amont ou en aval de la cha\u00eene de production, des l\u00e9gislations fonci\u00e8res souvent inadapt\u00e9es aux situations locales et un acc\u00e8s limit\u00e9 aux cr\u00e9dits ad\u00e9quat<\/i>s\u00a0\u00bb, <strong><a target=\"_blank\" href=\"https:\/\/mrmondialisation.org\/le-suicide-des-agriculteurs-un-drame-humain-evitable\/\">les agriculteurs europ\u00e9ens peinent \u00e0 vivre dignement<\/a> de leur labeur<\/strong>.<\/p>\n<div class=\"td-a-rec td-a-rec-id-content_inlineright  tdi_1 td_block_template_1\">\n<span class=\"td-adspot-title\">&#8211; Pour une information libre ! &#8211;<\/span><a target=\"_blank\" href=\"https:\/\/fr.tipeee.com\/mr-mondialisation\" class=\"tipeee-project-small\">Soutenir Mr Japanization sur Tipeee<\/a>\n<\/div>\n<p class=\"p1\"><a target=\"_blank\" href=\"https:\/\/mrmondialisation.org\/pac-subvention-80-elevages-climat\/\">Largement subsidi\u00e9es par la PAC<\/a>, qui encourage l\u2019agrandissement et la sp\u00e9cialisation des exploitations au d\u00e9triment d\u2019une agriculture paysanne et vivri\u00e8re, <strong>les fermes se transforment en<em> \u00ab firmes \u00bb<\/em>, int\u00e9gr\u00e9es dans une chaine de production monopolis\u00e9e par quelques g\u00e9ants du secteur<\/strong>.<\/p>\n<blockquote>\n<p class=\"p1\"><strong>\u00ab\u00a0<i>\u00c0 la d\u00e9pendance alimentaire d\u2019autrefois (importations de produits alimentaires) a donc succ\u00e9d\u00e9 une d\u00e9pendance technologique, \u00e9nerg\u00e9tique et financi\u00e8re \u00e0 l\u2019\u00e9gard de ces grandes soci\u00e9t\u00e9s (importations de mat\u00e9riel d\u2019engrais de synth\u00e8se et de produits pesticides tr\u00e8s co\u00fbteux financi\u00e8rement) et en \u00e9nergie fossiles<\/i> \u00bb<\/strong><\/p>\n<\/blockquote>\n<h2 class=\"p1\"><b>Techniques et \u00e9thique au service de la terre<\/b><\/h2>\n<p class=\"p1\">Pour inverser la tendance, <strong>l\u2019ouvrage encourage la r\u00e9mun\u00e9ration des services environnementaux rendus par les exploitants engag\u00e9s dans des pratiques durables<\/strong> (comme la s\u00e9questration du carbone dans l\u2019humus des sols ou la pr\u00e9servation de la biodiversit\u00e9 cultiv\u00e9e), <strong>la taxation des engrais azot\u00e9s de synth\u00e8se<\/strong> ou encore des subventions bas\u00e9es sur l\u2019embauche de main d\u2019oeuvre plut\u00f4t que sur le nombre d\u2019hectares.<\/p>\n<hr\/>\n<p><a target=\"_blank\" href=\"https:\/\/fr.tipeee.com\/mr-mondialisation\"><strong>Gratuit, sans subvention et ind\u00e9pendant depuis 10 ans, nous avons besoin de vous pour continuer ce travail en 2024. Sens-toi libre d\u2019activer un abonnement volontaire sur ce lien en offrant un th\u00e9 \u00e0 l\u2019\u00e9quipe. Merci infiniment.<\/strong><\/a><\/p>\n<hr\/>\n<p class=\"p1\">En outre, r\u00e9duire la part des activit\u00e9s agricoles d\u00e9di\u00e9es \u00e0 la production et alimentation des animaux d\u2019\u00e9levage et <strong>diversifier les cultures au sein d\u2019une m\u00eame r\u00e9gion multiplierait les interactions favorables entre les exploitations<\/strong>, tout en permettant aux consommateurs d\u2019acc\u00e9der \u00e0 une offre alimentaire locale attractive et v\u00e9ritablement nourrici\u00e8re.<\/p>\n<p class=\"p1\">Sur un plan technique, l\u2019ouvrage passe aussi en revue les attraits du d\u00e9veloppement de pratiques agro\u00e9cologiques. <strong>Au-del\u00e0 des gain de rendement et d\u2019efficacit\u00e9, l\u2019auteur d\u00e9montre les bienfaits environnementaux<\/strong> d\u2019une meilleure gestion de l\u2019eau de pluie, de l\u2019enrichissement des sols gr\u00e2ce aux engrais verts, de l\u2019introduction d\u2019auxiliaires de culture ou encore des haies bocag\u00e8res.<\/p>\n<figure id=\"attachment_688426\" aria-describedby=\"caption-attachment-688426\" style=\"width: 1024px\" class=\"wp-caption alignnone\"><img loading=\"lazy\" decoding=\"async\" class=\"size-medium wp-image-688426\" src=\"https:\/\/mrmondialisation.org\/wp-content\/uploads\/2024\/10\/capture-decran-2024-10-31-a-115132-1024x717.png\" alt=\"\" width=\"1024\" height=\"717\" srcset=\"https:\/\/mrmondialisation.org\/wp-content\/uploads\/2024\/10\/capture-decran-2024-10-31-a-115132-1024x717.png 1024w, https:\/\/mrmondialisation.org\/wp-content\/uploads\/2024\/10\/capture-decran-2024-10-31-a-115132-768x538.png 768w, https:\/\/mrmondialisation.org\/wp-content\/uploads\/2024\/10\/capture-decran-2024-10-31-a-115132-696x487.png 696w, https:\/\/mrmondialisation.org\/wp-content\/uploads\/2024\/10\/capture-decran-2024-10-31-a-115132-1068x748.png 1068w, https:\/\/mrmondialisation.org\/wp-content\/uploads\/2024\/10\/capture-decran-2024-10-31-a-115132-600x420.png 600w, https:\/\/mrmondialisation.org\/wp-content\/uploads\/2024\/10\/capture-decran-2024-10-31-a-115132-100x70.png 100w, https:\/\/mrmondialisation.org\/wp-content\/uploads\/2024\/10\/capture-decran-2024-10-31-a-115132.png 1200w\" sizes=\"auto, (max-width: 1024px) 100vw, 1024px\"\/><figcaption id=\"caption-attachment-688426\" class=\"wp-caption-text\">En tant qu\u2019agronome, Marc Dufumier explore \u00e9galement comment de nouvelles techniques agricoles peuvent am\u00e9liorer les syst\u00e8mes de production sans nuire \u00e0 l\u2019environnement ou aux populations. \u2013 Cr\u00e9dits : Terre Vivante : https:\/\/www.terrevivante.org\/boutique\/livres\/societe-engagement\/la-transition-agroecologique\/<\/figcaption><\/figure>\n<h2 class=\"p1\"><b>L\u2019agro\u00e9cologie, cl\u00e9 d\u2019un avenir nourricier et durable<\/b><\/h2>\n<p class=\"p2\">Finalement, l\u2019enjeu sera de promouvoir dans les diverses r\u00e9gions du monde \u00ab <i>des formes d\u2019agriculture capables de bien <strong>mettre en valeur les potentialit\u00e9s productives des \u00e9cosyst\u00e8mes locaux, sans engendrer de pollution majeure de l\u2019air des eaux et des sols,<\/strong> ni occasionner de pr\u00e9judices pour les g\u00e9n\u00e9rations futures<\/i> \u00bb, explique Marc Dufumier.<\/p>\n<p class=\"p2\">L\u2019ouvrage, fluide et condens\u00e9, propose un aper\u00e7u exhaustif et document\u00e9 des solutions agro\u00e9cologiques capables de transformer notre syst\u00e8me agroalimentaire. <span class=\"s2\">Avec sa sortie, <strong>l\u2019auteur entend bien <\/strong><\/span><strong>favoriser l\u2019\u00e9mergence de nouveaux syst\u00e8mes de culture et d\u2019\u00e9levage relevant de l\u2019agro\u00e9cologie<\/strong>, \u00ab\u00a0<i>capables d\u2019assurer conjointement une alimentation saine, une agriculture durable et des revenus d\u00e9cents pour l\u2019immense majorit\u00e9 des paysans, au Nord comme au Sud<\/i>\u00a0\u00bb.<\/p>\n<p class=\"p2\">Pour y parvenir, Marc Dufumier<strong>\u00a0appelle de ses voeux des politiques \u00e9conomiques, commerciales et environnementales ambitieuses<\/strong>, offrant aux agriculteurs du monde entier les moyens et l\u2019envie de cultiver un avenir <strong>o\u00f9 l\u2019alimentation est source d\u2019\u00e9quit\u00e9 et de sant\u00e9 pour tous<\/strong>.<\/p>\n<p><iframe loading=\"lazy\" title=\"Terre vivante a besoin de vous !\" width=\"1110\" height=\"624\" src=\"https:\/\/www.youtube.com\/embed\/xlFPufgiDUM?feature=oembed\" frameborder=\"0\" allow=\"accelerometer; autoplay; clipboard-write; encrypted-media; gyroscope; picture-in-picture; web-share\" referrerpolicy=\"strict-origin-when-cross-origin\" allowfullscreen><\/iframe><\/p>\n<p>N.B. : La maison d\u2019\u00e9ditions de cet ouvrage, Terre Vivante, traverse actuellement de graves difficult\u00e9s financi\u00e8res qui impactent l\u2019ensemble de ses activit\u00e9s. <strong>Cr\u00e9\u00e9e il y a 45 ans et int\u00e9gralement ind\u00e9pendante,<\/strong> l\u2019organisation souhaite continuer \u00e0 diffuser des connaissances essentielles pour un monde meilleur et lance une campagne d\u2019appel aux dons. <strong>Si vous souhaitez les soutenir, <a target=\"_blank\" href=\"https:\/\/fr.ulule.com\/terre-vivante\/\"><span class=\"s1\">rendez-vous sur la page Ulule de la collecte<\/span><\/a>.<\/strong><\/p>\n<p class=\"p3\" style=\"text-align: right;\"><strong><em>\u2013 L. Aendekerk<\/em><\/strong><\/p>\n<hr\/>\n<p>Photo de couverture : <a target=\"_blank\" href=\"https:\/\/www.flickr.com\/search\/?license=2%2C3%2C4%2C5%2C6%2C9&amp;text=agro%C3%A9cologie\">Flickr<\/a><\/p>\n<div class=\"td-a-rec td-a-rec-id-content_bottom  tdi_2 td_block_template_1\">\n<span class=\"td-adspot-title\">&#8211; Cet article gratuit et ind\u00e9pendant existe gr\u00e2ce \u00e0 vous &#8211;<\/span><\/p>\n<div class=\"td-all-devices\">\n    <a target=\"_blank\" href=\"https:\/\/mrmondialisation.org\/donation\/\" title=\"Faire_un_don\"><img decoding=\"async\" class=\"donationArticle\" src=\"https:\/\/mrmondialisation.org\/wp-content\/uploads\/2022\/12\/220405-flikalicious-final.jpg\" alt=\"Donation\"\/><\/a>\n<\/div>\n<\/div><\/div>\n<p><br \/>\n<br \/><a href=\"https:\/\/mrmondialisation.org\/lagroecologie-pourrait-nourrir-95-milliards-dhumains\/\" target=\"_blank\"\">Source link <\/a><\/p>\n","protected":false},"excerpt":{"rendered":"<p>\u00ab\u00a0En nous inspirant de l\u2019agro\u00e9cologie, nous pourrions produire de quoi alimenter sainement une population mondiale de plus de 9,5 milliards d\u2019habitants en 2050\u00a0\u00bb : voil\u00e0 la promesse de Marc Dufumier,&hellip; <\/p>\n","protected":false},"author":1,"featured_media":260,"comment_status":"open","ping_status":"open","sticky":false,"template":"","format":"standard","meta":{"footnotes":""},"categories":[1],"tags":[],"class_list":["post-259","post","type-post","status-publish","format-standard","has-post-thumbnail","hentry","category-non-classe"],"_links":{"self":[{"href":"https:\/\/monde25.info\/index.php\/wp-json\/wp\/v2\/posts\/259","targetHints":{"allow":["GET"]}}],"collection":[{"href":"https:\/\/monde25.info\/index.php\/wp-json\/wp\/v2\/posts"}],"about":[{"href":"https:\/\/monde25.info\/index.php\/wp-json\/wp\/v2\/types\/post"}],"author":[{"embeddable":true,"href":"https:\/\/monde25.info\/index.php\/wp-json\/wp\/v2\/users\/1"}],"replies":[{"embeddable":true,"href":"https:\/\/monde25.info\/index.php\/wp-json\/wp\/v2\/comments?post=259"}],"version-history":[{"count":0,"href":"https:\/\/monde25.info\/index.php\/wp-json\/wp\/v2\/posts\/259\/revisions"}],"wp:featuredmedia":[{"embeddable":true,"href":"https:\/\/monde25.info\/index.php\/wp-json\/wp\/v2\/media\/260"}],"wp:attachment":[{"href":"https:\/\/monde25.info\/index.php\/wp-json\/wp\/v2\/media?parent=259"}],"wp:term":[{"taxonomy":"category","embeddable":true,"href":"https:\/\/monde25.info\/index.php\/wp-json\/wp\/v2\/categories?post=259"},{"taxonomy":"post_tag","embeddable":true,"href":"https:\/\/monde25.info\/index.php\/wp-json\/wp\/v2\/tags?post=259"}],"curies":[{"name":"wp","href":"https:\/\/api.w.org\/{rel}","templated":true}]}}