{"id":2601,"date":"2025-02-14T12:48:44","date_gmt":"2025-02-14T11:48:44","guid":{"rendered":"https:\/\/monde25.info\/index.php\/2025\/02\/14\/quand-le-terme-occident-devient-finalement-un-stigmate-plus-personne-ne-souhaite-sy-identifier\/"},"modified":"2025-02-14T12:48:44","modified_gmt":"2025-02-14T11:48:44","slug":"quand-le-terme-occident-devient-finalement-un-stigmate-plus-personne-ne-souhaite-sy-identifier","status":"publish","type":"post","link":"https:\/\/monde25.info\/index.php\/2025\/02\/14\/quand-le-terme-occident-devient-finalement-un-stigmate-plus-personne-ne-souhaite-sy-identifier\/","title":{"rendered":"Quand le terme \u00abOccident\u00bb devient finalement un stigmate, plus personne ne souhaite s\u2019y identifier"},"content":{"rendered":"<p> <br \/>\n<\/p>\n<div>\n<ol class=\"campaign-loop campaign-list\">\n<li id=\"campaign-433393\" class=\"post-433393 campaign type-campaign status-publish hentry campaign-has-goal campaign-has-not-achieved-goal campaign-has-end-date campaign-has-not-ended\">\n\t<a target=\"_blank\" href=\"https:\/\/reseauinternational.net\/campaigns\/campagne-de-dons-decembre-2024\/\"><\/p>\n<h3>Soutenez R\u00e9seau International.<\/h3>\n<p>\t\t\t<\/a><\/p>\n<p>\n\tChers amis lecteurs, C\u2019est gr\u00e2ce \u00e0 vos dons que nous pouvons garder notre ind\u00e9pendance et\u00a0 vous fournir le meilleur de l\u2019information internationale alternative. Votre soutien nous est indispensable; nous comptons sur vous.<\/p>\n<\/li>\n<\/ol>\n<p>par <strong>Mohamed Lamine Kaba<\/strong><\/p>\n<p><strong>Alors que l\u2019h\u00e9g\u00e9monie occidentale vacille, les dynamiques historiques se transforment et les nations du Sud s\u2019affranchissent de leur emprise, initiant une nouvelle \u00e8re marqu\u00e9e par la r\u00e9sistance et la contestation. Quels sont les enjeux de ce soul\u00e8vement ? Quel futur attend l\u2019Occident ?<\/strong><\/p>\n<p>Autrefois symbole de progr\u00e8s et de leadership moral, l\u2019Occident est d\u00e9sormais per\u00e7u comme une entit\u00e9 en d\u00e9clin, rong\u00e9e par ses contradictions internes. Les \u00c9tats-Unis et l\u2019Union europ\u00e9enne, jadis les bastions de cet id\u00e9al, sont aujourd\u2019hui critiqu\u00e9s pour leur hypocrisie, que ce soit en pr\u00f4nant les droits de l\u2019homme tout en soutenant des r\u00e9gimes autoritaires ou en pr\u00f4nant la libert\u00e9 tout en pratiquant la surveillance de masse. Ces incoh\u00e9rences ont transform\u00e9 l\u2019Occident en un stigmate, symbolisant le double discours et l\u2019imp\u00e9rialisme pluridimensionnel. Alors que l\u2019Occident s\u2019enlise dans ses propres crises, des puissances \u00e9mergentes comme la Chine et l\u2019Inde redessinent, aux c\u00f4t\u00e9s de la Russie, le paysage mondial en offrant des alternatives plus inclusives et multipolaires. Le soft power occidental s\u2019efface progressivement face \u00e0 l\u2019ascension des cultures eurasiatiques, africaines, latino-am\u00e9ricaines et moyen-orientales. Dans cette logique d\u2019actions, le refus de r\u00e9forme profonde de la part des \u00c9tats-Unis et de l\u2019Union europ\u00e9enne pr\u00e9cipite leur marginalisation. Cela transforme l\u2019Occident en une relique du pass\u00e9, marquant ainsi la fin d\u2019une \u00e8re et l\u2019\u00e9mergence d\u2019un nouveau paradigme mondial.<\/p>\n<p>Cette \u00e9volution s\u2019explique par des politiques n\u00e9olib\u00e9rales, des guerres pr\u00e9ventives \u00e0 fronts ouverts et par procuration ou par alli\u00e9s interpos\u00e9s, des atteintes aux \u00abdroits des peuples \u00e0 disposer d\u2019eux-m\u00eames\u00bb et des in\u00e9galit\u00e9s croissantes, qui ont fragilis\u00e9 la l\u00e9gitimit\u00e9 du monde occidental. L\u2019anti-occidentalisme, en plein essor tant \u00e0 l\u2019int\u00e9rieur des territoires occidentaux qu\u2019\u00e0 l\u2019ext\u00e9rieur des fronti\u00e8res de l\u2019Occident, t\u00e9moigne d\u2019une hostilit\u00e9 accrue envers les valeurs et institutions occidentales en d\u00e9su\u00e9tudes, notamment dans les pays du Sud et du Nord, \u00e9puis\u00e9s par des politiques n\u00e9ocoloniales et des violations de leurs droits souverains. Cette dynamique annonce la fin de l\u2019h\u00e9g\u00e9monie occidentale et l\u2019av\u00e8nement d\u2019une nouvelle \u00e8re multipolaire, marqu\u00e9e par la mont\u00e9e en puissance de nations \u00e9mergentes comme la Chine, l\u2019Inde et le Br\u00e9sil, aux c\u00f4t\u00e9s de la Russie dans l\u2019alliance BRICS. Ainsi, l\u2019Occident que certains occidentaux eux-m\u00eames voient d\u00e9sormais comme un stigmate, perd peu \u00e0 peu sa position dominante sur la sc\u00e8ne mondiale. Pendant que Trump et ses alli\u00e9s de l\u2019Europe et de l\u2019OTAN s\u2019\u00e9changent des coups mortels dans une\u00a0<a target=\"_blank\" href=\"https:\/\/www.rfi.fr\/fr\/europe\/20250203-guerres-commerciales-de-trump-l-europe-s-organise-mais-reste-divis%C3%A9e-sur-la-strat%C3%A9gie-%C3%A0-adopter\" target=\"_blank\" rel=\"noopener\" title=\"\">guerre \u00e9conomique f\u00e9roce<\/a>, au m\u00eame moment, leur alliance transatlantique perd son hom\u00e9ostasie et s\u2019agonise.<\/p>\n<h5 class=\"wp-block-heading\"><strong>La d\u00e9l\u00e9gitimation de l\u2019Occident est d\u00fb \u00e0 un monde multipolaire qui le marginalise<\/strong><\/h5>\n<p>L\u2019Occident, autrefois symbole de \u00abd\u00e9mocratie\u00bb et de \u00abprogr\u00e8s\u00bb tous azimuts, voit aujourd\u2019hui sa l\u00e9gitimit\u00e9 s\u2019\u00e9roder en raison de ses associations avec l\u2019imp\u00e9rialisme, le colonialisme, le racisme et la x\u00e9nophobie. Les politiques n\u00e9olib\u00e9rales, les interventions militaires injustifi\u00e9es (en Afrique, en Asie et Am\u00e9rique Latine) et la violation fr\u00e9quente des droits des peuples \u00e0 l\u2019<a target=\"_blank\" href=\"https:\/\/atlasocio.com\/revue\/politique\/2015\/le-droit-a-l-autodetermination-les-dix-questions-cles.php\" target=\"_blank\" rel=\"noopener\" title=\"\">autod\u00e9termination<\/a>\u00a0ont aliment\u00e9 un climat de d\u00e9fiance mondial. Les \u00c9tats-Unis, autoproclam\u00e9s leaders de l\u2019Occident, sont particuli\u00e8rement critiqu\u00e9s pour des actions telles que les guerres en Irak et en Afghanistan, en Palestine et en Syrie, en Libye et au conflit russo-ukrainien, les recours \u00e0 la torture et les in\u00e9galit\u00e9s \u00e9conomiques. L\u2019Europe, consid\u00e9r\u00e9e comme le berceau de la d\u00e9mocratie \u00e0 double facette, n\u2019\u00e9chappe pas aux critiques avec ses politiques d\u2019aust\u00e9rit\u00e9 d\u00e9vastatrices et sa gestion inefficace des crises migratoires. Cette\u00a0<a target=\"_blank\" href=\"https:\/\/lespectacledumonde.fr\/economie\/les-sanctions-symptome-dun-occident-en-perte-de-vitesse\/\" target=\"_blank\" rel=\"noopener\" title=\"\">d\u00e9l\u00e9gitimation<\/a>\u00a0r\u00e9sulte directement des politiques occidentales et appelle \u00e0 une refonte vers des choix plus justes et \u00e9quitables, respectueux des droits humains. Alors que l\u2019Occident collectif de Vancouver \u00e0 Varsovie, de Los Angeles \u00e0 Lisbonne, de Washington \u00e0 Paris, perd de son attrait, de nombreux pays du Sud s\u2019affranchissent de son influence pour tracer leur propre chemin vers la souverainet\u00e9. D\u00e9sormais, l\u2019Occident symbolise le d\u00e9clin, marquant un tournant o\u00f9 ce qui fut une source de fiert\u00e9 devient un fardeau.<\/p>\n<h5 class=\"wp-block-heading\"><strong>La mont\u00e9e de l\u2019anti-occidentalisme, l\u2019effondrement de l\u2019identit\u00e9 occidentale<\/strong><\/h5>\n<p>De plus en plus manifeste devant de la sc\u00e8ne mondiale, la mont\u00e9e de l\u2019anti-occidentalisme illustre de mani\u00e8re d\u00e9cisive un bouleversement global dans lequel les pays du Sud, autrefois exploit\u00e9s et domin\u00e9s par les puissances occidentales, prennent d\u00e9sormais leur destin en main en s\u2019affranchissant de cette emprise. Cette dynamique s\u2019inscrit comme une r\u00e9action l\u00e9gitime face aux politiques n\u00e9olib\u00e9rales, aux interventions militaires expansionnistes, aux violations des droits des peuples et aux in\u00e9galit\u00e9s sociales exacerb\u00e9es qui ont marqu\u00e9 l\u2019h\u00e9g\u00e9monie occidentale. Alors que les \u00c9tats-Unis et l\u2019Europe coalisent au sein de l\u2019<a target=\"_blank\" href=\"https:\/\/www.nato.int\/nato-welcome\/index_fr.html\" target=\"_blank\" rel=\"noopener\" title=\"\">OTAN<\/a>\u00a0(une OTAN qui a tendance \u00e0 devenir de plus en plus une alliance des contraires), leurs actions d\u00e9shumanisantes ternissent leur image sur l\u2019\u00e9chiquier global. En parall\u00e8le, l\u2019essor des r\u00e9seaux sociaux et des m\u00e9dias alternatifs offre aux peuples du Sud des plateformes puissantes pour exprimer leur m\u00e9contentement et contester la narration dominante. Forts de mouvements sociaux d\u00e9termin\u00e9s, ils plaident pour des relations internationales bas\u00e9es sur l\u2019\u00e9quit\u00e9 et la justice. Face \u00e0 l\u2019immobilisme r\u00e9formateur, les \u00c9tats-Unis et l\u2019Union europ\u00e9enne courent le risque d\u2019une marginalisation acc\u00e9l\u00e9r\u00e9e. Le rejet du concept d\u2019\u00abOccident\u00bb ne se manifeste pas uniquement \u00e0 l\u2019ext\u00e9rieur, mais \u00e9galement \u00e0 l\u2019int\u00e9rieur, o\u00f9 les divisions politiques, les fractures sociales et les crises identitaires sapent la coh\u00e9sion d\u2019un macrocosme syst\u00e9mique. La persistance de cette tendance transforme progressivement l\u2019Occident en relique du pass\u00e9, une id\u00e9e d\u00e9laiss\u00e9e. Ce d\u00e9clin, tant symbolique que concret, annonce tristement la fin de l\u2019unipolarisme occidental et l\u2019\u00e9mergence d\u2019un nouveau paradigme mondial \u2013 le multipolarisme \u2013 rel\u00e9guant l\u2019Occident \u00e0 la cat\u00e9gorie des souvenirs embarrassants.<\/p>\n<h5 class=\"wp-block-heading\"><strong>La fin de l\u2019h\u00e9g\u00e9monie occidentale, un h\u00e9ritage \u00e9rod\u00e9 par les contradictions internes<\/strong><\/h5>\n<p>Avec une certitude absolue, la fin de l\u2019h\u00e9g\u00e9monie occidentale repr\u00e9sente un tournant in\u00e9luctable \u2013 red\u00e9finissant l\u2019\u00e9quilibre mondial avec l\u2019\u00e9mergence dynamique des nations du Sud \u2013 d\u00e9cid\u00e9es \u00e0 s\u2019affranchir de si\u00e8cles de domination. Face \u00e0 une remise en question sans pr\u00e9c\u00e9dent de sa l\u00e9gitimit\u00e9, l\u2019Occident voit ses mod\u00e8les politiques n\u00e9olib\u00e9raux, ses interventions militaires antith\u00e9tiques et ses promesses de droits universels se heurter \u00e0 un scepticisme croissant. Les \u00c9tats-Unis \u2013 longtemps per\u00e7us comme le fer de lance de cette influence \u2013 subissent des pressions externes avec l\u2019ascension de puissances comme la Chine, l\u2019Inde, l\u2019Afrique du Sud ou le Br\u00e9sil, aux c\u00f4t\u00e9s de la Russie dans l\u2019<a target=\"_blank\" href=\"https:\/\/infobrics.org\/\" target=\"_blank\" rel=\"noopener\" title=\"\">alliance BRICS<\/a>, et des d\u00e9fis internes tels que l\u2019in\u00e9galit\u00e9 \u00e9conomique et la discrimination, mettant \u00e0 mal leur leadership. Parall\u00e8lement, l\u2019Europe bruxelloise et londonienne fait face \u00e0 ses propres crises, notamment sociales, politiques, \u00e9conomiques et s\u00e9curitaires, qui \u00e9rodent son image de berceau d\u00e9mocratique. Le mod\u00e8le de l\u2019ordre international lib\u00e9ral \u2013 tristement impos\u00e9 aux peuples du Sud \u2013 est d\u00e9sormais contest\u00e9, refl\u00e9tant ainsi \u00e0 l\u2019\u00e9chelle globale, le besoin urgent de r\u00e9inventer des partenariats globaux plus \u00e9quilibr\u00e9s et inclusifs. D\u2019o\u00f9 le multipolarisme. Ignorer ce changement pourrait mener l\u2019Occident, de Vancouver \u00e0 Varsovie, de Los Angeles \u00e0 Lisbonne, de Washington \u00e0 Paris, vers une marginalisation certaine dans un monde en pleine mutation.<\/p>\n<p>De ce qui pr\u00e9c\u00e8de, nous pouvons d\u00e9duire que l\u2019histoire moderne entre dans une \u00e8re de transformation o\u00f9 les peuples du Sud, anim\u00e9s par la d\u00e9termination et la qu\u00eate de libert\u00e9, se positionnent comme acteurs cl\u00e9s d\u2019un avenir prometteur. Tandis que l\u2019Occident se confronte \u00e0 ses propres d\u00e9fis et transitions, une nouvelle dynamique \u00e9merge, port\u00e9e par ceux qui choisissent de r\u00e9sister et d\u2019imaginer un monde renouvel\u00e9.<\/p>\n<p>On peut dire que cette dynamique moderne est un grand pas franchi vers la d\u00e9construction de l\u2019Empire du mensonge, Occident.<\/p>\n<p><a target=\"_blank\" href=\"https:\/\/reseauinternational.net\/author\/mlkaba\/\" target=\"_blank\" rel=\"noopener\" title=\"\">Mohamed Lamine Kaba<\/a><\/p>\n<p>source\u00a0: <a target=\"_blank\" href=\"https:\/\/journal-neo.su\/fr\/2025\/02\/13\/quand-le-terme-occident-devient-finalement-un-stigmate-plus-personne-ne-souhaite-sy-identifier\/\" target=\"_blank\" rel=\"noopener\" title=\"\">New Eastern Outlook<\/a><\/p>\n<div class=\"sharedaddy sd-block sd-like jetpack-likes-widget-wrapper jetpack-likes-widget-unloaded\" id=\"like-post-wrapper-237719536-443711-67af272fa9257\" data-src=\"https:\/\/widgets.wp.com\/likes\/?ver=14.2.1#blog_id=237719536&amp;post_id=443711&amp;origin=reseauinternational.net&amp;obj_id=237719536-443711-67af272fa9257&amp;n=1\" data-name=\"like-post-frame-237719536-443711-67af272fa9257\" data-title=\"Aimer ou rebloguer\">\n<h3 class=\"sd-title\">J\u2019aime \u00e7a\u00a0:<\/h3>\n<p><span class=\"button\"><span>J\u2019aime<\/span><\/span> <span class=\"loading\">chargement\u2026<\/span><\/p>\n<p><span class=\"sd-text-color\"\/><a target=\"_blank\" class=\"sd-link-color\"\/><\/div>\n<p><meta itemscope=\"\" itemprop=\"mainEntityOfPage\" itemtype=\"https:\/\/schema.org\/WebPage\" itemid=\"https:\/\/reseauinternational.net\/quand-le-terme-occident-devient-finalement-un-stigmate-plus-personne-ne-souhaite-sy-identifier\/\"\/><meta itemprop=\"headline\" content=\"Quand le terme \u00abOccident\u00bb devient finalement un stigmate, plus personne ne souhaite s\u2019y identifier\"\/><span style=\"display: none;\" itemprop=\"author\" itemscope=\"\" itemtype=\"https:\/\/schema.org\/Person\"><meta itemprop=\"name\" content=\"Mohamed Lamine Kaba\"\/><\/span><span style=\"display: none;\" itemprop=\"image\" itemscope=\"\" itemtype=\"https:\/\/schema.org\/ImageObject\"><meta itemprop=\"url\" content=\"https:\/\/i0.wp.com\/reseauinternational.net\/wp-content\/uploads\/2025\/02\/Sans-titre-7-8.png?fit=800%2C467&amp;quality=100&amp;ssl=1\"\/><meta itemprop=\"width\" content=\"800\"\/><meta itemprop=\"height\" content=\"467\"\/><\/span><span style=\"display: none;\" itemprop=\"publisher\" itemscope=\"\" itemtype=\"https:\/\/schema.org\/Organization\"><span style=\"display: none;\" itemprop=\"logo\" itemscope=\"\" itemtype=\"https:\/\/schema.org\/ImageObject\"><meta itemprop=\"url\" content=\"https:\/\/reseauinternational.net\/wp-content\/uploads\/2022\/06\/Capture-de\u0301cran-2022-06-14-a\u0300-16.51.07.png\"\/><\/span><meta itemprop=\"name\" content=\"Mohamed Lamine Kaba\"\/><\/span><meta itemprop=\"datePublished\" content=\"2025-02-14T06:31:33+00:00\"\/><meta itemprop=\"dateModified\" content=\"2025-02-14T06:32:01+00:00\"\/><\/div>\n<p><br \/>\n<br \/><a href=\"https:\/\/reseauinternational.net\/quand-le-terme-occident-devient-finalement-un-stigmate-plus-personne-ne-souhaite-sy-identifier\/\" target=\"_blank\"\">Source link <\/a><\/p>\n","protected":false},"excerpt":{"rendered":"<p>Soutenez R\u00e9seau International. Chers amis lecteurs, C\u2019est gr\u00e2ce \u00e0 vos dons que nous pouvons garder notre ind\u00e9pendance et\u00a0 vous fournir le meilleur de l\u2019information internationale alternative. Votre soutien nous est&hellip; <\/p>\n","protected":false},"author":1,"featured_media":2602,"comment_status":"open","ping_status":"open","sticky":false,"template":"","format":"standard","meta":{"footnotes":""},"categories":[1],"tags":[],"class_list":["post-2601","post","type-post","status-publish","format-standard","has-post-thumbnail","hentry","category-non-classe"],"_links":{"self":[{"href":"https:\/\/monde25.info\/index.php\/wp-json\/wp\/v2\/posts\/2601","targetHints":{"allow":["GET"]}}],"collection":[{"href":"https:\/\/monde25.info\/index.php\/wp-json\/wp\/v2\/posts"}],"about":[{"href":"https:\/\/monde25.info\/index.php\/wp-json\/wp\/v2\/types\/post"}],"author":[{"embeddable":true,"href":"https:\/\/monde25.info\/index.php\/wp-json\/wp\/v2\/users\/1"}],"replies":[{"embeddable":true,"href":"https:\/\/monde25.info\/index.php\/wp-json\/wp\/v2\/comments?post=2601"}],"version-history":[{"count":0,"href":"https:\/\/monde25.info\/index.php\/wp-json\/wp\/v2\/posts\/2601\/revisions"}],"wp:featuredmedia":[{"embeddable":true,"href":"https:\/\/monde25.info\/index.php\/wp-json\/wp\/v2\/media\/2602"}],"wp:attachment":[{"href":"https:\/\/monde25.info\/index.php\/wp-json\/wp\/v2\/media?parent=2601"}],"wp:term":[{"taxonomy":"category","embeddable":true,"href":"https:\/\/monde25.info\/index.php\/wp-json\/wp\/v2\/categories?post=2601"},{"taxonomy":"post_tag","embeddable":true,"href":"https:\/\/monde25.info\/index.php\/wp-json\/wp\/v2\/tags?post=2601"}],"curies":[{"name":"wp","href":"https:\/\/api.w.org\/{rel}","templated":true}]}}