{"id":2616,"date":"2025-02-14T17:45:39","date_gmt":"2025-02-14T16:45:39","guid":{"rendered":"https:\/\/monde25.info\/index.php\/2025\/02\/14\/un-projet-de-loi-liberticide-qui-renforce-les-pouvoirs-des-agents-sncf-et-ratp\/"},"modified":"2025-02-14T17:45:39","modified_gmt":"2025-02-14T16:45:39","slug":"un-projet-de-loi-liberticide-qui-renforce-les-pouvoirs-des-agents-sncf-et-ratp","status":"publish","type":"post","link":"https:\/\/monde25.info\/index.php\/2025\/02\/14\/un-projet-de-loi-liberticide-qui-renforce-les-pouvoirs-des-agents-sncf-et-ratp\/","title":{"rendered":"Un projet de loi liberticide qui renforce les pouvoirs des agents SNCF et RATP"},"content":{"rendered":"<p> <br \/>\n<\/p>\n<div>\n<p><strong>Le 11 f\u00e9vrier dernier, l&rsquo;Assembl\u00e9e nationale a adopt\u00e9 un texte sur la s\u00e9curit\u00e9 dans les transports, autorisant palpations et vid\u00e9osurveillance algorithmique. Si le gouvernement s&rsquo;en f\u00e9licite, la gauche d\u00e9nonce un projet \u00ab\u00a0liberticide\u00a0\u00bb et \u00ab\u00a0autoritaire\u00a0\u00bb.<\/strong><\/p>\n<p>On prend le train ORWELL ? Parmi les mesures phares de ce projet de loi, l\u2019autorisation pour les agents de la SNCF et de la RATP d\u2019effectuer des palpations sans l\u2019accord pr\u00e9alable des pr\u00e9fets, ainsi que le port de cam\u00e9ras-pi\u00e9tons pour les contr\u00f4leurs. Si les autorit\u00e9s saluent ces avanc\u00e9es, pour la gauche, c\u2019est un pas de plus vers la surveillance g\u00e9n\u00e9ralis\u00e9e. La d\u00e9put\u00e9e PS C\u00e9line Thi\u00e9bault-Martinez le dit clairement : \u00ab\u00a0C\u2019est un texte liberticide\u00a0\u00bb.<\/p>\n<p>Les critiques se sont intensifi\u00e9es autour de l&rsquo;extension de l\u2019exp\u00e9rimentation de la vid\u00e9osurveillance algorithmique (VSA), un dispositif test\u00e9 lors des Jeux olympiques de Paris. Cet amendement controvers\u00e9, qui devrait durer jusqu&rsquo;en 2027, permet \u00e0 des algorithmes d&rsquo;analyser en temps r\u00e9el les images de vid\u00e9osurveillance pour rep\u00e9rer des comportements suspects. Un syst\u00e8me jug\u00e9 par beaucoup comme un \u00ab\u00a0cavalier l\u00e9gislatif\u00a0\u00bb, en d\u00e9connexion avec l\u2019objectif de la loi, et une menace pour les libert\u00e9s individuelles. Pour l\u2019association <em>La Quadrature du Net<\/em>, l\u2019affaire est entendue : il faut supprimer cette mesure. Elle avait d\u00e9j\u00e0 <a target=\"_blank\" href=\"https:\/\/www.laquadrature.net\/wp-content\/uploads\/sites\/8\/2024\/12\/LQDN_PPL_Transports_Note_Biometrie-anon.pdf\">interpell\u00e9<\/a> les d\u00e9put\u00e9s \u00e0 ce sujet l&rsquo;ann\u00e9e derni\u00e8re.<\/p>\n<p>Et, les pouvoirs accrus des forces de s\u00e9curit\u00e9 ferroviaires ne s\u2019arr\u00eatent pas l\u00e0. L\u2019autorisation de porter un Taser, d\u00e9j\u00e0 valid\u00e9e, et l\u2019\u00e9largissement des zones d\u2019intervention des agents de s\u00e9curit\u00e9, notamment autour des gares, montrent un glissement dangereux vers une militarisation des espaces publics. Comme le rapporte l&rsquo;<em>AFP<\/em>, la d\u00e9put\u00e9e communiste Elsa Faucillon a exprim\u00e9 son inqui\u00e9tude sur cette \u00e9volution : \u00a0\u00bb L\u2019\u00e9largissement progressif et continu des pouvoirs des agents de la SNCF et de la RATP leur conf\u00e8re des responsabilit\u00e9s de plus en plus proches de ceux de la police nationale\u00a0\u00bb.<\/p>\n<p>Le train-train l\u00e9gislatif est loin d\u2019\u00eatre termin\u00e9, mais les prochaines \u00e9tapes risquent de cristalliser les tensions.<\/p>\n<\/div>\n<p><script>(function(d, s, id) {  var js, fjs = d.getElementsByTagName(s)[0];  if (d.getElementById(id)) return;  js = d.createElement(s); js.id = id;  js.src = \"\/\/connect.facebook.net\/fr_FR\/sdk.js#xfbml=1&version=v2.3\";  fjs.parentNode.insertBefore(js, fjs);}(document, \"script\", \"facebook-jssdk\"));<\/script><br \/>\n<br \/><br \/>\n<br \/><a href=\"https:\/\/www.francesoir.fr\/politique-france\/un-projet-de-loi-liberticide-qui-renforce-les-pouvoirs-des-agents-sncf-et-ratp\" target=\"_blank\"\">Source link <\/a><\/p>\n","protected":false},"excerpt":{"rendered":"<p>Le 11 f\u00e9vrier dernier, l&rsquo;Assembl\u00e9e nationale a adopt\u00e9 un texte sur la s\u00e9curit\u00e9 dans les transports, autorisant palpations et vid\u00e9osurveillance algorithmique. Si le gouvernement s&rsquo;en f\u00e9licite, la gauche d\u00e9nonce un&hellip; <\/p>\n","protected":false},"author":1,"featured_media":2617,"comment_status":"open","ping_status":"open","sticky":false,"template":"","format":"standard","meta":{"footnotes":""},"categories":[1],"tags":[],"class_list":["post-2616","post","type-post","status-publish","format-standard","has-post-thumbnail","hentry","category-non-classe"],"_links":{"self":[{"href":"https:\/\/monde25.info\/index.php\/wp-json\/wp\/v2\/posts\/2616","targetHints":{"allow":["GET"]}}],"collection":[{"href":"https:\/\/monde25.info\/index.php\/wp-json\/wp\/v2\/posts"}],"about":[{"href":"https:\/\/monde25.info\/index.php\/wp-json\/wp\/v2\/types\/post"}],"author":[{"embeddable":true,"href":"https:\/\/monde25.info\/index.php\/wp-json\/wp\/v2\/users\/1"}],"replies":[{"embeddable":true,"href":"https:\/\/monde25.info\/index.php\/wp-json\/wp\/v2\/comments?post=2616"}],"version-history":[{"count":0,"href":"https:\/\/monde25.info\/index.php\/wp-json\/wp\/v2\/posts\/2616\/revisions"}],"wp:featuredmedia":[{"embeddable":true,"href":"https:\/\/monde25.info\/index.php\/wp-json\/wp\/v2\/media\/2617"}],"wp:attachment":[{"href":"https:\/\/monde25.info\/index.php\/wp-json\/wp\/v2\/media?parent=2616"}],"wp:term":[{"taxonomy":"category","embeddable":true,"href":"https:\/\/monde25.info\/index.php\/wp-json\/wp\/v2\/categories?post=2616"},{"taxonomy":"post_tag","embeddable":true,"href":"https:\/\/monde25.info\/index.php\/wp-json\/wp\/v2\/tags?post=2616"}],"curies":[{"name":"wp","href":"https:\/\/api.w.org\/{rel}","templated":true}]}}